{"id":96986,"date":"2025-09-06T09:16:09","date_gmt":"2025-09-06T09:16:09","guid":{"rendered":"https:\/\/www.europesays.com\/es\/96986\/"},"modified":"2025-09-06T09:16:09","modified_gmt":"2025-09-06T09:16:09","slug":"marga-pol-lleva-su-arte-a-china","status":"publish","type":"post","link":"https:\/\/www.europesays.com\/es\/96986\/","title":{"rendered":"Marga Pol lleva su arte a China"},"content":{"rendered":"<p data-start=\"171\" data-end=\"515\"><strong data-start=\"171\" data-end=\"183\">El \u00e9xito<\/strong> es ese <strong data-start=\"191\" data-end=\"218\">oscuro objeto del deseo<\/strong> que transita por caminos inescrutables cuyas aristas y trampas pueblan el trayecto hacia la meta que todo artista persigue y cuya combinaci\u00f3n de <strong data-start=\"364\" data-end=\"413\">trabajo, inspiraci\u00f3n, talento y perseverancia<\/strong> no siempre ofrece la posibilidad de agarrarlo. <strong data-start=\"461\" data-end=\"514\">No siempre desemboca en el reconocimiento deseado<\/strong>.<\/p>\n<p data-start=\"517\" data-end=\"1138\">La <strong data-start=\"520\" data-end=\"538\">suerte influye<\/strong> como ese <strong data-start=\"548\" data-end=\"566\">maldito duende<\/strong> que se resiste a mostrarse y que es fundamental en todos los \u00f3rdenes de la vida. <strong data-start=\"648\" data-end=\"661\">Marga Pol<\/strong> (sa Pobla, 1978) es una artista en busca de ese <strong data-start=\"712\" data-end=\"764\">camino de la consagraci\u00f3n personal y profesional<\/strong>. <strong data-start=\"766\" data-end=\"844\">Trabaja en silencio. Trabaja sin descanso. Trabaja sin pensar que trabaja.<\/strong> Porque solo en el diccionario el \u00e9xito antecede al trabajo. En la vida real <strong data-start=\"921\" data-end=\"934\">no es as\u00ed<\/strong>. Y su intensa labor de a\u00f1os trasladando su imaginaci\u00f3n al lienzo ha dado como resultado esa recompensa esperada, ese <strong data-start=\"1052\" data-end=\"1096\">punto de dulzor que todo creador precisa<\/strong> en su carrera para renovar la motivaci\u00f3n.<\/p>\n<p><strong data-start=\"1149\" data-end=\"1175\">Certamen internacional<\/strong><\/p>\n<p data-start=\"1177\" data-end=\"1758\">La pintora result\u00f3 <strong data-start=\"1196\" data-end=\"1234\">ganadora en el apartado de pintura<\/strong> de la \u00faltima convocatoria que se ha llevado a cabo en Italia bajo la tutela de la <strong data-start=\"1317\" data-end=\"1338\">Laguna Arte Prize<\/strong>, un <strong data-start=\"1343\" data-end=\"1400\">concurso internacional de arte contempor\u00e1neo y dise\u00f1o<\/strong> que se celebra anualmente en <strong data-start=\"1430\" data-end=\"1441\">Venecia<\/strong> y busca promover y poner en valor a <strong data-start=\"1478\" data-end=\"1501\">artistas emergentes<\/strong> y mostrarlos al planeta. Fue <strong data-start=\"1531\" data-end=\"1572\">la mejor de trescientos participantes<\/strong> y el premio es <strong data-start=\"1588\" data-end=\"1609\">permanecer un mes<\/strong>, del <strong data-start=\"1615\" data-end=\"1651\">15 de octubre al 15 de noviembre<\/strong>, en la prestigiosa <strong data-start=\"1671\" data-end=\"1711\">residencia para artistas Hong Museum<\/strong> en <strong data-start=\"1715\" data-end=\"1724\">Zhuji<\/strong>, donde podr\u00e1 desarrollar su arte.<\/p>\n<p><img loading=\"lazy\" decoding=\"async\" src=\"https:\/\/www.europesays.com\/es\/wp-content\/uploads\/2025\/09\/3462043.jpg\" border=\"0\" alt=\"\" width=\"1600\" height=\"1222\"\/>&#13;<br \/>\nUna de las im\u00e1genes creadas de la imaginaci\u00f3n de la artista mallorquina.&#13;<\/p>\n<p data-start=\"1760\" data-end=\"2263\"><strong data-start=\"1760\" data-end=\"1773\">Marga Pol<\/strong>, adem\u00e1s de artista, es <strong data-start=\"1797\" data-end=\"1819\">dise\u00f1adora gr\u00e1fica<\/strong>. Su obra est\u00e1 concebida como un <strong data-start=\"1852\" data-end=\"1876\">mecanismo de defensa<\/strong>, un <strong data-start=\"1881\" data-end=\"1900\">diario personal<\/strong> que explora la <strong data-start=\"1916\" data-end=\"1952\">memoria y la identidad emocional<\/strong>. Ha participado en <strong data-start=\"1972\" data-end=\"2004\">exposiciones internacionales<\/strong> y este a\u00f1o llevar\u00e1 su trayectoria hasta <strong data-start=\"2045\" data-end=\"2057\">Shangh\u00e1i<\/strong>, ya que adem\u00e1s de permanecer en la residencia art\u00edstica gracias a su primera posici\u00f3n en el certamen art\u00edstico de Italia, tambi\u00e9n tendr\u00e1 la oportunidad de <strong data-start=\"2213\" data-end=\"2262\">exponer en el Shanghai Contemporary Art Month<\/strong>.<\/p>\n<p data-start=\"2265\" data-end=\"2387\">Durante el mes que permanecer\u00e1 en China, <strong data-start=\"2306\" data-end=\"2341\">se dedicar\u00e1 \u00fanicamente a pintar<\/strong> en un <strong data-start=\"2348\" data-end=\"2384\">ambiente art\u00edstico cien por cien<\/strong>. \u00ab<strong data-start=\"2391\" data-end=\"2750\">No soy consciente todav\u00eda de lo que supone todo esto. Es tan grande que a su vez es dif\u00edcil de asimilar. E<\/strong>s dar la mano al mercado del arte y adem\u00e1s en China, en una galer\u00eda <strong data-start=\"2391\" data-end=\"2750\">top, la m\u00e1s prestigiosa de Shanghai. Al final del mes tengo que dejar una obra y ser\u00e1 expuesta en una exposici\u00f3n multitudinaria donde mi pintura estar\u00e1 a la vista de miles de ojos<\/strong>\u00bb, relataba Marga.<\/p>\n<p data-start=\"2265\" data-end=\"2387\">La artista de <strong data-start=\"2784\" data-end=\"2796\">sa Pobla<\/strong> dirigi\u00f3 sus primeros pasos hacia el dise\u00f1o gr\u00e1fico pero, como ella misma dice: \u00ab<strong data-start=\"2881\" data-end=\"2980\">Me cans\u00e9 de estar delante de una pantalla y de eso hace 25 a\u00f1os, que son los que llevo pintando<\/strong>\u00bb, relata Marga.<\/p>\n<p data-start=\"2265\" data-end=\"2387\">Su estilo es <strong data-start=\"3011\" data-end=\"3023\">rompedor<\/strong> y eso es lo que m\u00e1s ha llamado la atenci\u00f3n en Italia, y que finalmente le ha valido para optar al premio final que le ha llevado a la <strong data-start=\"3158\" data-end=\"3183\">gran ruta hacia China<\/strong>. \u00abMi estilo es el arte de los locos, sucio dir\u00eda. No es una pintura acad\u00e9mica, no es la perfecci\u00f3n, es el arte de los solitarios, son trazos muy r\u00e1pidos, muy sucios como dice la misma palabra. Una manera de pintar m\u00e1s intuitiva que otra cosa. As\u00ed como me siento, pinto.<strong data-start=\"3463\" data-end=\"3587\">Yo no pinto para decorar, pinto para sentirme mejor. Para m\u00ed es terap\u00e9utico pintar, como digo es un mecanismo de defensa<\/strong>\u00bb, relata Marga.<\/p>\n","protected":false},"excerpt":{"rendered":"El \u00e9xito es ese oscuro objeto del deseo que transita por caminos inescrutables cuyas aristas y trampas pueblan&hellip;\n","protected":false},"author":2,"featured_media":96987,"comment_status":"","ping_status":"","sticky":false,"template":"","format":"standard","meta":{"footnotes":""},"categories":[173],"tags":[229,233,231,230,232,234,146,147,25,24,492,23,2922,1529],"class_list":{"0":"post-96986","1":"post","2":"type-post","3":"status-publish","4":"format-standard","5":"has-post-thumbnail","7":"category-arte-y-diseno","8":"tag-arte","9":"tag-arte-y-diseno","10":"tag-arts","11":"tag-arts-and-design","12":"tag-design","13":"tag-diseno","14":"tag-entertainment","15":"tag-entretenimiento","16":"tag-es","17":"tag-espana","18":"tag-sociedad","19":"tag-spain","20":"tag-tendencias","21":"tag-ultima-hora"},"share_on_mastodon":{"url":"","error":""},"_links":{"self":[{"href":"https:\/\/www.europesays.com\/es\/wp-json\/wp\/v2\/posts\/96986","targetHints":{"allow":["GET"]}}],"collection":[{"href":"https:\/\/www.europesays.com\/es\/wp-json\/wp\/v2\/posts"}],"about":[{"href":"https:\/\/www.europesays.com\/es\/wp-json\/wp\/v2\/types\/post"}],"author":[{"embeddable":true,"href":"https:\/\/www.europesays.com\/es\/wp-json\/wp\/v2\/users\/2"}],"replies":[{"embeddable":true,"href":"https:\/\/www.europesays.com\/es\/wp-json\/wp\/v2\/comments?post=96986"}],"version-history":[{"count":0,"href":"https:\/\/www.europesays.com\/es\/wp-json\/wp\/v2\/posts\/96986\/revisions"}],"wp:featuredmedia":[{"embeddable":true,"href":"https:\/\/www.europesays.com\/es\/wp-json\/wp\/v2\/media\/96987"}],"wp:attachment":[{"href":"https:\/\/www.europesays.com\/es\/wp-json\/wp\/v2\/media?parent=96986"}],"wp:term":[{"taxonomy":"category","embeddable":true,"href":"https:\/\/www.europesays.com\/es\/wp-json\/wp\/v2\/categories?post=96986"},{"taxonomy":"post_tag","embeddable":true,"href":"https:\/\/www.europesays.com\/es\/wp-json\/wp\/v2\/tags?post=96986"}],"curies":[{"name":"wp","href":"https:\/\/api.w.org\/{rel}","templated":true}]}}