{"id":97214,"date":"2025-09-06T11:47:09","date_gmt":"2025-09-06T11:47:09","guid":{"rendered":"https:\/\/www.europesays.com\/es\/97214\/"},"modified":"2025-09-06T11:47:09","modified_gmt":"2025-09-06T11:47:09","slug":"ciudad-real-prepara-su-regreso-a-la-liga-asobal-convirtiendo-el-quijote-arena-en-uno-de-los-mejores-pabellones-del-pais","status":"publish","type":"post","link":"https:\/\/www.europesays.com\/es\/97214\/","title":{"rendered":"Ciudad Real prepara su regreso a la Liga Asobal convirtiendo el Quijote Arena en \u00abuno de los mejores pabellones del pa\u00eds\u00bb"},"content":{"rendered":"<p class=\"paragraph\" id=\"paragraph_1\">El <strong>Quijote Arena volver\u00e1 a ser pabell\u00f3n de la Liga Asobal 14 a\u00f1os despu\u00e9s tras el ascenso del <a href=\"https:\/\/www.elespanol.com\/eldigitalcastillalamancha\/region\/ciudad-real\/20250525\/balonmano-caserio-asciende-liga-asobal-anos-despues-fin-conseguido\/1003743773527_0.html?utm_cmp_rs=linksinline\" rel=\"nofollow noopener\" target=\"_blank\">BM Caser\u00edo de Ciudad Real<\/a><\/strong>. De cara al inicio de temporada, el Ayuntamiento est\u00e1 llevando a cabo diferentes actuaciones para cumplir las exigencias que marca la categor\u00eda.<\/p>\n<p class=\"paragraph\" id=\"paragraph_2\">Este s\u00e1bado, el alcalde, <strong>Francisco Ca\u00f1izares<\/strong>, y el concejal de Deportes, <strong>Pau Beltr\u00e1n<\/strong>, han visitado el pabell\u00f3n para comprobar c\u00f3mo se est\u00e1 desarrollando la inversi\u00f3n.<\/p>\n<p class=\"paragraph\" id=\"paragraph_3\">Seg\u00fan ha detallado Beltr\u00e1n, se est\u00e1 instalando <strong>\u00abuna pista azul de goma, desmontable, certificada por Asobal, que cumple rigurosamente con todas las marcas establecidas por la IHF\u00bb.<\/strong><\/p>\n<p><img loading=\"lazy\" decoding=\"async\" alt=\"El Balonmano Caser\u00edo asciende a la Liga Asobal.\" height=\"180\" src=\"https:\/\/www.europesays.com\/es\/wp-content\/uploads\/2025\/09\/1003743773543_255879608_320x180.jpg\" width=\"320\" data-lazy-status=\"processed\" data-lazy-info=\"remove loading item 1\"\/><\/p>\n<p class=\"paragraph\" id=\"paragraph_4\">\u00abPr\u00f3ximamente, se proceder\u00e1 a la instalaci\u00f3n de los nuevos leds laterales y ya se ha reforzado el sistema de sonido y la iluminaci\u00f3n del aparcamiento. Tambi\u00e9n tendr\u00e1 nuevos videomarcadores. <strong>El coste total rondar\u00e1 los 200.000 euros, inversi\u00f3n que va a convertir el Quijote Arena en uno de los mejores pabellones de Espa\u00f1a<\/strong>\u00ab, ha asegurado.<\/p>\n<p class=\"paragraph\" id=\"paragraph_5\">Adem\u00e1s, ha aludido a otros 60.000 euros que se invirtieron para <strong>\u00abhacer reformas muy necesarias y urgentes, ante la dejadez del anterior equipo de Gobierno\u00bb.<\/strong><\/p>\n<p class=\"paragraph\" id=\"paragraph_6\">\u00abEste a\u00f1o se ha reforzado el compromiso con el deporte local con la colaboraci\u00f3n con el BM Caser\u00edo para otorgar un respaldo econ\u00f3mico de 200.000 euros de subvenci\u00f3n nominativa para la temporada 2025\/2026\u00bb, ha sentenciado.<\/p>\n<p>Ascenso a Asobal<\/p>\n<p class=\"paragraph\" id=\"paragraph_7\">Como inform\u00f3 EL ESPA\u00d1OL \u2013 EL DIGITAL CLM, El BM Caser\u00edo ascendi\u00f3 el pasado mes de mayo a la m\u00e1xima categor\u00eda nacional del balonmano masculino espa\u00f1ol <strong>14 a\u00f1os despu\u00e9s<\/strong> de la desaparici\u00f3n del BM Ciudad Real.<\/p>\n<p class=\"paragraph\" id=\"paragraph_8\"><strong>Su debut ser\u00e1 el pr\u00f3ximo viernes 12 de septiembre a las 20.30 horas ante el Bidasoa de Ir\u00fan<\/strong>. Su primer partido como local ser\u00e1 el 18 de septiembre ante el Cuenca, a la misma hora.<\/p>\n","protected":false},"excerpt":{"rendered":"El Quijote Arena volver\u00e1 a ser pabell\u00f3n de la Liga Asobal 14 a\u00f1os despu\u00e9s tras el ascenso del&hellip;\n","protected":false},"author":2,"featured_media":97215,"comment_status":"","ping_status":"","sticky":false,"template":"","format":"standard","meta":{"footnotes":""},"categories":[278],"tags":[376,4091,1940,168,25,24,375,23,167],"class_list":{"0":"post-97214","1":"post","2":"type-post","3":"status-publish","4":"format-standard","5":"has-post-thumbnail","7":"category-balonmano","8":"tag-balonmano","9":"tag-castilla-la-mancha","10":"tag-ciudad-real","11":"tag-deportes","12":"tag-es","13":"tag-espana","14":"tag-handball","15":"tag-spain","16":"tag-sports"},"share_on_mastodon":{"url":"","error":""},"_links":{"self":[{"href":"https:\/\/www.europesays.com\/es\/wp-json\/wp\/v2\/posts\/97214","targetHints":{"allow":["GET"]}}],"collection":[{"href":"https:\/\/www.europesays.com\/es\/wp-json\/wp\/v2\/posts"}],"about":[{"href":"https:\/\/www.europesays.com\/es\/wp-json\/wp\/v2\/types\/post"}],"author":[{"embeddable":true,"href":"https:\/\/www.europesays.com\/es\/wp-json\/wp\/v2\/users\/2"}],"replies":[{"embeddable":true,"href":"https:\/\/www.europesays.com\/es\/wp-json\/wp\/v2\/comments?post=97214"}],"version-history":[{"count":0,"href":"https:\/\/www.europesays.com\/es\/wp-json\/wp\/v2\/posts\/97214\/revisions"}],"wp:featuredmedia":[{"embeddable":true,"href":"https:\/\/www.europesays.com\/es\/wp-json\/wp\/v2\/media\/97215"}],"wp:attachment":[{"href":"https:\/\/www.europesays.com\/es\/wp-json\/wp\/v2\/media?parent=97214"}],"wp:term":[{"taxonomy":"category","embeddable":true,"href":"https:\/\/www.europesays.com\/es\/wp-json\/wp\/v2\/categories?post=97214"},{"taxonomy":"post_tag","embeddable":true,"href":"https:\/\/www.europesays.com\/es\/wp-json\/wp\/v2\/tags?post=97214"}],"curies":[{"name":"wp","href":"https:\/\/api.w.org\/{rel}","templated":true}]}}