{"id":97324,"date":"2025-09-06T13:02:10","date_gmt":"2025-09-06T13:02:10","guid":{"rendered":"https:\/\/www.europesays.com\/es\/97324\/"},"modified":"2025-09-06T13:02:10","modified_gmt":"2025-09-06T13:02:10","slug":"el-impacto-economico-de-la-vuelta-una-loteria-de-mas-de-250-000-euros-por-dia","status":"publish","type":"post","link":"https:\/\/www.europesays.com\/es\/97324\/","title":{"rendered":"El impacto econ\u00f3mico de la Vuelta, una loter\u00eda de m\u00e1s de 250.000 euros por d\u00eda"},"content":{"rendered":"<p class=\"paragraph\">Probablemente haya habido m\u00e1s personas siguiendo la pol\u00e9mica relativa al futuro <b>Gran Premio de F\u00f3rmula 1<\/b> en Madrid que forofos esperando la carrera. Y es que cada vez hay un mayor ruido en torno al impacto (econ\u00f3mico, social y medioambiental) que tienen los macroeventos deportivos sobre la vida local \u2013tambi\u00e9n, incluso, culturales si se tratan de conciertos y el escenario es el Santiago Bernab\u00e9u\u2013.<\/p>\n<p class=\"paragraph\">Los organizadores siempre hablan de cifras millonarias en t\u00e9rminos de retorno, pero el ciudadano de a pie suele poner el foco en la dinamizaci\u00f3n que supone en su rutina: la masificaci\u00f3n, el ruido y alguna que otra obra se convierten en su particular coctel molotov. En este terreno, el equilibrio entre beneficios y aceptaci\u00f3n social se rompe con facilidad, salvo una excepci\u00f3n de dos ruedas e inercia muscular: la <b>Vuelta Ciclista a Espa\u00f1a.<\/b><\/p>\n<p class=\"paragraph\">Su formato itinerante y su capacidad de llegar tanto a ciudades como al mundo rural le permite repartir riqueza por todo el territorio y evitar sobrepresiones en un \u00fanico destino. El idilio iniciado hace 90 a\u00f1os entre La Vuelta y las localidades espa\u00f1olas por las que discurre genera hoy un impacto estimado de 6,7 millones de euros por edici\u00f3n \u2013de los cuales, cerca del 80 % provienen de los diferentes patrocinios\u2013. Una cifra que ratifica el papel de la gran ronda como tractor econ\u00f3mico regional, con beneficios inmediatos \u2014mayor consumo y ocupaci\u00f3n hotelera\u2014 y efectos duraderos gracias a su proyecci\u00f3n nacional e internacional.<\/p>\n<p class=\"paragraph\">Se trata de una competici\u00f3n transparente y accesible, que ha levantado en torno a s\u00ed una imagen asociada al turismo sostenible y a los valores del deporte popular. Una narrativa que contrasta con la percepci\u00f3n que envuelve el premio F\u00f3rmula 1. \u00abLa Vuelta ha construido un relato de integraci\u00f3n territorial y valores tradicionales, mientras que la F1 ha derivado en un discurso politizado y con un enfoque elitista\u00bb, recuerda <b>Francisco Jos\u00e9 Pradana<\/b>, director de postgrado en la Universidad Europea y experto en comunicaci\u00f3n.<\/p>\n<p class=\"paragraph\">A lo largo de tres semanas, la Vuelta moviliza en torno a 3.000 personas que componen la caravana y genera alrededor de 250.000 euros diarios solo en hoteles y restaurantes. El Ayuntamiento de Bilbao calcul\u00f3 un beneficio econ\u00f3mico de un mill\u00f3n de euros en 2022 al acoger una meta y una salida, que casi alcanza los dos millones si se analiza la repercusi\u00f3n que tuvo en todo el Pa\u00eds Vasco. A estas cifras se suma un impacto publicitario total cercano a 100 millones y un considerable valor promocional dado que el pelot\u00f3n y sus equipos abren horizontes tur\u00edsticos en parajes menos conocidos, muchos de ellos vinculados a la llamada Espa\u00f1a vaciada.<\/p>\n<p class=\"paragraph\">De hecho, existen estudios que confirman que gran parte del p\u00fablico repite visita a los destinos descubiertos en el marco de la carrera. En esta l\u00ednea, Castilla y Le\u00f3n es una de las comunidades con mayor potencial para que los visitantes la descubran por la competici\u00f3n y regresen por la calidad de la localidad y las particularidades de sus parajes.<\/p>\n<p>El patrocinio, clave en cada pedalada<\/p>\n<p class=\"paragraph\">El modelo de financiaci\u00f3n de la ronda espa\u00f1ola se sostiene sobre dos pilares: el patrocinio privado y las aportaciones moderadas de las sedes. Carrefour es el principal patrocinador de la carrera, dando nombre al maillot de l\u00edder y asoci\u00e1ndose a los valores de cercan\u00eda y territorio que caracterizan al evento. A esto se suma el canon que pagan los ayuntamientos anfitriones (<b>entre 150.000 y 350.000 euros<\/b> por etapa), una cifra que contrasta con los millones que requiere organizar un Gran Premio de F\u00f3rmula 1.<\/p>\n<p>    <img decoding=\"async\" src=\"https:\/\/www.europesays.com\/es\/wp-content\/uploads\/2025\/08\/color_salmon.png\"  alt=\"MiDebate\" width=\"280px\" height=\"32px\" loading=\"lazy\"\/><\/p>\n<p class=\"lead\"><strong>Suscr\u00edbete y recibe<\/strong>, en tu correo electr\u00f3nico, un resumen semanal con lo m\u00e1s importante de la econom\u00eda<\/p>\n<p>  <a class=\"boton-usuario\" href=\"https:\/\/www.eldebate.com\/newsletters\/\" title=\"Reg\u00edstrate en nuestra newsletter Color salm\u00f3n\" rel=\"nofollow noopener\" target=\"_blank\">Suscr\u00edbete<\/a><\/p>\n<p class=\"paragraph\">Nos definen los valores de los que nos rodean o con los que nos asociamos si hablamos en clave empresarial. La multinacional francesa, que lleva acompa\u00f1ando al pelot\u00f3n 13 a\u00f1os, lo sabe y, en su rol de patrocinador, busca crear experiencias que pongan en valor la materia prima de cada etapa: quienes la habitan, lo que producen y el entorno que la envuelve. \u00abLa Vuelta es un punto de encuentro dado su car\u00e1cter democratizador y abierto a todo el mundo. M\u00e1s all\u00e1 de una competici\u00f3n deportiva, su hist\u00f3rico ha logrado crear un contexto que inspira a llevar una vida saludable y sostenible. Junto a los responsables de la Vuelta, trabajamos en reforzar el v\u00ednculo entre comunidades y territorios\u00bb.<\/p>\n<p>De Valencia a Madrid<\/p>\n<p class=\"paragraph\">La F\u00f3rmula 1 se apoya en una l\u00f3gica de concentraci\u00f3n: un fin de semana que moviliza cifras millonarias \u2013lejos de las del ciclismo\u2013, pero que exige inversiones p\u00fablicas de gran envergadura. A la vez, su rentabilidad depende de un modelo elitista basado en la venta de entradas premium y Hospitality VIP, lo que restringe su impacto social a unos pocos y aumenta la presi\u00f3n sobre los recursos p\u00fablicos.<\/p>\n<p class=\"paragraph\">En concreto, la celebraci\u00f3n del GP en territorio madrile\u00f1o ten\u00eda la intenci\u00f3n de que fuera financiado en su totalidad por un socio privado y se aseguraba que la competici\u00f3n llevar\u00eda a cabo \u00abcon la premisa de que no hubiera inversi\u00f3n de erario p\u00fablico\u00bb. Sin embargo, no solo no se ha encontrado promotor dispuesto a asumir el riesgo, sino que va a suponer gastos p\u00fablicos \u2013y no bajos\u2013. IFEMA es el socio local elegido como promotor y organizador, pero tambi\u00e9n una entidad consorciada por el Ayuntamiento y la Comunidad de Madrid.<\/p>\n<p class=\"paragraph\">Ambas instituciones son accionistas del centro ferial y, como tal, deben asumir los gastos que les correspondan. Unos gastos que, solo por las obras de construcci\u00f3n y habilitaci\u00f3n del espacio, rozar\u00edan los <b>200 millones de euros<\/b>, seg\u00fan previsiones \u2013teniendo en cuenta los 47,5 millones aprobados ya en el Pleno del Ayuntamiento el pasado mes de febrero\u2013. Intenci\u00f3n de socio privado.<\/p>\n<p>            <a href=\"#\" title=\"\"><br \/>\n                <img decoding=\"async\" loading=\"lazy\" width=\"120px\" height=\"90px\" alt=\"Imagen de recurso del centro comercial intu Xanad\u00fa\" src=\"https:\/\/imagenes.eldebate.com\/files\/related_image\/uploads\/2025\/08\/28\/68b08d70633c8.jpeg\" data-full-src=\"https:\/\/www.europesays.com\/es\/wp-content\/uploads\/2025\/09\/68b08d70633c8.jpeg\"\/><br \/>\n            <\/a><\/p>\n<p class=\"paragraph\">La experiencia valenciana es un recordatorio de los riesgos que entra\u00f1a este tipo de proyectos. Sin embargo, el ser humano es el \u00fanico animal que tropieza dos veces en la misma piedra. Lo que se present\u00f3 tambi\u00e9n como un evento sin coste p\u00fablico acab\u00f3 generando una factura superior a los 300 millones de euros y el rescate de la empresa organizadora. El circuito qued\u00f3 en desuso tras apenas cinco ediciones y la Generalitat asumi\u00f3 deudas que todav\u00eda pesan en las cuentas p\u00fablicas. Con esos antecedentes, las previsiones de gasto en Madrid auguran un escenario poco alentador si los ingresos privados no logran cubrir la inversi\u00f3n comprometida.<\/p>\n<p class=\"paragraph\">\u00abLa F1 que pretende proyectarse en Madrid ha ca\u00eddo en lo que llamamos \u201ccomunicaci\u00f3n reactiva defensiva\u00bb, explica el profesor Pradana. As\u00ed, el relato se ha construido sobre la justificaci\u00f3n y la confrontaci\u00f3n desde un primer momento. \u00abLa competici\u00f3n ha sido politizada y convertida en s\u00edmbolo de ese \u2018Madrid internacional\u2019 de Isabel D\u00edaz Ayuso, construyendo un proyecto m\u00e1s personal que com\u00fan que ha generado divisi\u00f3n. A su vez, carece de transparencia informativa: sin informes de impacto verificables, su comunicaci\u00f3n se ha basado en promesas no contrastadas que aseguran compensar generosamente los problemas que pueda generar\u00bb, concluye el experto.<\/p>\n","protected":false},"excerpt":{"rendered":"Probablemente haya habido m\u00e1s personas siguiendo la pol\u00e9mica relativa al futuro Gran Premio de F\u00f3rmula 1 en Madrid&hellip;\n","protected":false},"author":2,"featured_media":97325,"comment_status":"","ping_status":"","sticky":false,"template":"","format":"standard","meta":{"footnotes":""},"categories":[273],"tags":[313,312,168,25,24,23,167],"class_list":{"0":"post-97324","1":"post","2":"type-post","3":"status-publish","4":"format-standard","5":"has-post-thumbnail","7":"category-ciclismo","8":"tag-ciclismo","9":"tag-cycling","10":"tag-deportes","11":"tag-es","12":"tag-espana","13":"tag-spain","14":"tag-sports"},"share_on_mastodon":{"url":"","error":""},"_links":{"self":[{"href":"https:\/\/www.europesays.com\/es\/wp-json\/wp\/v2\/posts\/97324","targetHints":{"allow":["GET"]}}],"collection":[{"href":"https:\/\/www.europesays.com\/es\/wp-json\/wp\/v2\/posts"}],"about":[{"href":"https:\/\/www.europesays.com\/es\/wp-json\/wp\/v2\/types\/post"}],"author":[{"embeddable":true,"href":"https:\/\/www.europesays.com\/es\/wp-json\/wp\/v2\/users\/2"}],"replies":[{"embeddable":true,"href":"https:\/\/www.europesays.com\/es\/wp-json\/wp\/v2\/comments?post=97324"}],"version-history":[{"count":0,"href":"https:\/\/www.europesays.com\/es\/wp-json\/wp\/v2\/posts\/97324\/revisions"}],"wp:featuredmedia":[{"embeddable":true,"href":"https:\/\/www.europesays.com\/es\/wp-json\/wp\/v2\/media\/97325"}],"wp:attachment":[{"href":"https:\/\/www.europesays.com\/es\/wp-json\/wp\/v2\/media?parent=97324"}],"wp:term":[{"taxonomy":"category","embeddable":true,"href":"https:\/\/www.europesays.com\/es\/wp-json\/wp\/v2\/categories?post=97324"},{"taxonomy":"post_tag","embeddable":true,"href":"https:\/\/www.europesays.com\/es\/wp-json\/wp\/v2\/tags?post=97324"}],"curies":[{"name":"wp","href":"https:\/\/api.w.org\/{rel}","templated":true}]}}