{"id":97419,"date":"2025-09-06T14:11:08","date_gmt":"2025-09-06T14:11:08","guid":{"rendered":"https:\/\/www.europesays.com\/es\/97419\/"},"modified":"2025-09-06T14:11:08","modified_gmt":"2025-09-06T14:11:08","slug":"perfil-recorrido-horario-y-donde-ver-hoy-en-tv-y-online-en-directo","status":"publish","type":"post","link":"https:\/\/www.europesays.com\/es\/97419\/","title":{"rendered":"perfil, recorrido, horario y d\u00f3nde ver hoy en TV y online, en directo"},"content":{"rendered":"<p data-mrf-recirculation=\"Links P\u00e1rrafos\" class=\"ue-c-article__paragraph paragraph ue-c-article--first-letter-highlighted\">Tras dos d\u00edas de alt\u00edsima monta\u00f1a en Asturias, la Vuelta afronta este domingo una etapa de media monta\u00f1a que puede resultar m\u00e1s peligrosa de lo que aparenta. El recorrido entre A Veiga\/Vegadeo y Monforte de Lemos ofrece terreno para la batalla de los cazadores de etapas, sin descartar movimientos estrat\u00e9gicos en la general antes de la segunda jornada de descanso.<\/p>\n<p>Horario de la 15\u00aa etapa de La Vuelta<\/p>\n<p data-mrf-recirculation=\"Links P\u00e1rrafos\" class=\"ue-c-article__paragraph paragraph\">Ser\u00e1n <strong>167,8 km con 3.287 metros <\/strong>de desnivel positivo (D+), una jornada con varias ascensiones intermedias que pueden seleccionar la carrera desde lejos.<\/p>\n<p data-mrf-recirculation=\"Links P\u00e1rrafos\" class=\"ue-c-article__paragraph paragraph\">La <strong>salida <\/strong>est\u00e1 prevista en A Veiga\/Vegadeo a las <strong>13:25<\/strong>, con llegada estimada en Monforte de Lemos alrededor de las <strong>17:30<\/strong>. En Espa\u00f1a, la etapa podr\u00e1 seguirse en <strong>RTVE y Eurosport<\/strong>, mientras que los comentarios, actualizaciones y cr\u00f3nicas estar\u00e1n disponibles en <strong>MARCA.com y Radio MARCA.<\/strong><\/p>\n<p>Perfil de la etapa 15<\/p>\n<p data-mrf-recirculation=\"Links P\u00e1rrafos\" class=\"ue-c-article__paragraph paragraph\">El recorrido presenta un <strong>arranque exigente <\/strong>con el Puerto de A Garganta (1\u00aa categor\u00eda, 875 m) en los primeros compases, seguido por el Alto de Barbeitos (2\u00aa categor\u00eda, 925 m).<\/p>\n<p><img decoding=\"async\" width=\"1980\" height=\"1000\" class=\"ue-c-article__image lazyload\" alt=\"Perfil La Vuelta 15.\" loading=\"lazy\" src=\"https:\/\/www.europesays.com\/es\/wp-content\/uploads\/2025\/09\/6889d5fe0a6d0.jpeg\"\/><\/p>\n<p>Perfil La Vuelta 15.<\/p>\n<p data-mrf-recirculation=\"Links P\u00e1rrafos\" class=\"ue-c-article__paragraph paragraph\">Tras un terreno de continuos sube y baja, la carrera atraviesa O C\u00e1davo y Castroverde antes de encarar el <strong>sprint intermedio <\/strong>en A Pobra de San Xiao. El final en Monforte de Lemos (294 m) es m\u00e1s favorable para los corredores potentes que logren sobrevivir a los puertos iniciales.<\/p>\n<p data-mrf-recirculation=\"Links P\u00e1rrafos\" class=\"ue-c-article__paragraph paragraph\">Etapa ideal para una <strong>escapada con opciones <\/strong>reales de victoria, aunque la fatiga acumulada puede abrir la puerta a sorpresas en la general. Los favoritos tratar\u00e1n de guardar fuerzas, pero el terreno quebrado y la longitud de la etapa obligar\u00e1n a estar atentos a cualquier movimiento.<\/p>\n","protected":false},"excerpt":{"rendered":"Tras dos d\u00edas de alt\u00edsima monta\u00f1a en Asturias, la Vuelta afronta este domingo una etapa de media monta\u00f1a&hellip;\n","protected":false},"author":2,"featured_media":97420,"comment_status":"","ping_status":"","sticky":false,"template":"","format":"standard","meta":{"footnotes":""},"categories":[273],"tags":[313,312,168,25,24,23,167],"class_list":{"0":"post-97419","1":"post","2":"type-post","3":"status-publish","4":"format-standard","5":"has-post-thumbnail","7":"category-ciclismo","8":"tag-ciclismo","9":"tag-cycling","10":"tag-deportes","11":"tag-es","12":"tag-espana","13":"tag-spain","14":"tag-sports"},"share_on_mastodon":{"url":"","error":""},"_links":{"self":[{"href":"https:\/\/www.europesays.com\/es\/wp-json\/wp\/v2\/posts\/97419","targetHints":{"allow":["GET"]}}],"collection":[{"href":"https:\/\/www.europesays.com\/es\/wp-json\/wp\/v2\/posts"}],"about":[{"href":"https:\/\/www.europesays.com\/es\/wp-json\/wp\/v2\/types\/post"}],"author":[{"embeddable":true,"href":"https:\/\/www.europesays.com\/es\/wp-json\/wp\/v2\/users\/2"}],"replies":[{"embeddable":true,"href":"https:\/\/www.europesays.com\/es\/wp-json\/wp\/v2\/comments?post=97419"}],"version-history":[{"count":0,"href":"https:\/\/www.europesays.com\/es\/wp-json\/wp\/v2\/posts\/97419\/revisions"}],"wp:featuredmedia":[{"embeddable":true,"href":"https:\/\/www.europesays.com\/es\/wp-json\/wp\/v2\/media\/97420"}],"wp:attachment":[{"href":"https:\/\/www.europesays.com\/es\/wp-json\/wp\/v2\/media?parent=97419"}],"wp:term":[{"taxonomy":"category","embeddable":true,"href":"https:\/\/www.europesays.com\/es\/wp-json\/wp\/v2\/categories?post=97419"},{"taxonomy":"post_tag","embeddable":true,"href":"https:\/\/www.europesays.com\/es\/wp-json\/wp\/v2\/tags?post=97419"}],"curies":[{"name":"wp","href":"https:\/\/api.w.org\/{rel}","templated":true}]}}