{"id":97424,"date":"2025-09-06T14:14:11","date_gmt":"2025-09-06T14:14:11","guid":{"rendered":"https:\/\/www.europesays.com\/es\/97424\/"},"modified":"2025-09-06T14:14:11","modified_gmt":"2025-09-06T14:14:11","slug":"gonzalo-petit-anota-y-asiste-con-el-mirandes","status":"publish","type":"post","link":"https:\/\/www.europesays.com\/es\/97424\/","title":{"rendered":"Gonzalo Petit anota y asiste con el Mirand\u00e9s"},"content":{"rendered":"<p class=\"voc-pretitle\">\nBetis\n<\/p>\n<p>El delantero uruguayo, cedido por el Betis, suma ya dos goles<\/p>\n<p><img fetchpriority=\"high\" class=\"voc-img\" src=\"https:\/\/www.europesays.com\/es\/wp-content\/uploads\/2025\/09\/e9695532-0715-42d6-afeb-23811d0c5304-651-RttVvsZFFuPIiLhMbM4xb2O-1200x840@diario_abc.jpg\" loading=\"eager\" decoding=\"async\" alt=\"Gonzalo Petit celebra la victoria del Mirand\u00e9s\" width=\"1200\" height=\"840\"\/><\/p>\n<p>Gonzalo Petit celebra la victoria del Mirand\u00e9s    LaLiga  <\/p>\n<p><img decoding=\"async\" class=\"voc-author__img\" src=\"https:\/\/www.europesays.com\/es\/wp-content\/uploads\/2025\/08\/autor-6269-foto-5.jpeg\" alt=\"Nacho P\u00e9rez\"\/><\/p>\n<p>06\/09\/2025<br \/>\n<br \/><strong><br \/>\nActualizado a las 13:21h.<br \/>\n<\/strong><\/p>\n<p class=\"voc-p\" style=\"\">El <strong>Betis<\/strong> incorpor\u00f3 durante el mercado de fichajes a <strong>Gonzalo Petit<\/strong>. El delantero uruguayo de apenas <strong>18 a\u00f1os<\/strong> lleg\u00f3 al club verdiblanco procedente del <strong>Nacional de Montevideo<\/strong> considerado como una gran promesa. Con el objetivo de evitar que el futbolista no tuviera continuidad, el Betis decidi\u00f3 <a href=\"https:\/\/www.abc.es\/deportes\/alfinaldelapalmera\/fichajes-betis\/oficial-betis-cede-gonzalo-petit-mirandes-20250808184312-nts.html\" target=\"_self\" data-voc-vtm-id=\"in-text-traffic\" title=\"ceder al jugador al Mirand\u00e9s\" data-mrf-link=\"www.abc.es\" rel=\"nofollow noopener\">ceder al jugador al Mirand\u00e9s<\/a>, y el punta no est\u00e1 tardando en destacar en la categor\u00eda de plata del f\u00fatbol espa\u00f1ol. <\/p>\n<p class=\"voc-p\" style=\"\">En la noche del viernes Gonzalo Petit <strong>anot\u00f3 su segundo gol como futbolista del Mirand\u00e9s<\/strong>. Pese a comenzar siendo suplente, el charr\u00faa aprovech\u00f3 su oportunidad y apenas un minuto despu\u00e9s de haber entrado al partido consigui\u00f3 celebrar el moment\u00e1neo 0-3 para su equipo. <\/p>\n<p class=\"voc-p\" style=\"\">Su aportaci\u00f3n al equipo no qued\u00f3 ah\u00ed, ya que <strong>en el descuento asisti\u00f3 a Pablo L\u00f3pez<\/strong> para que pusiera en el marcador el definitivo 1-4 con el que concluy\u00f3 el encuentro entre el Mirand\u00e9s y el Albacete en el Carlos Belmonte. <\/p>\n<p class=\"voc-p\" style=\"\">Petit ya anot\u00f3 su primer gol con el Mirand\u00e9s en la jornada precedente. Enlaza ahora dos partidos consecutivos viendo porter\u00eda habiendo sido curiosamente suplente en ambos duelos contrariamente a lo que sucedi\u00f3 en las dos primeras jornadas en las que fue titular y no logr\u00f3 marcar. <\/p>\n<p>Reportar un error<\/p>\n","protected":false},"excerpt":{"rendered":"Betis El delantero uruguayo, cedido por el Betis, suma ya dos goles Gonzalo Petit celebra la victoria del&hellip;\n","protected":false},"author":2,"featured_media":97425,"comment_status":"","ping_status":"","sticky":false,"template":"","format":"standard","meta":{"footnotes":""},"categories":[268],"tags":[12393,16512,168,25,24,280,282,4799,6922,13669,281,23,167],"class_list":{"0":"post-97424","1":"post","2":"type-post","3":"status-publish","4":"format-standard","5":"has-post-thumbnail","7":"category-futbol","8":"tag-anota","9":"tag-asiste","10":"tag-deportes","11":"tag-es","12":"tag-espana","13":"tag-football","14":"tag-futbol","15":"tag-gonzalo","16":"tag-mirandes","17":"tag-petit","18":"tag-soccer","19":"tag-spain","20":"tag-sports"},"share_on_mastodon":{"url":"","error":""},"_links":{"self":[{"href":"https:\/\/www.europesays.com\/es\/wp-json\/wp\/v2\/posts\/97424","targetHints":{"allow":["GET"]}}],"collection":[{"href":"https:\/\/www.europesays.com\/es\/wp-json\/wp\/v2\/posts"}],"about":[{"href":"https:\/\/www.europesays.com\/es\/wp-json\/wp\/v2\/types\/post"}],"author":[{"embeddable":true,"href":"https:\/\/www.europesays.com\/es\/wp-json\/wp\/v2\/users\/2"}],"replies":[{"embeddable":true,"href":"https:\/\/www.europesays.com\/es\/wp-json\/wp\/v2\/comments?post=97424"}],"version-history":[{"count":0,"href":"https:\/\/www.europesays.com\/es\/wp-json\/wp\/v2\/posts\/97424\/revisions"}],"wp:featuredmedia":[{"embeddable":true,"href":"https:\/\/www.europesays.com\/es\/wp-json\/wp\/v2\/media\/97425"}],"wp:attachment":[{"href":"https:\/\/www.europesays.com\/es\/wp-json\/wp\/v2\/media?parent=97424"}],"wp:term":[{"taxonomy":"category","embeddable":true,"href":"https:\/\/www.europesays.com\/es\/wp-json\/wp\/v2\/categories?post=97424"},{"taxonomy":"post_tag","embeddable":true,"href":"https:\/\/www.europesays.com\/es\/wp-json\/wp\/v2\/tags?post=97424"}],"curies":[{"name":"wp","href":"https:\/\/api.w.org\/{rel}","templated":true}]}}