{"id":97720,"date":"2025-09-06T17:42:09","date_gmt":"2025-09-06T17:42:09","guid":{"rendered":"https:\/\/www.europesays.com\/es\/97720\/"},"modified":"2025-09-06T17:42:09","modified_gmt":"2025-09-06T17:42:09","slug":"muere-mark-volman-de-the-turtles-el-cantante-de-happy-together","status":"publish","type":"post","link":"https:\/\/www.europesays.com\/es\/97720\/","title":{"rendered":"Muere Mark Volman de The Turtles, el cantante de &#8216;Happy Together&#8217;"},"content":{"rendered":"<p><img decoding=\"async\" class=\"voc-author__img\" src=\"https:\/\/www.europesays.com\/es\/wp-content\/uploads\/2025\/07\/autor-1610-foto-3.jpeg\" alt=\"Nacho Serrano\"\/><\/p>\n<p>06\/09\/2025<br \/>\n<br \/><strong><br \/>\nActualizado a las 14:39h.<br \/>\n<\/strong><\/p>\n<p class=\"voc-p\" style=\"\">Este viernes ha fallecido a los 78 a\u00f1os <strong>Mark Volman<\/strong>, cofundador de la banda de estadounidense <a href=\"https:\/\/www.abc.es\/cultura\/musica\/20130226\/abci-turtles-jukebox-historia-201302251156.html\" target=\"_blank\" data-voc-vtm-id=\"in-text-traffic\" title=\"The Turtles\" data-mrf-link=\"www.abc.es\" rel=\"nofollow noopener\">The Turtles<\/a> y cantante del \u00e9xito de 1967 &#8216;Happy Together&#8217;, una de las canciones m\u00e1s famosas de la historia del pop, que ha sonado en infinidad de pel\u00edculas, bodas y todo tipo de celebraciones a lo largo y ancho del mundo durante estos casi sesenta a\u00f1os.<\/p>\n<p class=\"voc-p\" style=\"\">El artista ha fallecido despu\u00e9s de una breve e inesperada enfermedad en la ciudad de Nashville, en el estado de Tennessee, seg\u00fan inform\u00f3 un representante del artista a la revista People. Volman fue diagnosticado de <strong>demencia de cuerpos de Lewy<\/strong> en 2020, un trastorno neurol\u00f3gico progresivo que genera alucinaciones, temblores y dificultades para concentrarse. Pero no revel\u00f3 su enfermedad hasta 2023, cuando escribi\u00f3 sus memorias de largu\u00edsimo t\u00edtulo, &#8216;Happy Forever: My Musical Adventures With The Turtles, Frank Zappa, T. Rex, Flo &amp; Eddie, and More&#8217;.<\/p>\n<p class=\"voc-p\" style=\"\">Nacido en Los \u00c1ngeles en 1947, Volman comenz\u00f3 a tocar m\u00fasica y a actuar a una edad temprana. Tras graduarse en el instituto Westchester High School en 1965, fund\u00f3 el grupo The Turtles junto con Howard Kaylan, el guitarrista principal Al Nichol, el guitarrista r\u00edtmico Jim Tucker, el bajista Chuck Portz y el baterista Don Murray.<\/p>\n<p class=\"voc-p\" style=\"\">Tuvieron sus primer \u00e9xitos con &#8216;Elenore&#8217; y con una versi\u00f3n de &#8216;It Ain&#8217;t Me Babe&#8217; de Bob Dylan, pero fue en 1967 cuando alcanzaron la fama internacional con &#8216;Happy Together&#8217;, que lleg\u00f3 al <strong>n\u00famero uno de las listas estadounidenses<\/strong>. Fue el primer gran \u00e9xito de la banda en Gran Breta\u00f1a, donde alcanz\u00f3 el puesto n\u00famero 12, y tambi\u00e9n se convirti\u00f3 en un \u00e9xito Top 10 en Australia, Canad\u00e1, Malasia, M\u00e9xico, Nueva Zelanda, Singapur y Espa\u00f1a.<\/p>\n<p class=\"voc-p\" style=\"\">The Turtles se separaron en 1970, lo que llev\u00f3 a Volman y Kaylan a formar Flo &amp; Eddie. Como d\u00fao musical, realizaron giras con Frank Zappa&#8217;s Mothers of Invention y crearon pistas de fondo para varios artistas, desde T. Rex (en &#8216;Bang a Gong (Get It On)&#8217;) hasta Bruce Springsteen (&#8216;Hungry Heart&#8217;). Tambi\u00e9n crearon m\u00fasica para televisi\u00f3n, en particular para la serie infantil &#8216;Strawberry Shortcake&#8217;.<\/p>\n<p class=\"voc-p\" style=\"\">Cuando estaba cerca de cumplir los 50 a\u00f1os, Volman volvi\u00f3 a la universidad para terminar su licenciatura en la Universidad Loyola Marymount. Se gradu\u00f3 en 1997 y luego hizo un m\u00e1ster en Bellas Artes en 1999. Despu\u00e9s empez\u00f3 a dar clases de negocios musicales en la universidad, sobre todo en la Universidad Belmont de Nashville.<\/p>\n<p class=\"voc-p\" style=\"\">Cuando recibi\u00f3 el diagn\u00f3stico de demencia, Volman confes\u00f3: \u00abMe di cuenta de que esto iba a suponer un cambio radical en mi vida. Y me dije: \u00abVale, pase lo que pase, lo har\u00e9 lo mejor que pueda\u00bb. Los retos de este mundo nos afectan a todos, y ha sido divertido estar al otro lado de un reto como este y decir: \u00abMe siento bien\u00bb. Mis amigos est\u00e1n aqu\u00ed. Yo sigo aqu\u00ed. Y quiero que la gente conecte conmigo\u00bb\u00bb. <\/p>\n<p class=\"voc-p\" style=\"\">Con medicaci\u00f3n para controlar sus temblores y alucinaciones, Volman sigui\u00f3 actuando en la gira &#8216;Happy Together&#8217;, un festival anual de m\u00fasica de los a\u00f1os 60 en el que Volman y The Turtles (sin Kaylan, que ha dejado de salir de gira por problemas de salud) son los cabezas de cartel.<\/p>\n<p>Reportar un error<\/p>\n","protected":false},"excerpt":{"rendered":"06\/09\/2025 Actualizado a las 14:39h. Este viernes ha fallecido a los 78 a\u00f1os Mark Volman, cofundador de la&hellip;\n","protected":false},"author":2,"featured_media":97721,"comment_status":"","ping_status":"","sticky":false,"template":"","format":"standard","meta":{"footnotes":""},"categories":[174],"tags":[4328,255,146,147,25,24,256,9379,21665,8938,23,3498,30353,34947,34504],"class_list":{"0":"post-97720","1":"post","2":"type-post","3":"status-publish","4":"format-standard","5":"has-post-thumbnail","7":"category-famosos","8":"tag-cantante","9":"tag-celebrities","10":"tag-entertainment","11":"tag-entretenimiento","12":"tag-es","13":"tag-espana","14":"tag-famosos","15":"tag-happy","16":"tag-mark","17":"tag-muere","18":"tag-spain","19":"tag-the","20":"tag-together","21":"tag-turtles","22":"tag-volman"},"share_on_mastodon":{"url":"","error":""},"_links":{"self":[{"href":"https:\/\/www.europesays.com\/es\/wp-json\/wp\/v2\/posts\/97720","targetHints":{"allow":["GET"]}}],"collection":[{"href":"https:\/\/www.europesays.com\/es\/wp-json\/wp\/v2\/posts"}],"about":[{"href":"https:\/\/www.europesays.com\/es\/wp-json\/wp\/v2\/types\/post"}],"author":[{"embeddable":true,"href":"https:\/\/www.europesays.com\/es\/wp-json\/wp\/v2\/users\/2"}],"replies":[{"embeddable":true,"href":"https:\/\/www.europesays.com\/es\/wp-json\/wp\/v2\/comments?post=97720"}],"version-history":[{"count":0,"href":"https:\/\/www.europesays.com\/es\/wp-json\/wp\/v2\/posts\/97720\/revisions"}],"wp:featuredmedia":[{"embeddable":true,"href":"https:\/\/www.europesays.com\/es\/wp-json\/wp\/v2\/media\/97721"}],"wp:attachment":[{"href":"https:\/\/www.europesays.com\/es\/wp-json\/wp\/v2\/media?parent=97720"}],"wp:term":[{"taxonomy":"category","embeddable":true,"href":"https:\/\/www.europesays.com\/es\/wp-json\/wp\/v2\/categories?post=97720"},{"taxonomy":"post_tag","embeddable":true,"href":"https:\/\/www.europesays.com\/es\/wp-json\/wp\/v2\/tags?post=97720"}],"curies":[{"name":"wp","href":"https:\/\/api.w.org\/{rel}","templated":true}]}}