{"id":97836,"date":"2025-09-06T18:59:04","date_gmt":"2025-09-06T18:59:04","guid":{"rendered":"https:\/\/www.europesays.com\/es\/97836\/"},"modified":"2025-09-06T18:59:04","modified_gmt":"2025-09-06T18:59:04","slug":"el-adios-a-la-duquesa-de-kent-hace-historia-un-funeral-catolico-con-la-presencia-de-los-reyes-carlos-iii-y-camilla","status":"publish","type":"post","link":"https:\/\/www.europesays.com\/es\/97836\/","title":{"rendered":"El adi\u00f3s a la duquesa de Kent hace historia: un funeral cat\u00f3lico con la presencia de los reyes Carlos III y Camilla"},"content":{"rendered":"<p><a href=\"https:\/\/www.revistavanityfair.es\/articulos\/catalina-duquesa-de-kent-estilo\" rel=\"nofollow noopener\" target=\"_blank\"><strong>Katharine Worsley<\/strong><\/a>\u00a0hizo historia en varias ocasiones desde que lleg\u00f3 a la <a href=\"https:\/\/www.revistavanityfair.es\/articulos\/familia-real-britanica-todo-lo-que-necesitas-saber-integrantes-arbol-genealogico-orden-sucesion\" rel=\"nofollow noopener\" target=\"_blank\">familia real brit\u00e1nica<\/a> por amor. La chica de Yorkshire, la cuarta hija y \u00fanica mujer de William Arthington Worsley, lord teniente, y Joyce Morgan Brunner, miembro de una familia industrial, conoci\u00f3 al primo de <a href=\"https:\/\/www.revistavanityfair.es\/tags\/isabel-ii\" rel=\"nofollow noopener\" target=\"_blank\"><strong>Isabel II<\/strong><\/a>, el <a href=\"https:\/\/www.revistavanityfair.es\/realeza\/articulos\/quien-es-el-duque-de-kent-el-primo-de-la-reina-isabel-que-ocupara-el-lugar-del-duque-de-edimburgo-en-el-trooping-the-colour\/50281\" rel=\"nofollow noopener\" target=\"_blank\">pr\u00edncipe Eduardo<\/a>, cuando lo destinaron a Hovington Hall, la casa de la infancia de Katherine y la vivienda de su padre. <a href=\"https:\/\/www.revistavanityfair.es\/articulos\/boda-duques-de-kent-juan-carlos-sofia\" rel=\"nofollow noopener\" target=\"_blank\">Su boda<\/a> en 1961, en la que se dice que surgi\u00f3 la chispa entre Juan Carlos I y do\u00f1a Sof\u00eda, rompi\u00f3 siglos de historia: en lugar de casarse en la abad\u00eda de Westminster o una capilla de Windsor, se dieron el \u2018s\u00ed, quiero, en Yorkshire, el condado que vio nacer su amor donde no se celebraba una boda real desde hac\u00eda 600 a\u00f1os.<\/p>\n<p>Volver\u00eda a cambiar las cosas unas cuantas veces m\u00e1s: <strong>en 1997 se convirti\u00f3 al catolicismo<\/strong> siendo la primera royal en hacerlo desde 1701. En 2002, decidi\u00f3 <strong>retirarse de la vida p\u00fablica<\/strong> y dej\u00f3 de utilizar el tratamiento de Alteza Real. Ella, que con el pr\u00edncipe Eduardo hab\u00eda sido uno de los miembros m\u00e1s activos de la familia real brit\u00e1nica, quiso dedicarse a su pasi\u00f3n: <strong>la m\u00fasica y la docencia<\/strong> como profesora en una escuela primaria. Con su muerte a los 92 a\u00f1os vuelve a marcar un punto y aparte en la familia real brit\u00e1nica.<\/p>\n<p>El Palacio de Buckingham ha revelado este s\u00e1bado cu\u00e1ndo y c\u00f3mo ser\u00e1 su despedida en la que se har\u00e1n las cosas a su manera una vez m\u00e1s. El <strong>funeral tendr\u00e1 lugar el 16 de septiembre<\/strong> a las dos de la tarde (hora brit\u00e1nica) en la <strong>catedral cat\u00f3lica de Westminster,<\/strong> donde en la v\u00edspera se llevar\u00e1 a cabo el rito de recepci\u00f3n previo a la misa de despedida para pasar la noche en la Capilla de la Virgen. Antes del funeral, el f\u00e9retro reposar\u00e1 en la <strong>capilla privada del Palacio de Kensington<\/strong>, un lugar seguramente especial para la difunta duquesa.<\/p>\n<p>Los duques de Kent se trasladaron a Kensington en 1997, en concreto a <strong>Wren House<\/strong>, su residencia oficial desde entonces. Llegaban a esta casa de dos plantas y cinco habitaciones desde York House, en el Palacio de St. James, tras pasar la primera d\u00e9cada de casados en Coppins, la granja del siglo XIX cerca de Windsor donde nacieron sus tres hijos, George \u2014padre de <a href=\"https:\/\/www.revistavanityfair.es\/tags\/amelia-windsor\" rel=\"nofollow noopener\" target=\"_blank\">Amelia Windsor<\/a>\u2014, Helen Taylor y Nicholas Windsor. En su primera casa de Londres super\u00f3 algunas de las grandes dificultades de su vida, como un aborto en 1975 y el nacimiento de un beb\u00e9 muerto dos a\u00f1os despu\u00e9s. De la depresi\u00f3n por la que atraves\u00f3 habl\u00f3 a\u00f1os despu\u00e9s en The Daily Telegraph. Pocos se atrev\u00edan entonces a hacerlo, menos un miembro de la realeza.<\/p>\n<p>El de la duquesa de Kent ser\u00e1 el <strong>primer funeral real cat\u00f3lico<\/strong> que acoja esta catedral desde su construcci\u00f3n en 1903 y el primero de esta confesi\u00f3n religiosa en el reinado de Carlos III. <strong>El rey y la reina asistir\u00e1n<\/strong> para despedir a la discreta duquesa acompa\u00f1ados por <strong>otros miembros de la familia real brit\u00e1nica<\/strong> que el palacio a\u00fan no ha revelado.<\/p>\n<p>Tras el funeral oficiado por el cardenal arzobispo de Westminster, Vincent Nichols, m\u00e1ximo representante de la Iglesia cat\u00f3lica en Inglaterra y Gales, acompa\u00f1ado por el de\u00e1n de Windsor, el f\u00e9retro se trasladar\u00e1 al <strong>cementerio real de Frogmore<\/strong>, en los terrenos del castillo de Windsor, donde finalmente descansar\u00e1 la duquesa.<\/p>\n","protected":false},"excerpt":{"rendered":"Katharine Worsley\u00a0hizo historia en varias ocasiones desde que lleg\u00f3 a la familia real brit\u00e1nica por amor. La chica&hellip;\n","protected":false},"author":2,"featured_media":97837,"comment_status":"","ping_status":"","sticky":false,"template":"","format":"standard","meta":{"footnotes":""},"categories":[91],"tags":[146,147,25,24,5868,1027,23],"class_list":{"0":"post-97836","1":"post","2":"type-post","3":"status-publish","4":"format-standard","5":"has-post-thumbnail","7":"category-entretenimiento","8":"tag-entertainment","9":"tag-entretenimiento","10":"tag-es","11":"tag-espana","12":"tag-familia-real-britanica","13":"tag-realeza","14":"tag-spain"},"share_on_mastodon":{"url":"","error":""},"_links":{"self":[{"href":"https:\/\/www.europesays.com\/es\/wp-json\/wp\/v2\/posts\/97836","targetHints":{"allow":["GET"]}}],"collection":[{"href":"https:\/\/www.europesays.com\/es\/wp-json\/wp\/v2\/posts"}],"about":[{"href":"https:\/\/www.europesays.com\/es\/wp-json\/wp\/v2\/types\/post"}],"author":[{"embeddable":true,"href":"https:\/\/www.europesays.com\/es\/wp-json\/wp\/v2\/users\/2"}],"replies":[{"embeddable":true,"href":"https:\/\/www.europesays.com\/es\/wp-json\/wp\/v2\/comments?post=97836"}],"version-history":[{"count":0,"href":"https:\/\/www.europesays.com\/es\/wp-json\/wp\/v2\/posts\/97836\/revisions"}],"wp:featuredmedia":[{"embeddable":true,"href":"https:\/\/www.europesays.com\/es\/wp-json\/wp\/v2\/media\/97837"}],"wp:attachment":[{"href":"https:\/\/www.europesays.com\/es\/wp-json\/wp\/v2\/media?parent=97836"}],"wp:term":[{"taxonomy":"category","embeddable":true,"href":"https:\/\/www.europesays.com\/es\/wp-json\/wp\/v2\/categories?post=97836"},{"taxonomy":"post_tag","embeddable":true,"href":"https:\/\/www.europesays.com\/es\/wp-json\/wp\/v2\/tags?post=97836"}],"curies":[{"name":"wp","href":"https:\/\/api.w.org\/{rel}","templated":true}]}}