{"id":97966,"date":"2025-09-06T20:22:18","date_gmt":"2025-09-06T20:22:18","guid":{"rendered":"https:\/\/www.europesays.com\/es\/97966\/"},"modified":"2025-09-06T20:22:18","modified_gmt":"2025-09-06T20:22:18","slug":"radiografia-a-los-nuevos-fichajes-del-barca-en-su-debut-en-encamp","status":"publish","type":"post","link":"https:\/\/www.europesays.com\/es\/97966\/","title":{"rendered":"Radiograf\u00eda a los nuevos fichajes del Bar\u00e7a en su debut en Encamp"},"content":{"rendered":"<p class=\"ft-text ft-helper-align-justify\">El t\u00e9cnico azulgrana, Joan Pe\u00f1arroya, <a class=\"ft-link ft-link--decoration\" href=\"https:\/\/www.sport.es\/es\/noticias\/baloncesto\/penarroya-contento-lapro-juan-despues-121302020\" rel=\"nofollow noopener\" target=\"_blank\">se alegr\u00f3 de la vuelta de dos jugadores que ya formaban parte de la plantilla<\/a> aunque alejados el a\u00f1o pasado por las lesiones, como Nico Laprovittola y Juan N\u00fa\u00f1ez, a los que destac\u00f3 <a class=\"ft-link ft-link--decoration\" href=\"https:\/\/www.sport.es\/es\/noticias\/baloncesto\/laprovittola-lidera-barca-dejo-10-121299072\" rel=\"nofollow noopener\" target=\"_blank\">en su vuelta en la victoria ante el Par\u00eds Basketballl.<\/a><\/p>\n<p class=\"ft-text ft-helper-align-justify\">Aunque para otros cuatro, <strong>fue su primera puesta de largo con el Bar\u00e7a y lo cierto es que todos rayaron a un buen nivel en su primera aparici\u00f3n<\/strong> de blaugrana, especialmente Miles Norris y Will Clyburn.<\/p>\n<p class=\"ft-text ft-helper-align-justify\">Tambi\u00e9n tuvo su oportunidad los j\u00f3venes como <strong>Joaquim Boumtje, Nikola Kusturica (2 puntos) y el m\u00e1s destacado, Sayon Keita<\/strong>, con un punto, cinco rebotes y nada menos que tres tapones.<\/p>\n<p><img decoding=\"async\" src=\"https:\/\/www.europesays.com\/es\/wp-content\/uploads\/2025\/09\/1f6e1786-0d17-42dc-90c3-96662f784c6c_alta-libre-aspect-ratio_default_0.jpg\" width=\"1200\" height=\"800\" alt=\"Juan N\u00fa\u00f1ez tuvo una buena actuaci\u00f3n en su regreso de blaugrana\" class=\"ft-helper-img-rd\" loading=\"lazy\" hasdataaida=\"true\"\/><\/p>\n<p class=\"ft-helper-fontColor-quaternary ft-helper-fontSize-body-S ft-helper-spacer-t-xxs\">Juan N\u00fa\u00f1ez tuvo una buena actuaci\u00f3n en su regreso de blaugrana  \/ FCB<\/p>\n<p>Norris muestra un buen tono<\/p>\n<p class=\"ft-text ft-helper-align-justify\"><strong>De las nuevas incorporaciones, destacar a Miles Norris, que aport\u00f3 13 puntos en 25 minutos de juego<\/strong>, mostrando su gran capacidad de salto, y atleticidad, y facilidad en el triple, anotando tres de ocho intentos. Un \u2018cuatro\u2019 al que le falta un poco de peso, pero con una movilidad espectacular.<\/p>\n<p><img decoding=\"async\" src=\"https:\/\/www.europesays.com\/es\/wp-content\/uploads\/2025\/09\/0969432d-8dea-467b-a077-c1fa45abc420_alta-libre-aspect-ratio_default_0.jpg\" width=\"1200\" height=\"800\" alt=\"Miles Norris jug\u00f3 un gran partido en su debut de blaugrana\" class=\"ft-helper-img-rd\" loading=\"lazy\" hasdataaida=\"true\"\/><\/p>\n<p class=\"ft-helper-fontColor-quaternary ft-helper-fontSize-body-S ft-helper-spacer-t-xxs\">Miles Norris jug\u00f3 un gran partido en su debut de blaugrana  \/ FCB<\/p>\n<p class=\"ft-text ft-helper-align-justify\">Por su parte <strong>Myles Cale, estuvo un poco m\u00e1s discreto en su debut,<\/strong> aunque acab\u00f3 aportando siete puntos y tres rebotes en 25 minutos de juego y ser\u00e1 un jugador un poco comod\u00edn en el exterior, aunque no de la espectacularidad del otro Miles.<\/p>\n<p><img decoding=\"async\" src=\"https:\/\/www.europesays.com\/es\/wp-content\/uploads\/2025\/09\/1db64104-4436-4ac3-baaa-25fce33283b6_alta-libre-aspect-ratio_default_0.jpg\" width=\"1200\" height=\"801\" alt=\"Clyburn tuvo una buena actuaci\u00f3n en su debut con el Bar\u00e7a\" class=\"ft-helper-img-rd\" loading=\"lazy\" hasdataaida=\"true\"\/><\/p>\n<p class=\"ft-helper-fontColor-quaternary ft-helper-fontSize-body-S ft-helper-spacer-t-xxs\">Clyburn tuvo una buena actuaci\u00f3n en su debut con el Bar\u00e7a  \/ FCB<\/p>\n<p class=\"ft-text ft-helper-align-justify\"><a class=\"ft-link ft-link--decoration\" href=\"https:\/\/www.sport.es\/es\/noticias\/barca\/baloncesto\/vale-pena-apuesta-barca-will-120531834\" rel=\"nofollow noopener\" target=\"_blank\">Tambi\u00e9n era un momento importante para Will Clyburn<\/a> que hac\u00eda su debut de blaugrana, y lo cierto es que el veterano ala-p\u00edvot estadounidense tuvo un buen tono aportando 11 puntos y 6 rebotes en 2 minutos de juego.<\/p>\n<p><img decoding=\"async\" src=\"https:\/\/www.europesays.com\/es\/wp-content\/uploads\/2025\/09\/ca8f338d-2668-4588-84bf-04ab57f107df_alta-libre-aspect-ratio_default_0.jpg\" width=\"1200\" height=\"800\" alt=\"Juani Marcos tuvo un debut un poco m\u00e1s discreto aunque necesita tiempo\" class=\"ft-helper-img-rd\" loading=\"lazy\" hasdataaida=\"true\"\/><\/p>\n<p class=\"ft-helper-fontColor-quaternary ft-helper-fontSize-body-S ft-helper-spacer-t-xxs\">Juani Marcos tuvo un debut un poco m\u00e1s discreto aunque necesita tiempo  \/ FCB<\/p>\n<p class=\"ft-text ft-helper-align-justify\"><strong>Finalmente, otro de los debutantes-aunque ya hab\u00eda estado en el Bar\u00e7a-, Juani Marcos,<\/strong> estuvo un poco m\u00e1s t\u00edmido, eclipsado por el partidazo de Laprovittola y Juan N\u00fa\u00f1ez, para acabar con tres puntos y una asistencia en 19 minutos.<\/p>\n","protected":false},"excerpt":{"rendered":"El t\u00e9cnico azulgrana, Joan Pe\u00f1arroya, se alegr\u00f3 de la vuelta de dos jugadores que ya formaban parte de&hellip;\n","protected":false},"author":2,"featured_media":97967,"comment_status":"","ping_status":"","sticky":false,"template":"","format":"standard","meta":{"footnotes":""},"categories":[268],"tags":[34984,34985,168,34987,34986,25,24,280,282,18713,281,23,167],"class_list":{"0":"post-97966","1":"post","2":"type-post","3":"status-publish","4":"format-standard","5":"has-post-thumbnail","7":"category-futbol","8":"tag-a-los-nuevos-fichajes","9":"tag-del-barca","10":"tag-deportes","11":"tag-en-encamp","12":"tag-en-su-debut","13":"tag-es","14":"tag-espana","15":"tag-football","16":"tag-futbol","17":"tag-radiografia","18":"tag-soccer","19":"tag-spain","20":"tag-sports"},"share_on_mastodon":{"url":"","error":""},"_links":{"self":[{"href":"https:\/\/www.europesays.com\/es\/wp-json\/wp\/v2\/posts\/97966","targetHints":{"allow":["GET"]}}],"collection":[{"href":"https:\/\/www.europesays.com\/es\/wp-json\/wp\/v2\/posts"}],"about":[{"href":"https:\/\/www.europesays.com\/es\/wp-json\/wp\/v2\/types\/post"}],"author":[{"embeddable":true,"href":"https:\/\/www.europesays.com\/es\/wp-json\/wp\/v2\/users\/2"}],"replies":[{"embeddable":true,"href":"https:\/\/www.europesays.com\/es\/wp-json\/wp\/v2\/comments?post=97966"}],"version-history":[{"count":0,"href":"https:\/\/www.europesays.com\/es\/wp-json\/wp\/v2\/posts\/97966\/revisions"}],"wp:featuredmedia":[{"embeddable":true,"href":"https:\/\/www.europesays.com\/es\/wp-json\/wp\/v2\/media\/97967"}],"wp:attachment":[{"href":"https:\/\/www.europesays.com\/es\/wp-json\/wp\/v2\/media?parent=97966"}],"wp:term":[{"taxonomy":"category","embeddable":true,"href":"https:\/\/www.europesays.com\/es\/wp-json\/wp\/v2\/categories?post=97966"},{"taxonomy":"post_tag","embeddable":true,"href":"https:\/\/www.europesays.com\/es\/wp-json\/wp\/v2\/tags?post=97966"}],"curies":[{"name":"wp","href":"https:\/\/api.w.org\/{rel}","templated":true}]}}