{"id":98054,"date":"2025-09-06T21:22:10","date_gmt":"2025-09-06T21:22:10","guid":{"rendered":"https:\/\/www.europesays.com\/es\/98054\/"},"modified":"2025-09-06T21:22:10","modified_gmt":"2025-09-06T21:22:10","slug":"mas-de-300-surcoreanos-arrestados-segun-seul-en-gran-redada-migratoria-en-eeuu","status":"publish","type":"post","link":"https:\/\/www.europesays.com\/es\/98054\/","title":{"rendered":"M\u00e1s de 300 surcoreanos arrestados seg\u00fan Se\u00fal en gran redada migratoria en EEUU"},"content":{"rendered":"<p>    <img src=\"https:\/\/www.europesays.com\/es\/wp-content\/uploads\/2025\/09\/2025-09-06T143A033A16Z-89959980.jpg\" width=\"1024\" height=\"642\" alt=\"\" loading=\"eager\" decoding=\"sync\" fetchpriority=\"high\"\/><\/p>\n<p>            afp_tickers        <\/p>\n<p>        Este contenido fue publicado en    <\/p>\n<p>        06 septiembre 2025 &#8211; 21:11\n<\/p>\n<p>M\u00e1s de 300 surcoreanos se encontraban entre las 475 personas arrestadas en una redada migratoria en una f\u00e1brica de bater\u00edas de Hyundai y LG Energy Solution en el sureste de Estados Unidos, inform\u00f3 el s\u00e1bado el gobierno de Corea del Sur.<\/p>\n<p>El gobierno del presidente estadounidense Donald Trump dijo que el allanamiento de la planta ubicada en Ellabell, en el estado de Georgia, fue la mayor redada en un solo sitio en el marco de la cruzada antiinmigratoria del mandatario.<\/p>\n<p>Im\u00e1genes de la redada publicadas por las autoridades estadounidenses mostraron a trabajadores detenidos, esposados y con cadenas alrededor de los tobillos subiendo a un autob\u00fas de transporte de reclusos.<\/p>\n<p>Desde Se\u00fal, el ministro de Asuntos Exteriores Cho Hyun dijo el s\u00e1bado en una reuni\u00f3n de emergencia que de los 475 detenidos \u00abse cree que m\u00e1s de 300 son nuestros ciudadanos\u00bb.\u00a0<\/p>\n<p>\u00abEstamos profundamente preocupados y sentimos una gran responsabilidad por este asunto\u00bb, declar\u00f3, y expres\u00f3 su disposici\u00f3n a viajar a Washington para reunirse con las autoridades si fuera necesario.<\/p>\n<p>El primer viceministro de Relaciones Exteriores, Park Yoon-joo, plante\u00f3 a su vez el tema en una conversaci\u00f3n telef\u00f3nica con la subsecretaria de Estado de Estados Unidos para Asuntos Pol\u00edticos, Allison Hooker, y expres\u00f3 su pesar por la represi\u00f3n y la publicaci\u00f3n de im\u00e1genes del arresto de los trabajadores coreanos.\u00a0<\/p>\n<p>\u00abLas actividades econ\u00f3micas de las empresas coreanas que invierten en Estados Unidos y los derechos e intereses de los ciudadanos coreanos no deben verse infringidos injustamente durante las operaciones policiales estadounidenses\u00bb, dijo \u00a0Park seg\u00fan un comunicado de su ministerio.<\/p>\n<p>Park \u00absolicit\u00f3 al Departamento de Estado trabajar activamente para asegurar una resoluci\u00f3n justa y r\u00e1pida de este asunto\u00bb, agreg\u00f3.<\/p>\n<p>\u2013 Trump respalda a ICE \u2013<\/p>\n<p>Trump respald\u00f3 la labor del Servicio de Inmigraci\u00f3n y Control de Aduanas (ICE). \u00abDir\u00eda que eran extranjeros ilegales y que el ICE solo estaba haciendo su trabajo\u00bb, dijo al ser consultado por periodistas el viernes.<\/p>\n<p>El mismo d\u00eda, Steven Schrank, agente especial del Departamento de Seguridad Nacional (DHS) en Atlanta, se\u00f1al\u00f3 en rueda de prensa que la operaci\u00f3n realizada el jueves fue consecuencia de una \u00abinvestigaci\u00f3n penal sobre denuncias de pr\u00e1cticas laborales ilegales y graves delitos federales\u00bb.\u00a0<\/p>\n<p>Los 475 detenidos estaban \u00abpresentes ilegalmente en Estados Unidos\u00bb y \u00abtrabajando de forma ilegal\u00bb y fueron puestos a disposici\u00f3n del ICE para su posible expulsi\u00f3n, afirm\u00f3.<\/p>\n<p>La redada del jueves tuvo lugar en una usina de bater\u00edas para veh\u00edculos el\u00e9ctricos.\u00a0<\/p>\n<p>LG Energy Solution indic\u00f3 el s\u00e1bado que del total de detenidos, unos 47 (46 surcoreanos y un indonesio) eran empleados directos de la empresa, en tanto alrededor de 250 eran empleados de subcontratistas.<\/p>\n<p>Hyundai dijo el viernes no tener conocimiento de que alguno de los detenidos estuviera \u00abempleado directamente\u00bb por la empresa.\u00a0<\/p>\n<p>Seg\u00fan el gobierno de Trump, algunos de los arrestados hab\u00edan cruzado ilegalmente la frontera de Estados Unidos, otros hab\u00edan llegado con visas que les prohib\u00edan trabajar o hab\u00edan excedido la duraci\u00f3n de sus visas de trabajo.\u00a0<\/p>\n<p>\u00abEsta operaci\u00f3n subraya nuestro compromiso de proteger empleos para los georgianos y los estadounidenses, asegurar una competencia justa para las empresas que cumplen con la ley, salvaguardar la integridad de nuestra econom\u00eda y proteger a los trabajadores de la explotaci\u00f3n\u00bb, subray\u00f3 Schrank.<\/p>\n<p>Corea del Sur, la cuarta mayor econom\u00eda de Asia, es un fabricante clave de autom\u00f3viles y productor de productos electr\u00f3nicos, con m\u00faltiples plantas en Estados Unidos.\u00a0<\/p>\n<p>En julio, Se\u00fal se comprometi\u00f3 a invertir 350.000 millones de d\u00f3lares en territorio estadounidense tras las amenazas arancelarias de Trump, quien busca revivir el sector manufacturero en Estados Unidos.<\/p>\n<p>El mandatario republicano inici\u00f3 un segundo mandato en enero con la promesa de implementar el programa de expulsi\u00f3n de inmigrantes m\u00e1s grande en la historia de su pa\u00eds.\u00a0<\/p>\n<p>Desde entonces, su gobierno ha aplicado con la mayor firmeza medidas contra los aproximadamente 11 millones de personas en situaci\u00f3n migratoria irregular presentes en Estados Unidos.<\/p>\n<p>cl-cdl\/rsc\/dg\/ad<\/p>\n","protected":false},"excerpt":{"rendered":"afp_tickers Este contenido fue publicado en 06 septiembre 2025 &#8211; 21:11 M\u00e1s de 300 surcoreanos se encontraban entre&hellip;\n","protected":false},"author":2,"featured_media":98055,"comment_status":"","ping_status":"","sticky":false,"template":"","format":"standard","meta":{"footnotes":""},"categories":[5],"tags":[17,18,35005,83,25,24,13,14,4437,11,27703,86,19,20,14039,9,10,15,16,88,5799,2005,23,90,12,21,22],"class_list":{"0":"post-98054","1":"post","2":"type-post","3":"status-publish","4":"format-standard","5":"has-post-thumbnail","7":"category-titulares","8":"tag-breaking-news","9":"tag-breakingnews","10":"tag-demographics","11":"tag-diplomacy","12":"tag-es","13":"tag-espana","14":"tag-featured-news","15":"tag-featurednews","16":"tag-government","17":"tag-headlines","18":"tag-immigration","19":"tag-international-relations","20":"tag-latest-news","21":"tag-latestnews","22":"tag-migration","23":"tag-news","24":"tag-noticias","25":"tag-noticias-destacadas","26":"tag-noticiasdestacadas","27":"tag-politics","28":"tag-social-issues-general","29":"tag-society","30":"tag-spain","31":"tag-ticker","32":"tag-titulares","33":"tag-ultimas-noticias","34":"tag-ultimasnoticias"},"share_on_mastodon":{"url":"","error":""},"_links":{"self":[{"href":"https:\/\/www.europesays.com\/es\/wp-json\/wp\/v2\/posts\/98054","targetHints":{"allow":["GET"]}}],"collection":[{"href":"https:\/\/www.europesays.com\/es\/wp-json\/wp\/v2\/posts"}],"about":[{"href":"https:\/\/www.europesays.com\/es\/wp-json\/wp\/v2\/types\/post"}],"author":[{"embeddable":true,"href":"https:\/\/www.europesays.com\/es\/wp-json\/wp\/v2\/users\/2"}],"replies":[{"embeddable":true,"href":"https:\/\/www.europesays.com\/es\/wp-json\/wp\/v2\/comments?post=98054"}],"version-history":[{"count":0,"href":"https:\/\/www.europesays.com\/es\/wp-json\/wp\/v2\/posts\/98054\/revisions"}],"wp:featuredmedia":[{"embeddable":true,"href":"https:\/\/www.europesays.com\/es\/wp-json\/wp\/v2\/media\/98055"}],"wp:attachment":[{"href":"https:\/\/www.europesays.com\/es\/wp-json\/wp\/v2\/media?parent=98054"}],"wp:term":[{"taxonomy":"category","embeddable":true,"href":"https:\/\/www.europesays.com\/es\/wp-json\/wp\/v2\/categories?post=98054"},{"taxonomy":"post_tag","embeddable":true,"href":"https:\/\/www.europesays.com\/es\/wp-json\/wp\/v2\/tags?post=98054"}],"curies":[{"name":"wp","href":"https:\/\/api.w.org\/{rel}","templated":true}]}}