{"id":98058,"date":"2025-09-06T21:24:16","date_gmt":"2025-09-06T21:24:16","guid":{"rendered":"https:\/\/www.europesays.com\/es\/98058\/"},"modified":"2025-09-06T21:24:16","modified_gmt":"2025-09-06T21:24:16","slug":"sergio-galan-manuel-vera-y-jesus-romero-triunfan-en-villamayor-de-santiago","status":"publish","type":"post","link":"https:\/\/www.europesays.com\/es\/98058\/","title":{"rendered":"Sergio Gal\u00e1n, Manuel Vera y Jes\u00fas Romero triunfan en Villamayor de Santiago"},"content":{"rendered":"<p><strong>Villamayor de Santiago (Cuenca).<\/strong> Novillos de <strong>Emilio Gal\u00e1n<\/strong> para rejones (1\u00ba y 4\u00ba) y para lidia a pie de <strong>Hnos. Ramos Valle<\/strong>. El rejoneador <strong>Sergio Gal\u00e1n<\/strong>, ovaci\u00f3n con saludos y dos orejas; y los novilleros <strong>Manuel Vera<\/strong>, que sustitu\u00eda a Adri\u00e1n Reinosa, silencio tras aviso y dos orejas; y <strong>Jes\u00fas Romero<\/strong>, dos orejas y dos orejas y babo. <strong>Entrada:<\/strong> M\u00e1s de media plaza.<\/p>\n<p><strong>Cercedilla (Madrid).<\/strong> Novillos de <strong>Casasola. Diego Bastos<\/strong>, ovaci\u00f3n y silencio; y <strong>Julio Norte<\/strong>, dos orejas y oreja.<\/p>\n<p><strong>Navacerrada (Madrid).<\/strong> Novillos de <strong>Raso de Portillo. Jes\u00fas \u00c1ngel Olivas,<\/strong> silencio, silencio y silencio; y <strong>Mario Vilau,<\/strong> herido.<\/p>\n<p><strong>Hoyo de Manzanares (Madrid).<\/strong> Erales de <strong>Gin\u00e9s Bartolom\u00e9. Israel Guirao<\/strong>, vuelta al ruedo y oreja con petici\u00f3n de la segunda; <strong>Ignacio Garibay<\/strong>, silencio y dos orejas. Actu\u00f3 como sobresaliente Manuel Cordero, que realiz\u00f3 dos quites.<\/p>\n<p><a href=\"https:\/\/www.europesays.com\/es\/wp-content\/uploads\/2025\/09\/fe2d9b07-f775-49eb-9582-e88f219b0930-e1757187980108.jpeg\"><img loading=\"lazy\" decoding=\"async\" class=\"alignnone wp-image-543605 size-full lazy\" src=\"https:\/\/www.europesays.com\/es\/wp-content\/uploads\/2025\/09\/fe2d9b07-f775-49eb-9582-e88f219b0930-e1757187980108.jpeg\" alt=\"\" width=\"1140\" height=\"680\"  data-\/><\/a><\/p>\n<p><strong>Fuencaliente (Ciudad Real)<\/strong>. Festival. Novillos de <strong>Eusebio Naranjo<\/strong>. El rejoneador<strong> David G\u00f3mez<\/strong> oreja; <strong>Esa\u00fa Fern\u00e1ndez,<\/strong> dos orejas y ovaci\u00f3n; y <strong>Antonio Linares,<\/strong> dos orejas y rabo y silencio.<\/p>\n<p><a href=\"https:\/\/www.europesays.com\/es\/wp-content\/uploads\/2025\/09\/thumbnail_image_50743553-e1757181715121.jpeg\"><img loading=\"lazy\" decoding=\"async\" aria-describedby=\"caption-attachment-543559\" class=\"wp-image-543559 size-full lazy\" src=\"https:\/\/www.europesays.com\/es\/wp-content\/uploads\/2025\/09\/thumbnail_image_50743553-e1757181715121.jpeg\" alt=\"\" width=\"960\" height=\"676\"  data-\/><\/a><\/p>\n<p id=\"caption-attachment-543559\" class=\"wp-caption-text\">Salida a hombros en Baltan\u00e1s este s\u00e1bado de Diego Garc\u00eda y el mayoral de la ganader\u00eda.<\/p>\n<p><b>Baltan\u00e1s (Palencia). <\/b>Festival. Novillos de\u00a0<b>Castillejo de Huebra,<\/b> de buena presentaci\u00f3n y juego variado. Al cuarto se le dio la vuelta al ruedo. <b>Carlos Doyague<\/b>, dos orejas; y <b>Diego Garc\u00eda<\/b>, oreja, dos orejas y dos orejas. <strong>Entrada:<\/strong> Lleno. Al termino del festejo Diego Garc\u00eda sali\u00f3 a hombros de la plaza acompa\u00f1ado del mayoral. Diego Garc\u00eda tuvo que lidiar tres novillos tras lesionarse Doyague en su primero.<\/p>\n","protected":false},"excerpt":{"rendered":"Villamayor de Santiago (Cuenca). Novillos de Emilio Gal\u00e1n para rejones (1\u00ba y 4\u00ba) y para lidia a pie&hellip;\n","protected":false},"author":2,"featured_media":98059,"comment_status":"","ping_status":"","sticky":false,"template":"","format":"standard","meta":{"footnotes":""},"categories":[277],"tags":[45,373,168,25,24,3869,23,167,374],"class_list":{"0":"post-98058","1":"post","2":"type-post","3":"status-publish","4":"format-standard","5":"has-post-thumbnail","7":"category-toreo","8":"tag-45","9":"tag-bullfighting","10":"tag-deportes","11":"tag-es","12":"tag-espana","13":"tag-festejos","14":"tag-spain","15":"tag-sports","16":"tag-toreo"},"share_on_mastodon":{"url":"","error":""},"_links":{"self":[{"href":"https:\/\/www.europesays.com\/es\/wp-json\/wp\/v2\/posts\/98058","targetHints":{"allow":["GET"]}}],"collection":[{"href":"https:\/\/www.europesays.com\/es\/wp-json\/wp\/v2\/posts"}],"about":[{"href":"https:\/\/www.europesays.com\/es\/wp-json\/wp\/v2\/types\/post"}],"author":[{"embeddable":true,"href":"https:\/\/www.europesays.com\/es\/wp-json\/wp\/v2\/users\/2"}],"replies":[{"embeddable":true,"href":"https:\/\/www.europesays.com\/es\/wp-json\/wp\/v2\/comments?post=98058"}],"version-history":[{"count":0,"href":"https:\/\/www.europesays.com\/es\/wp-json\/wp\/v2\/posts\/98058\/revisions"}],"wp:featuredmedia":[{"embeddable":true,"href":"https:\/\/www.europesays.com\/es\/wp-json\/wp\/v2\/media\/98059"}],"wp:attachment":[{"href":"https:\/\/www.europesays.com\/es\/wp-json\/wp\/v2\/media?parent=98058"}],"wp:term":[{"taxonomy":"category","embeddable":true,"href":"https:\/\/www.europesays.com\/es\/wp-json\/wp\/v2\/categories?post=98058"},{"taxonomy":"post_tag","embeddable":true,"href":"https:\/\/www.europesays.com\/es\/wp-json\/wp\/v2\/tags?post=98058"}],"curies":[{"name":"wp","href":"https:\/\/api.w.org\/{rel}","templated":true}]}}