{"id":98123,"date":"2025-09-06T22:10:09","date_gmt":"2025-09-06T22:10:09","guid":{"rendered":"https:\/\/www.europesays.com\/es\/98123\/"},"modified":"2025-09-06T22:10:09","modified_gmt":"2025-09-06T22:10:09","slug":"cortegana-o-una-afirmacion-de-que-la-tauromaquia-es-patrimonio-de-un-pueblo","status":"publish","type":"post","link":"https:\/\/www.europesays.com\/es\/98123\/","title":{"rendered":"Cortegana, o una afirmaci\u00f3n de que la tauromaquia es patrimonio de un pueblo"},"content":{"rendered":"<p class=\"voc-p\" style=\"\">El toreo es del pueblo, viene del pueblo, es para el pueblo, y el pueblo lo sostiene. Que una localidad como Cortegana, que sumando todas sus pedan\u00edas y aldeas apenas tiene 4.000 habitantes, meta en una plaza de toros a <strong>2.000 personas<\/strong> habla de la salud inquebrantable de esta fiesta, que alguien defini\u00f3 como un f\u00f3sil viviente y que es la magia de una realidad que engancha y llama atenci\u00f3n cuando cumplimos un cuarto de este siglo XXI.<\/p>\n<p class=\"voc-p\" style=\"\">El festejo comenz\u00f3 con retraso mientras se acomodaba el respetable en una plaza que no est\u00e1 acostumbrada a un lleno de esta envergadura desde su reina inauguraci\u00f3n, hace ya m\u00e1s de una d\u00e9cada.<\/p>\n<p class=\"voc-p\" style=\"\">Sabor ochentero en un cartel de matadores banderilleros que cont\u00f3 la atenci\u00f3n de Cortegana, la comarca, y gentes venidas incluso allende las fronteras tanto portuguesas como francesas.<\/p>\n<p><img decoding=\"async\" loading=\"lazy\" src=\"https:\/\/www.europesays.com\/es\/wp-content\/uploads\/2025\/09\/toros-dos-U75012362012ZJI-760x427@huelva24.jpg\" class=\"voc-img\" width=\"760\" height=\"427\" alt=\"Cortegana, o una afirmaci\u00f3n de que la tauromaquia es patrimonio de un pueblo\" data-voc-vtm-id=\"in-text-traffic\"\/><\/p>\n<p class=\"voc-p\" style=\"\">Y luego lleg\u00f3 el conocimiento t\u00e9cnico y la verdad de un torero profundo y distinto como es <strong>Ferrera<\/strong> con esa bendici\u00f3n, que se llama \u00abconexi\u00f3n con los tendidos\u00bb. La espectacularidad de un <strong>Fandi,<\/strong> que siempre sabemos que va a estar cumbre; y la verdad torera de un manual<strong> Escribano<\/strong>, que no se deja nada en el hotel. <\/p>\n<p>\nComenzando con Ferrera\n<\/p>\n<p class=\"voc-p\" style=\"\">El primer sardo descabalg\u00f3 al picador. El matador extreme\u00f1o invit\u00f3 a tomar los palos a Fandi y Escribano, que protagonizaron un emotivo tercio de quites rematado por el herido matador de Talavera, que culmin\u00f3 el tercio. <\/p>\n<p class=\"voc-p\" style=\"\">Ferrera estuvo lucido ante un toro que se qued\u00f3 muy parado despu\u00e9s del encuentro con el peto<\/p>\n<p class=\"voc-p\" style=\"\">Al buen segundo le cort\u00f3 las dos orejas Fandi, despu\u00e9s de tambi\u00e9n parear junto a Escribano y Ferrera, en una faena de mucha entrega ante un colorado de Sobral al que supo entender en su buen son.<\/p>\n<p class=\"voc-p\" style=\"\">El tercero tambi\u00e9n Colorado mulato lo brind\u00f3 Manuel Escribano a Antonio Ferrera, despu\u00e9s de compartir el segundo tercio con \u00e9l y con el Fandi. Faena de mucho compromiso planteada en el tercio, y donde el Torero supo cuajar por ambos pitones las embestidas que no regalaba el de Sobral. Gran estocada y oreja de ley.<\/p>\n<p class=\"voc-p\" style=\"\">Buen recibo capoteto de Ferrera al negro y noble cuarto. Verde capote por delante y verde del capote por el env\u00e9s y variado, como siempre el mallorqu\u00edn-extreme\u00f1o. levantar p\u00fablico de sus asientos en los tres pares que puso. Faena de largo metraje ante un toro potable, y que supo entender en las querencias y terrenos, supo cuajar un entregado Ferrera, que, repetimos para que nadie se le olvide, que ven\u00eda herido y no se dej\u00f3 nada en el esport\u00f3n. Un t\u00edo. Le dio fiesta por ambos pitones, lo cuaj\u00f3 absolutamente al noble toro de Sobral, y remat\u00f3 con esa suerte de matar al paso que entusiasm\u00f3 a los tendidos. El toro cay\u00f3 rodado y sin puntilla y cort\u00f3 un rabo.<\/p>\n<p class=\"voc-p\" style=\"\">Fandila no se quiso quedar atr\u00e1s y supo hacer la faena que necesitaba el sardo que hizo quinto desde los lances de recibo, pasando por un brillante tercio de banderillas y una muy seria faena de muletas ante un toro complicado al que quiso enjaretar muletazos de mucho m\u00e9rito. Estocada casi entera y dos orejas de un p\u00fablico que supo valorar el gran esfuerzo del matador.<\/p>\n<p class=\"voc-p\" style=\"\">El sexto fue otro toro con complicaciones. Un burraco precioso de l\u00e1mina y al que Manuel Escribano recibi\u00f3 con gusto con el capote, cuaj\u00f3 en banderillas y recet\u00f3 la faena que el burel ped\u00eda, de quedarse en el sitio y medir las series con la pa\u00f1osa. Tard\u00f3 en morir el de Sobral, lo que no impidi\u00f3 que el p\u00fablico que abarrotaba la plaza pidiese la oreja para el torero de Gerena despu\u00e9s de recibir dos avisos. Y salir a hombros junto a Ferrera y Fandi.<\/p>\n<ul class=\"voc-list\">\n<li class=\"voc-list__item\">\n<strong>Antonio Ferrera<\/strong><br \/>\nde blanco y oro Oreja Y dos orejas y rabo\n<\/li>\n<li class=\"voc-list__item\">\n<strong>David Fandila<\/strong><br \/>\nde azul y plata Dos. Orejas y dos orejas\n<\/li>\n<li class=\"voc-list__item\">\n<strong>Manuel Escribano<\/strong><br \/>\nde obispo y oro. Oreja y oreja\n<\/li>\n<\/ul>\n<p class=\"voc-p\" style=\"\">Plaza de toros de Cortegana. Lleno de no hay billetes. Ganado de Sobral de excelente presentaci\u00f3n, a destacar los muy buenos segundo y cuarto aplaudidos en el arrastre.<\/p>\n<p>Reportar un error<\/p>\n","protected":false},"excerpt":{"rendered":"El toreo es del pueblo, viene del pueblo, es para el pueblo, y el pueblo lo sostiene. Que&hellip;\n","protected":false},"author":2,"featured_media":98124,"comment_status":"","ping_status":"","sticky":false,"template":"","format":"standard","meta":{"footnotes":""},"categories":[277],"tags":[24525,373,29435,168,25,24,1397,4899,23,167,625,374],"class_list":{"0":"post-98123","1":"post","2":"type-post","3":"status-publish","4":"format-standard","5":"has-post-thumbnail","7":"category-toreo","8":"tag-afirmacion","9":"tag-bullfighting","10":"tag-cortegana","11":"tag-deportes","12":"tag-es","13":"tag-espana","14":"tag-patrimonio","15":"tag-pueblo","16":"tag-spain","17":"tag-sports","18":"tag-tauromaquia","19":"tag-toreo"},"share_on_mastodon":{"url":"","error":""},"_links":{"self":[{"href":"https:\/\/www.europesays.com\/es\/wp-json\/wp\/v2\/posts\/98123","targetHints":{"allow":["GET"]}}],"collection":[{"href":"https:\/\/www.europesays.com\/es\/wp-json\/wp\/v2\/posts"}],"about":[{"href":"https:\/\/www.europesays.com\/es\/wp-json\/wp\/v2\/types\/post"}],"author":[{"embeddable":true,"href":"https:\/\/www.europesays.com\/es\/wp-json\/wp\/v2\/users\/2"}],"replies":[{"embeddable":true,"href":"https:\/\/www.europesays.com\/es\/wp-json\/wp\/v2\/comments?post=98123"}],"version-history":[{"count":0,"href":"https:\/\/www.europesays.com\/es\/wp-json\/wp\/v2\/posts\/98123\/revisions"}],"wp:featuredmedia":[{"embeddable":true,"href":"https:\/\/www.europesays.com\/es\/wp-json\/wp\/v2\/media\/98124"}],"wp:attachment":[{"href":"https:\/\/www.europesays.com\/es\/wp-json\/wp\/v2\/media?parent=98123"}],"wp:term":[{"taxonomy":"category","embeddable":true,"href":"https:\/\/www.europesays.com\/es\/wp-json\/wp\/v2\/categories?post=98123"},{"taxonomy":"post_tag","embeddable":true,"href":"https:\/\/www.europesays.com\/es\/wp-json\/wp\/v2\/tags?post=98123"}],"curies":[{"name":"wp","href":"https:\/\/api.w.org\/{rel}","templated":true}]}}