{"id":98125,"date":"2025-09-06T22:11:07","date_gmt":"2025-09-06T22:11:07","guid":{"rendered":"https:\/\/www.europesays.com\/es\/98125\/"},"modified":"2025-09-06T22:11:07","modified_gmt":"2025-09-06T22:11:07","slug":"el-mensaje-religioso-y-contra-la-inmigracion-ilegal-de-conor-mcgregor-para-postularse-como-presidente-de-irlanda","status":"publish","type":"post","link":"https:\/\/www.europesays.com\/es\/98125\/","title":{"rendered":"El mensaje religioso y contra la inmigraci\u00f3n ilegal de Conor McGregor para postularse como presidente de Irlanda"},"content":{"rendered":"<p class=\"c-paragraph\"><b><a href=\"https:\/\/www.20minutos.es\/tags\/deportes\/conor-mcgregor.html\" title=\"Conor McGregor\" rel=\"nofollow noopener\" target=\"_blank\">Conor McGregor<\/a><\/b>, ya alejado de las artes marciales mixtas y rodeado de cr\u00edticas tras su condena por violaci\u00f3n por parte de un jurado popular, que le impuso una multa de 250.000 euros, <b>ha dado el salto a la pol\u00edtica, con la aspiraci\u00f3n de ser el pr\u00f3ximo presidente de Irlanda<\/b>, un objetivo para el que necesita un gran apoyo pol\u00edtico, motivo de su reciente mensaje a trav\u00e9s de las redes sociales.\u00a0<\/p>\n<p class=\"c-paragraph\">\u00abCiudadanos de Irlanda, \u00a1El momento del cambio real es ahora! Como presidente,<b> no firmar\u00e9 ning\u00fan proyecto de ley hasta que vuelva a la gente primero<\/b>, Si quieres ver mi nombre en la papeleta electoral para la Presidencia, te insto a que te pongas en contacto con tus concejales locales hoy y les pidas que me nominen\u00bb, coment\u00f3 el excampe\u00f3n mundial de la <a href=\"https:\/\/www.20minutos.es\/tags\/deportes\/ufc.html\" title=\"UFC\" rel=\"nofollow noopener\" target=\"_blank\">UFC<\/a>.\u00a0<\/p>\n<p class=\"c-paragraph\">\u00abSi eres un concejal que siente que tu voz es ignorada, tus manos atadas y tu comunidad pasa por alto, entonces te pido que me apoyes a m\u00ed. <b>Nom\u00edname, y te dar\u00e9 la plataforma y el poder para que seas verdaderamente escuchado<\/b>. Si quieres votar por McGregor, empieza ahora. Llama a tu concejal local hoy y exige un cambio\u00bb, sentenci\u00f3.\u00a0<\/p>\n<p class=\"c-paragraph\">En sus palabras para la poblaci\u00f3n irlandesa, destaca la <b>cr\u00edtica a la inmigraci\u00f3n ilegal<\/b>, a la que el expeleador culpa, junto a la clase pol\u00edtica, de los problemas del pa\u00eds, especialmente la inseguridad de los ni\u00f1os. Adem\u00e1s, para acabar con su proclama, <b>hizo hincapi\u00e9 en la tradici\u00f3n cristiana, santigu\u00e1ndose<\/b> y recitando la oraci\u00f3n \u00aben el nombre del Padre, del Hijo y del Esp\u00edritu Santo\u00bb.\u00a0<\/p>\n","protected":false},"excerpt":{"rendered":"Conor McGregor, ya alejado de las artes marciales mixtas y rodeado de cr\u00edticas tras su condena por violaci\u00f3n&hellip;\n","protected":false},"author":2,"featured_media":98126,"comment_status":"","ping_status":"","sticky":false,"template":"","format":"standard","meta":{"footnotes":""},"categories":[276],"tags":[2909,168,25,24,743,35013,23,167,343],"class_list":{"0":"post-98125","1":"post","2":"type-post","3":"status-publish","4":"format-standard","5":"has-post-thumbnail","7":"category-ufc","8":"tag-conor-mcgregor","9":"tag-deportes","10":"tag-es","11":"tag-espana","12":"tag-mma","13":"tag-presidente-irlanda","14":"tag-spain","15":"tag-sports","16":"tag-ufc"},"share_on_mastodon":{"url":"","error":""},"_links":{"self":[{"href":"https:\/\/www.europesays.com\/es\/wp-json\/wp\/v2\/posts\/98125","targetHints":{"allow":["GET"]}}],"collection":[{"href":"https:\/\/www.europesays.com\/es\/wp-json\/wp\/v2\/posts"}],"about":[{"href":"https:\/\/www.europesays.com\/es\/wp-json\/wp\/v2\/types\/post"}],"author":[{"embeddable":true,"href":"https:\/\/www.europesays.com\/es\/wp-json\/wp\/v2\/users\/2"}],"replies":[{"embeddable":true,"href":"https:\/\/www.europesays.com\/es\/wp-json\/wp\/v2\/comments?post=98125"}],"version-history":[{"count":0,"href":"https:\/\/www.europesays.com\/es\/wp-json\/wp\/v2\/posts\/98125\/revisions"}],"wp:featuredmedia":[{"embeddable":true,"href":"https:\/\/www.europesays.com\/es\/wp-json\/wp\/v2\/media\/98126"}],"wp:attachment":[{"href":"https:\/\/www.europesays.com\/es\/wp-json\/wp\/v2\/media?parent=98125"}],"wp:term":[{"taxonomy":"category","embeddable":true,"href":"https:\/\/www.europesays.com\/es\/wp-json\/wp\/v2\/categories?post=98125"},{"taxonomy":"post_tag","embeddable":true,"href":"https:\/\/www.europesays.com\/es\/wp-json\/wp\/v2\/tags?post=98125"}],"curies":[{"name":"wp","href":"https:\/\/api.w.org\/{rel}","templated":true}]}}