{"id":98278,"date":"2025-09-06T23:59:11","date_gmt":"2025-09-06T23:59:11","guid":{"rendered":"https:\/\/www.europesays.com\/es\/98278\/"},"modified":"2025-09-06T23:59:11","modified_gmt":"2025-09-06T23:59:11","slug":"los-amigos-que-acompanan-a-la-familia-roig-en-la-inauguracion-del-roig-arena","status":"publish","type":"post","link":"https:\/\/www.europesays.com\/es\/98278\/","title":{"rendered":"Los amigos que acompa\u00f1an a la familia Roig en la inauguraci\u00f3n del Roig Arena"},"content":{"rendered":"<p>Fue una <a href=\"https:\/\/www.lasprovincias.es\/culturas\/inauguracion-roig-arena-20250906092221-di.html\" title=\"www.lasprovincias.es\" data-voc-vtm-id=\"in-text-traffic\" data-mrf-link=\"www.lasprovincias.es\" rel=\"nofollow noopener\" target=\"_blank\">puesta de largo por todo lo alto<\/a>. Nadie quiso perderse el <a href=\"https:\/\/www.lasprovincias.es\/valencia-ciudad\/oferta-gastronomica-atrajo-primeras-visitas-nuevo-icono-20250906202735-nt.html\" title=\"www.lasprovincias.es\" data-voc-vtm-id=\"in-text-traffic\" data-mrf-link=\"www.lasprovincias.es\" rel=\"nofollow noopener\" target=\"_blank\">estreno del nuevo Roig Arena <\/a>y la sociedad valenciana se volc\u00f3  &#8230; en la convocatoria. Al empresario Juan Roig lo paraban las se\u00f1oras en las zonas donde se distribuyen los puestos de comida: \u00abSenyor Roig, enhorabona\u00bb y se acercaban a darle un abrazo como si fuese una de las estrellas que iba a actuar sobre el escenario en pocos minutos. Imagino la emoci\u00f3n del presidente de Mercadona al ver su sue\u00f1o cumplido, un auditorio deslumbrante, lleno hasta colgar el no hay entradas hace semanas y un p\u00fablico de todas las edades aplaudiendo desde la primera canci\u00f3n y con un nudo en la garganta al escuchar &#8216;Noelia&#8217;, &#8216;Libre&#8217;, &#8216;Mi tierra&#8217; o cualquiera de esos temas que roto la barrera del tiempo.<\/p>\n<p class=\"v-p\">Juan Roig estuvo en la zona m\u00e1s vip del auditorio con su familia, su mujer Hortensia Herrero, sus hijas Carolina, Hortensia, Juana y Amparo, su hermano Fernando Roig y un grupo de buenos amigos, entre ellos Ana Peris y Emilio Morera, Esther Martinavarro y Joaqu\u00edn Ballester, Carlos Virosque y Patricia Casa\u00f1, Marta Monterde y Miguel Cases, Antonio Meco y M\u00aa Jos\u00e9 Albert, Marta Querol, Clara Playa y su hija Clara Raga, empresarios como Araceli C\u00edscar, Adolfo Utor, Enrique Riquelme, Agn\u00e8s Noguera o H\u00e9ctor Dominguis y de la familia Segura, buenos amigos de la familia Roig, el abogado David Gonz\u00e1lez y Laura Segura y Francisco Segura y Sof\u00eda Mora.<\/p>\n<p class=\"v-p\">Algunos empresarios vieron el concierto desde su propio palco. Fue el caso del castellonense Federico Michavila o el naviero Vicente Boluda y Esther Pastor, que invitaron a su palco a directivos de la COPE como Sergio Pel\u00e1ez, Vicente Ordaz y Borja Rodr\u00edguez. Adem\u00e1s compartieron el concierto con los empresarios Paco Lorente y Loreto Cerd\u00e1 y Vicente Ruiz y Ali Torres.<\/p>\n<p><img decoding=\"async\" loading=\"lazy\" src=\"https:\/\/www.europesays.com\/es\/wp-content\/uploads\/2025\/09\/bernabe-gobierno-U2302849963976VjH--650x455@Las Provincias.jpeg\" class=\"v-a-img\" width=\"650\" height=\"455\" alt=\"La delegada del Gobierno en la Comunitat, Pilar Bernab\u00e9, durante el estreno del Roig Arena.\" data-voc-vtm-id=\"in-text-traffic\"\/><\/p>\n<p>La delegada del Gobierno en la Comunitat, Pilar Bernab\u00e9, durante el estreno del Roig Arena.<\/p>\n<p>I. Marsilla<\/p>\n<p><img loading=\"lazy\" decoding=\"async\" src=\"https:\/\/www.europesays.com\/es\/wp-content\/uploads\/2025\/09\/bernabe-gobierno-U2302849963976VjH--1920x1344@Las Provincias.jpeg\" class=\"v-mdl__img-z\" width=\"1920\" height=\"1344\" alt=\"\"\/><\/p>\n<p class=\"v-p\">El paco de Boluda est\u00e1 muy cerca de otros palcos alquilados por grandes empresas, como el de Iberdrola o el de CaixaBank, en el que estuvo anoche la directora territorial de la entidad Olga Garc\u00eda, Beatriz Albentosa y C\u00e9sar Rafael Miguel Sanz.<\/p>\n<p><a class=\"v-a-link\" href=\"https:\/\/www.lasprovincias.es\/culturas\/fotos-artistas-pasan-photocall-estreno-roig-arena-20250906215309-ga.html\" data-voc-vtm-id=\"in-text-traffic\" title=\"\" aria-label=\"Imagen\" rel=\"nofollow noopener\" target=\"_blank\"><br \/>\n<img decoding=\"async\" loading=\"lazy\" src=\"https:\/\/www.europesays.com\/es\/wp-content\/uploads\/2025\/09\/1500488549-U78804123767JKc-366x256@Las Provincias.jpg\" class=\"v-a-img\" width=\"258\" height=\"180\" alt=\"\" data-voc-vtm-id=\"in-text-traffic\"\/><\/p>\n<p><\/a><\/p>\n<p class=\"v-p\">Los palcos vip tienen algunos servicios especiales, como plaza de aparcamiento, catering de Miguel Mart\u00ed -el Telar-, con men\u00fas que var\u00edan en cada concierto y bebidas de mucha calidad, tanto vinos como champ\u00e1n y licores.<\/p>\n<p class=\"v-p\">El concierto se disfrut\u00f3 igual tanto desde las zonas vip como en las gradas, donde los asientos son c\u00f3modos y espaciosos y tienen mucha visibilidad. En pista estuvo la vicepresidenta del Cosell Susana Camarero, el vicepresidente Francisco Jos\u00e9 Gan Pampols, los conselleres Juan Carlos Valderrama, Vicente Mart\u00ednez Mus, la consellera Marian Cano y el S\u00edndic Jos\u00e9 Mar\u00eda Llanos.<\/p>\n<p class=\"v-p\">Tambi\u00e9n estuvo la delegada de Gobierno, Pilar Bernarb\u00e9 y el subdelegado Jos\u00e9 Rodr\u00edguez; la alcaldesa de Valencia, Mar\u00eda Jos\u00e9 Catal\u00e1 -a la que enfoc\u00f3 la c\u00e1mara en una ocasi\u00f3n- y varios concejales, entre ellos Juan Carlos Caballero, Paula Llobet y Jos\u00e9 Luis Moreno, Jos\u00e9 Mar\u00ed Olano y Amalia De Gregorio y tambi\u00e9n el presidente de la C\u00e1mara de Comercio, Jos\u00e9 Vicente Morata, y Pilar Pons, el empresario Francisco Corell y Salom\u00e9 Quiles, Vicente Folgado y Rosa Morera, Javier Vall\u00e9s, la periodista \u00c1ngela Pla y Juan Lagardera, el cocinero Ricard Camarena y Mari Carmen Ba\u00f1uls. El empresario Juan Carlos G\u00f3mez Pantoja y Sonia Bas compartieron palco con Luis Lluch y Tetiana Turanova.<\/p>\n<p class=\"v-p\">Faltaron algunas amigas de Hortensia Herrero, como Mayr\u00e9n Beneyto, que todav\u00eda est\u00e1 de medio luto por el fallecimiento de su hermano, o el secretario de AVE, Diego Lorente, de boda en Art\u00edes.<\/p>\n<p class=\"v-p\">Qui\u00e9n estuvo desde primera hora de la tarde fue el matrimonio de arquitectos Jos\u00e9 Mart\u00ed y M\u00aa Angeles Ros, socios junto a Amparo Roig de ERRE Arquitectos, el estudio que ha dise\u00f1ado y proyectado el auditorio. \u00ab\u00a1C\u00f3mo no \u00edbamos a estar!\u00bb, dijo Mart\u00ed. Lo mismo que pensaron los cerca de veinte mil asistentes que llenaron en nuevo Roig Arena. <\/p>\n","protected":false},"excerpt":{"rendered":"Fue una puesta de largo por todo lo alto. Nadie quiso perderse el estreno del nuevo Roig Arena&hellip;\n","protected":false},"author":2,"featured_media":98279,"comment_status":"","ping_status":"","sticky":false,"template":"","format":"standard","meta":{"footnotes":""},"categories":[91],"tags":[35039,19156,3334,146,147,25,24,367,9193,3333,23],"class_list":{"0":"post-98278","1":"post","2":"type-post","3":"status-publish","4":"format-standard","5":"has-post-thumbnail","7":"category-entretenimiento","8":"tag-acompanan","9":"tag-amigos","10":"tag-arena","11":"tag-entertainment","12":"tag-entretenimiento","13":"tag-es","14":"tag-espana","15":"tag-familia","16":"tag-inauguracion","17":"tag-roig","18":"tag-spain"},"share_on_mastodon":{"url":"","error":""},"_links":{"self":[{"href":"https:\/\/www.europesays.com\/es\/wp-json\/wp\/v2\/posts\/98278","targetHints":{"allow":["GET"]}}],"collection":[{"href":"https:\/\/www.europesays.com\/es\/wp-json\/wp\/v2\/posts"}],"about":[{"href":"https:\/\/www.europesays.com\/es\/wp-json\/wp\/v2\/types\/post"}],"author":[{"embeddable":true,"href":"https:\/\/www.europesays.com\/es\/wp-json\/wp\/v2\/users\/2"}],"replies":[{"embeddable":true,"href":"https:\/\/www.europesays.com\/es\/wp-json\/wp\/v2\/comments?post=98278"}],"version-history":[{"count":0,"href":"https:\/\/www.europesays.com\/es\/wp-json\/wp\/v2\/posts\/98278\/revisions"}],"wp:featuredmedia":[{"embeddable":true,"href":"https:\/\/www.europesays.com\/es\/wp-json\/wp\/v2\/media\/98279"}],"wp:attachment":[{"href":"https:\/\/www.europesays.com\/es\/wp-json\/wp\/v2\/media?parent=98278"}],"wp:term":[{"taxonomy":"category","embeddable":true,"href":"https:\/\/www.europesays.com\/es\/wp-json\/wp\/v2\/categories?post=98278"},{"taxonomy":"post_tag","embeddable":true,"href":"https:\/\/www.europesays.com\/es\/wp-json\/wp\/v2\/tags?post=98278"}],"curies":[{"name":"wp","href":"https:\/\/api.w.org\/{rel}","templated":true}]}}