{"id":98390,"date":"2025-09-07T01:20:12","date_gmt":"2025-09-07T01:20:12","guid":{"rendered":"https:\/\/www.europesays.com\/es\/98390\/"},"modified":"2025-09-07T01:20:12","modified_gmt":"2025-09-07T01:20:12","slug":"el-tio-james-volvio-a-bancar-a-colapinto-tiene-talento-natural-y-pasion-argentina-ole","status":"publish","type":"post","link":"https:\/\/www.europesays.com\/es\/98390\/","title":{"rendered":"El T\u00edo James volvi\u00f3 a bancar a Colapinto: \u00abTiene talento natural y pasi\u00f3n argentina\u00bb :: Ol\u00e9"},"content":{"rendered":"<p>06\/09\/2025 14:48hs.<\/p>\n<p><strong><a href=\"https:\/\/www.ole.com.ar\/tema\/franco-colapinto.html\" title=\"Franco Colapinto\" alt=\"Franco Colapinto\" class=\"slug\" rel=\"nofollow noopener\" target=\"_blank\">Franco Colapinto<\/a><\/strong> tiene mucha gente que lo banca. Lo que es extra\u00f1o es que en un equipo rival, que compite por los puntos con el suyo, haya alguien que lo quiera tanto y le tire flores cada vez que puede. <strong>Ese es <a href=\"https:\/\/www.ole.com.ar\/tema\/james-vowles.html\" title=\"James Vowles\" alt=\"James Vowles\" class=\"slug\" rel=\"nofollow noopener\" target=\"_blank\">James Vowles<\/a><\/strong>, jefe de Williams que es conocido como el T\u00edo por los argentinos -apodo cari\u00f1oso-, y en el GP de Italia volvi\u00f3 a bancar a su ex piloto. <\/p>\n<p>Consultado por su pollo, al que subi\u00f3 en la FP1 del GP de Gran Breta\u00f1a del a\u00f1o pasado y le confi\u00f3 el auto tras la salida de Logan Sargeant, el brit\u00e1nico le contest\u00f3 a Fox Sports: \u00ab<strong>Con Franco, lo que veo es esta tenacidad y empuje<\/strong>, hay tanto talento natural en \u00e9l que, incluso si a veces no tuvo los sistemas adecuados y menos tiempo en el coche, puede ir y rendir. Y lo m\u00e1s importante es que <strong>lo hace con esta pasi\u00f3n que sale de \u00e9l, que lo reconozco como la pasi\u00f3n argentina<\/strong>. Eso me gusta de \u00e9l\u00bb.<\/p>\n<p><img alt=\"Franco Colapinto junto a James Vowles durante su etapa en Williams. (@JV_F1)\" loading=\"lazy\" width=\"720\" height=\"100\" decoding=\"async\" data-nimg=\"1\" style=\"color:transparent\" src=\"https:\/\/www.europesays.com\/es\/wp-content\/uploads\/2025\/09\/OcKDfoqPg_720x0__1.jpg\"\/>Franco Colapinto junto a James Vowles durante su etapa en Williams. (@JV_F1)<\/p>\n<p>Acerca de sus cualidades, y c\u00f3mo influyeron para que la escuder\u00eda brit\u00e1nica lo eligiera, Vowles sigui\u00f3: \u00abEs humilde, reconoce donde no es fuerte, habla de ello abiertamente, no lo esconde&#8230; Para nosotros,<strong> lo notamos en la F\u00f3rmula 2 y cuando le dimos la oportunidad en Silverstone<\/strong>; la conversaci\u00f3n que tuvimos fue muy simple: &#8216;Tal vez sea la primera y la \u00faltima vez que corras un F1, disfrutalo, no hay presi\u00f3n en vos, no pienses en el tiempo de vuelta, es un momento desde el que pod\u00e9s construir para el resto de tu vida&#8217;. <strong>Lo que vimos fue que se relaj\u00f3, se meti\u00f3 en el momento y termin\u00f3 a una d\u00e9cima y media de Alex (Albon) en su primera vez en el auto<\/strong>. Eso es extraordinario\u00bb.<\/p>\n<p>Las muestras de apoyo de James Vowles a Franco Colapinto<\/p>\n<p>Esta no es la primera vez en la que el jefe de Williams recuerda al argentino. <strong>La muestra de apoyo m\u00e1s importante vino cuando m\u00e1s la necesitaba<\/strong>: <a href=\"https:\/\/www.ole.com.ar\/autos\/jefe-franco-colapinto-defendio-criticas-james-vowles_0_k1Q0SFSxFR.html\" target=\"_self\" title=\"tras las cr\u00edticas de Flavio Briatore antes del GP de Pa\u00edses Bajos\" alt=\"tras las cr\u00edticas de Flavio Briatore antes del GP de Pa\u00edses Bajos\" rel=\"nofollow noopener\">tras las cr\u00edticas de Flavio Briatore antes del GP de Pa\u00edses Bajos<\/a>, sali\u00f3 a apoyarlo con un \u00abcuando la presi\u00f3n no est\u00e1, puedes sacar mucho m\u00e1s del piloto, porque no se preocupa de que un rendimiento inmediato tenga un impacto; <strong>un buen ejemplo fue la primera vez que puse a Franco en Silverstone<\/strong>\u00ab.<\/p>\n<p><img alt=\"Franco Colapinto girando con el Williams FW46 en Silverstone, en 2024. (REUTERS\/Peter Cziborra)\" loading=\"lazy\" width=\"720\" height=\"100\" decoding=\"async\" data-nimg=\"1\" style=\"color:transparent\" src=\"https:\/\/www.europesays.com\/es\/wp-content\/uploads\/2025\/09\/iMLmIT73Z_720x0__1.jpg\"\/>Franco Colapinto girando con el Williams FW46 en Silverstone, en 2024. (REUTERS\/Peter Cziborra)<\/p>\n<p>A los pocos d\u00edas, de cara al GP de Italia, <strong>volvi\u00f3 a acordarse de Colapinto en sus redes sociales<\/strong>. \u00abSemana de carreras, otra vez. Visitar uno de los circuitos m\u00e1s emblem\u00e1ticos del calendario, Monza, siempre es algo que espero con ilusi\u00f3n. <strong>El a\u00f1o pasado por estas fechas, le dimos la bienvenida a Franco a la F\u00f3rmula 1 por primera vez<\/strong>. Tuvo un debut s\u00f3lido, terminando 12\u00ba, mientras que Alex termin\u00f3 en un s\u00f3lido 9\u00ba puesto, sumando dos puntos\u00bb, fue el mensaje del T\u00edo James.<\/p>\n<p><a href=\"https:\/\/www.ole.com.ar\/autos\/formula-1-vivo-clasificacion-gp-italia-franco-colapinto-alpine_0_6BUkECMgaf.html\" aria-label=\"Franco Colapinto super\u00f3 a Pierre Gasly, pero a los Alpine no les dio para m\u00e1s en la clasificaci\u00f3n de la F1 en Italia\" class=\"sc-198398ff-0 dGmAry\" rel=\"nofollow noopener\" target=\"_blank\"><img alt=\"Franco Colapinto super\u00f3 a Pierre Gasly, pero a los Alpine no les dio para m\u00e1s en la clasificaci\u00f3n de la F1 en Italia\" loading=\"lazy\" width=\"290\" height=\"290\" decoding=\"async\" data-nimg=\"1\" style=\"color:transparent\" src=\"https:\/\/www.europesays.com\/es\/wp-content\/uploads\/2025\/09\/9s3sTqDg9_290x290__1.jpg\"\/><\/p>\n<p>Mir\u00e1 tambi\u00e9nFranco Colapinto super\u00f3 a Pierre Gasly, pero a los Alpine no les dio para m\u00e1s en la clasificaci\u00f3n de la F1 en Italia<\/p>\n<p><a href=\"https:\/\/www.ole.com.ar\/autos\/dijo-franco-colapinto-clasificacion-monza-problemas-alpine-puntos_0_KXwSNY8xuu.html\" aria-label=\"Franco Colapinto tras la clasificaci\u00f3n: los &quot;problemas&quot; de Alpine y la posibilidad de sumar puntos\" class=\"sc-198398ff-0 dGmAry\" rel=\"nofollow noopener\" target=\"_blank\"><img alt=\"Franco Colapinto tras la clasificaci\u00f3n: los &quot;problemas&quot; de Alpine y la posibilidad de sumar puntos\" loading=\"lazy\" width=\"290\" height=\"290\" decoding=\"async\" data-nimg=\"1\" style=\"color:transparent\" src=\"https:\/\/www.europesays.com\/es\/wp-content\/uploads\/2025\/07\/55JQSBgZv_290x290__1.jpg\"\/><\/p>\n<p>Mir\u00e1 tambi\u00e9nFranco Colapinto tras la clasificaci\u00f3n: los \u00abproblemas\u00bb de Alpine y la posibilidad de sumar puntos<\/p>\n<p><a href=\"https:\/\/www.ole.com.ar\/autos\/flavio-briatore-hablo-futurop-franco-colapinto-coontinuidad-alpine_0_funCH1IkTw.html\" aria-label=\"Flavio Briatore habl\u00f3 del futuro de Franco Colapinto en Alpine y hasta le puso fecha a la definici\u00f3n\" class=\"sc-198398ff-0 dGmAry\" rel=\"nofollow noopener\" target=\"_blank\"><img alt=\"Flavio Briatore habl\u00f3 del futuro de Franco Colapinto en Alpine y hasta le puso fecha a la definici\u00f3n\" loading=\"lazy\" width=\"290\" height=\"290\" decoding=\"async\" data-nimg=\"1\" style=\"color:transparent\" src=\"https:\/\/www.europesays.com\/es\/wp-content\/uploads\/2025\/09\/VZUY4dCVI_290x290__1.jpg\"\/><\/p>\n<p>Mir\u00e1 tambi\u00e9nFlavio Briatore habl\u00f3 del futuro de Franco Colapinto en Alpine y hasta le puso fecha a la definici\u00f3n<\/p>\n<p><a href=\"https:\/\/www.ole.com.ar\/autos\/quedo-parrilla-gp-italia-monza-formula-1-colapinto_0_iakl69Bxav.html\" aria-label=\"As\u00ed qued\u00f3 la parrilla del GP de Italia en la F\u00f3rmula 1\" class=\"sc-198398ff-0 dGmAry\" rel=\"nofollow noopener\" target=\"_blank\"><img alt=\"As\u00ed qued\u00f3 la parrilla del GP de Italia en la F\u00f3rmula 1\" loading=\"lazy\" width=\"290\" height=\"290\" decoding=\"async\" data-nimg=\"1\" style=\"color:transparent\" src=\"https:\/\/www.europesays.com\/es\/wp-content\/uploads\/2025\/09\/BVZTU0AbJ_290x290__1.jpg\"\/><\/p>\n<p>Mir\u00e1 tambi\u00e9nAs\u00ed qued\u00f3 la parrilla del GP de Italia en la F\u00f3rmula 1<\/p>\n<p><a href=\"https:\/\/www.ole.com.ar\/autos\/alpine-pierre-gasly-contrato-renovacion-2028_0_h5NPgkOlGd.html\" aria-label=\"El anuncio que hizo Alpine antes de la clasificaci\u00f3n del Gran Premio de Italia\" class=\"sc-198398ff-0 dGmAry\" rel=\"nofollow noopener\" target=\"_blank\"><img alt=\"El anuncio que hizo Alpine antes de la clasificaci\u00f3n del Gran Premio de Italia\" loading=\"lazy\" width=\"290\" height=\"290\" decoding=\"async\" data-nimg=\"1\" style=\"color:transparent\" src=\"https:\/\/www.europesays.com\/es\/wp-content\/uploads\/2025\/09\/6w8HjqeOa_290x290__1.jpg\"\/><\/p>\n<p>Mir\u00e1 tambi\u00e9nEl anuncio que hizo Alpine antes de la clasificaci\u00f3n del Gran Premio de Italia<\/p>\n","protected":false},"excerpt":{"rendered":"06\/09\/2025 14:48hs. Franco Colapinto tiene mucha gente que lo banca. Lo que es extra\u00f1o es que en un&hellip;\n","protected":false},"author":2,"featured_media":98391,"comment_status":"","ping_status":"","sticky":false,"template":"","format":"standard","meta":{"footnotes":""},"categories":[270],"tags":[168,25,24,306,271,272,1723,10709,23,167],"class_list":{"0":"post-98390","1":"post","2":"type-post","3":"status-publish","4":"format-standard","5":"has-post-thumbnail","7":"category-formula-1","8":"tag-deportes","9":"tag-es","10":"tag-espana","11":"tag-f1","12":"tag-formula-1","13":"tag-formula1","14":"tag-franco-colapinto","15":"tag-james-vowles","16":"tag-spain","17":"tag-sports"},"share_on_mastodon":{"url":"","error":""},"_links":{"self":[{"href":"https:\/\/www.europesays.com\/es\/wp-json\/wp\/v2\/posts\/98390","targetHints":{"allow":["GET"]}}],"collection":[{"href":"https:\/\/www.europesays.com\/es\/wp-json\/wp\/v2\/posts"}],"about":[{"href":"https:\/\/www.europesays.com\/es\/wp-json\/wp\/v2\/types\/post"}],"author":[{"embeddable":true,"href":"https:\/\/www.europesays.com\/es\/wp-json\/wp\/v2\/users\/2"}],"replies":[{"embeddable":true,"href":"https:\/\/www.europesays.com\/es\/wp-json\/wp\/v2\/comments?post=98390"}],"version-history":[{"count":0,"href":"https:\/\/www.europesays.com\/es\/wp-json\/wp\/v2\/posts\/98390\/revisions"}],"wp:featuredmedia":[{"embeddable":true,"href":"https:\/\/www.europesays.com\/es\/wp-json\/wp\/v2\/media\/98391"}],"wp:attachment":[{"href":"https:\/\/www.europesays.com\/es\/wp-json\/wp\/v2\/media?parent=98390"}],"wp:term":[{"taxonomy":"category","embeddable":true,"href":"https:\/\/www.europesays.com\/es\/wp-json\/wp\/v2\/categories?post=98390"},{"taxonomy":"post_tag","embeddable":true,"href":"https:\/\/www.europesays.com\/es\/wp-json\/wp\/v2\/tags?post=98390"}],"curies":[{"name":"wp","href":"https:\/\/api.w.org\/{rel}","templated":true}]}}