{"id":98497,"date":"2025-09-07T02:54:08","date_gmt":"2025-09-07T02:54:08","guid":{"rendered":"https:\/\/www.europesays.com\/es\/98497\/"},"modified":"2025-09-07T02:54:08","modified_gmt":"2025-09-07T02:54:08","slug":"este-es-el-1x1-y-las-notas-del-malaga-cf-ante-el-granada-cf","status":"publish","type":"post","link":"https:\/\/www.europesays.com\/es\/98497\/","title":{"rendered":"Este es el 1&#215;1 y las notas del M\u00e1laga CF ante el Granada CF"},"content":{"rendered":"<p><a href=\"https:\/\/www.merchanendirecto.es\/wp-content\/uploads\/2025\/09\/1x1-notas-malaga-granada.webp\" data-caption=\"Dise\u00f1o: Alba Arquillos Torres\" rel=\"nofollow noopener\" target=\"_blank\"><img loading=\"lazy\" decoding=\"async\" width=\"696\" height=\"392\" class=\"entry-thumb td-modal-image\" src=\"https:\/\/www.europesays.com\/es\/wp-content\/uploads\/2025\/09\/1x1-notas-malaga-granada-696x392.webp.webp\"   alt=\"\" title=\"1x1 notas m\u00e1laga granada\"\/><\/a>Dise\u00f1o: Alba Arquillos Torres<\/p>\n<p><a href=\"https:\/\/www.merchanendirecto.es\/malaga-cf\/cronica-malaga-cf-chupete-y-a-dormirse-ante-el-granada-cf\/\" rel=\"nofollow noopener\" target=\"_blank\">Empate en el derbi entre M\u00e1laga CF y Granada CF <\/a>en un partido de menos a m\u00e1s para los malaguistas. Remont\u00f3 el cuadro de <strong>Pacheta<\/strong> el doblete de <strong>Chupete<\/strong>, desperdiciando los boquerones una oportunidad de oro para dormir l\u00edderes este s\u00e1bado en <strong>LaLiga Hypermotion<\/strong>. <strong>Este es el 1\u00d71 y las notas del <a href=\"http:\/\/malagacf.com\" rel=\"nofollow noopener\" target=\"_blank\">M\u00e1laga CF<\/a> ante el Granada CF. <\/strong><\/p>\n<p><strong>ALFONSO HERRERO (5):\u00a0<\/strong>Los dos goles vinieron de desafortunadas acciones para el toledano. En ambos un defensa desv\u00eda la trayectoria del bal\u00f3n. Estuvo un poco inseguro. <\/p>\n<p><strong>CARLOS PUGA (4):<\/strong>\u00a0Superado por completo y muy exigido por Faye. Regateado en varias ocasiones. Fue sustituido al descanso. Muy lejos de su gran nivel de las primeras jornadas. Termin\u00f3 con molestias. <\/p>\n<p><strong>JAVI MONTERO (5,5):\u00a0<\/strong>De m\u00e1s a menos. El m\u00e1s destacado de una zaga que sufri\u00f3 mucho y no estuvo fina. Con la entrada de Pascual le cost\u00f3. Estuvo bien en los duelos. <\/p>\n<p><strong>MURILLO (5):\u00a0<\/strong>Un tanto impreciso. Le cost\u00f3 sostener a los delanteros y perdi\u00f3 m\u00e1s pelotas de lo habitual. <\/p>\n<p><strong>DANI S. (4):\u00a0<\/strong>Pablo S\u00e1enz le trajo de cabeza mientras estuvo en el campo. Sufri\u00f3 tambi\u00e9n con Faye y Rodelas. Apenas pudo tener protagonismo en ataque.<\/p>\n<p><strong>JUANPE (7):\u00a0<\/strong>Muy de m\u00e1s a menos. Aun as\u00ed, de los mejores. Su p\u00e9rdida de protagonismo en el partido coincide con el baj\u00f3n del equipo y la p\u00e9rdida de protagonismo con bal\u00f3n. Asistencia maravillosa a Chupete en el primero. Acertado en los cambios de orientaci\u00f3n y capaz de poner pausa y cordura a la circulaci\u00f3n del equipo. <\/p>\n<p><strong>IZAN MERINO (6):\u00a0<\/strong>Dist\u00f3 poco de su papel en los partidos anteriores. No est\u00e1 en el escaparate, pero su trabajo es muy necesario. Aport\u00f3 equilibrio. <\/p>\n<p><strong>RAFA R. (4,5): <\/strong>Desaparecido. Apenas pudo amenazar en la frontal. Al equipo le costaba encontrarle. \u00a0<\/p>\n<p><strong>LARRUBIA (6,5):<\/strong>\u00a0Como siempre, el m\u00e1s valiente a la hora de encarar e intentarlo. Asisti\u00f3 a Chupete en el segundo gol. Tuvo una lectura muy buena de los desmarques diagonales a la espalda en la primera parte. Se termin\u00f3 diluyendo f\u00edsicamente. <\/p>\n<p><strong>JOAQU\u00cdN MU\u00d1OZ (6,5):\u00a0<\/strong>Esfuerzo defensivo incontestable. Vertical, valiente y ganador de duelos. A superar, el debe de convertir ese trabajo en cifras. <\/p>\n<p><strong>CHUPETE (8):<\/strong>\u00a0Le sent\u00f3 bien su primer partido con el 9 a la espalda. Anot\u00f3 un primer gol que fue una obra de arte y estuvo atento para mandarla c\u00f3modamente a la red en el segundo. Brega constantemente y es un dolor de cabeza constante para los centrales. <\/p>\n<p>\u2014\u2014\u2014\u2014\u2014\u2014\u2014\u2014\u2014\u2014\u2014\u2014\u2014\u2014\u2014\u2014\u2014\u2014\u2014\u2014\u2014\u2014\u2014\u2014\u2014\u2014\u2014<\/p>\n<p><strong>GABILONDO (3):<\/strong> Sufri\u00f3 con Faye en su entrada al campo y tanto Sola como Arn\u00e1iz le superaron en varias ocasiones con facilidad. Pierde tensi\u00f3n y se despista con su marca en el segundo gol del Granada. <\/p>\n<p><strong>C. DOTOR (5):<\/strong> Intent\u00f3 imprimir ritmo al equipo. Tuvo una ocasi\u00f3n muy clara de remate de cabeza en la que no coloc\u00f3 bien el cuerpo. <\/p>\n<p><strong>LOBETE (4):<\/strong> Da continuidad a las jugadas, pero sigue sin conseguir ser diferencial.  <\/p>\n<p><strong>OCHOA (4):<\/strong> Apenas pudo conectar con la pelota. Pellicer buscaba su dinamismo y atrevimiento para crear peligro. Le cost\u00f3. <\/p>\n<p><strong>JAUREGI (S\/N)<\/strong><\/p>\n<p>\u2014\u2014\u2014\u2014\u2014\u2014\u2014\u2014\u2014\u2014\u2014\u2014\u2014\u2014\u2014\u2014\u2014\u2014\u2014\u2014\u2014\u2014\u2014\u2014\u2014<\/p>\n<p><strong>PELLICER (5):<\/strong> Primeros 30 minutos de notable alto, pero el equipo se termin\u00f3 cayendo y sufriendo en exceso. Sobre todo en la segunda parte. No hubo acierto en los cambios y el equipo se qued\u00f3 sin ideas en ataque. Le cost\u00f3 encontrar soluciones para frenar a los extremos rivales. <\/p>\n","protected":false},"excerpt":{"rendered":"Dise\u00f1o: Alba Arquillos Torres Empate en el derbi entre M\u00e1laga CF y Granada CF en un partido de&hellip;\n","protected":false},"author":2,"featured_media":98498,"comment_status":"","ping_status":"","sticky":false,"template":"","format":"standard","meta":{"footnotes":""},"categories":[268],"tags":[10306,168,25,24,280,282,18015,4174,1963,17754,281,23,167],"class_list":{"0":"post-98497","1":"post","2":"type-post","3":"status-publish","4":"format-standard","5":"has-post-thumbnail","7":"category-futbol","8":"tag-1x1","9":"tag-deportes","10":"tag-es","11":"tag-espana","12":"tag-football","13":"tag-futbol","14":"tag-granada-cf","15":"tag-laliga-hypermotion","16":"tag-malaga-cf","17":"tag-notas","18":"tag-soccer","19":"tag-spain","20":"tag-sports"},"share_on_mastodon":{"url":"","error":""},"_links":{"self":[{"href":"https:\/\/www.europesays.com\/es\/wp-json\/wp\/v2\/posts\/98497","targetHints":{"allow":["GET"]}}],"collection":[{"href":"https:\/\/www.europesays.com\/es\/wp-json\/wp\/v2\/posts"}],"about":[{"href":"https:\/\/www.europesays.com\/es\/wp-json\/wp\/v2\/types\/post"}],"author":[{"embeddable":true,"href":"https:\/\/www.europesays.com\/es\/wp-json\/wp\/v2\/users\/2"}],"replies":[{"embeddable":true,"href":"https:\/\/www.europesays.com\/es\/wp-json\/wp\/v2\/comments?post=98497"}],"version-history":[{"count":0,"href":"https:\/\/www.europesays.com\/es\/wp-json\/wp\/v2\/posts\/98497\/revisions"}],"wp:featuredmedia":[{"embeddable":true,"href":"https:\/\/www.europesays.com\/es\/wp-json\/wp\/v2\/media\/98498"}],"wp:attachment":[{"href":"https:\/\/www.europesays.com\/es\/wp-json\/wp\/v2\/media?parent=98497"}],"wp:term":[{"taxonomy":"category","embeddable":true,"href":"https:\/\/www.europesays.com\/es\/wp-json\/wp\/v2\/categories?post=98497"},{"taxonomy":"post_tag","embeddable":true,"href":"https:\/\/www.europesays.com\/es\/wp-json\/wp\/v2\/tags?post=98497"}],"curies":[{"name":"wp","href":"https:\/\/api.w.org\/{rel}","templated":true}]}}