{"id":98621,"date":"2025-09-07T04:31:09","date_gmt":"2025-09-07T04:31:09","guid":{"rendered":"https:\/\/www.europesays.com\/es\/98621\/"},"modified":"2025-09-07T04:31:09","modified_gmt":"2025-09-07T04:31:09","slug":"lady-gaga-desato-una-maldicion-luego-de-visitar-la-isla-de-las-munecas","status":"publish","type":"post","link":"https:\/\/www.europesays.com\/es\/98621\/","title":{"rendered":"LADY GAGA desat\u00f3 una MALDICI\u00d3N luego de visitar la Isla de las Mu\u00f1ecas"},"content":{"rendered":"\n<p>      6 de septiembre 2025 &#8211; 22:35<\/p>\n<p class=\"ignore-parser\">Algunos fans creyeron que una maldici\u00f3n podr\u00eda estar detr\u00e1s de la cancelaci\u00f3n de uno de sus conciertos, luego de que grabara un videoclip en el emblem\u00e1tico escenario de Xochimilco.<\/p>\n<p>      <img loading=\"lazy\" decoding=\"async\" src=\"https:\/\/www.europesays.com\/es\/wp-content\/uploads\/2025\/09\/lady-gaga-cdmx-isla-munecas.jpg\" class=\"detail-highlighted-multimedia__figure-img img-fluid\" alt=\"Despu\u00e9s de la publicaci\u00f3n de este nuevo sencillo, cay\u00f3 una maldici\u00f3n para la artista.\" width=\"1920\" height=\"1080\" crossorigin=\"anonymous\"\/>       <\/p>\n<p><strong> Lady Gaga<\/strong> es una de las artistas m\u00e1s escuchadas en todo el mundo, y <strong>M\u00e9xico<\/strong> no es la excepci\u00f3n. La cantante caus\u00f3 furor entre los fan\u00e1ticos debido a que en estos \u00faltimos d\u00edas lanz\u00f3 un videoclip dirigido por <strong>Tim Burton<\/strong> en la inquietante <strong>Isla de las Mu\u00f1ecas<\/strong>, en <strong>Xochimilco<\/strong>, <strong><a href=\"https:\/\/www.ambito.com\/mexico\/informacion-general\/tormenta-negra-llega-este-sabado-6-septiembre-2025-al-norte-y-centro-mexico-descargas-electricas-y-vientos-fuertes-n6187440\" target=\"_blank\" rel=\"follow nofollow noopener\">Ciudad de M\u00e9xico<\/a><\/strong>.<\/p>\n<p>El contenido al que quiere acceder es exclusivo para suscriptores.<\/p>\n<p>   suscribirse   ya estoy suscripto  <\/p>\n<p>El escenario, conocido por sus <strong>mu\u00f1ecas desgastadas colgadas en \u00e1rboles y estructuras<\/strong>, ha sido desde hace d\u00e9cadas objeto de narraciones paranormales.<\/p>\n<p>\t\t\tInformate m\u00e1s\t\t\t\t\t\t\t\t\t\t<a href=\"https:\/\/www.ambito.com\/mexico\/informacion-general\/estado-del-metro-cdmx-y-metrobus-hoy-5-septiembre-2025-estas-son-las-lineas-afectadas-y-estaciones-cerradas-n6186842\" target=\"\" title=\"\u00e1mbito.com | Estado del Metro CDMX y Metrob\u00fas hoy, 5 de septiembre 2025: estas son las l\u00edneas afectadas y estaciones cerradas\" alt=\"\u00e1mbito.com | Estado del Metro CDMX y Metrob\u00fas hoy, 5 de septiembre 2025: estas son las l\u00edneas afectadas y estaciones cerradas\" rel=\"noindex nofollow noreferrer noopener\"><br \/>\n\t\t\t\t\t\t\t\t\t\t\t<img loading=\"lazy\" decoding=\"async\" src=\"https:\/\/www.ambito.com\/css-custom\/360\/lazy.svg\" data-td-src-property=\"https:\/\/media.ambito.com\/p\/6bf77d103a9b80469f22113ed9309f6a\/adjuntos\/360\/imagenes\/042\/556\/0042556671\/93x52\/smart\/linea-8-metro-cdmxjpeg.jpeg\" alt=\"Estado del Metro CDMX y Metrob\u00fas hoy, 5 de septiembre 2025: estas son las l\u00edneas afectadas y estaciones cerradas.\" title=\"Estado del Metro CDMX y Metrob\u00fas hoy, 5 de septiembre 2025: estas son las l\u00edneas afectadas y estaciones cerradas.\" width=\"93\" height=\"52\" class=\"news-article__figure-img figure-img img-fluid\"\/>\t\t<\/a>\t\t\t\t\t\t\t\t\t\t\t\t<a href=\"https:\/\/www.ambito.com\/mexico\/lifestyle\/las-tres-mejores-montanas-visitar-cerca-cdmx-septiembre-2025-n6186674\" target=\"\" title=\"\u00e1mbito.com | Las tres mejores monta\u00f1as para visitar cerca de CDMX en septiembre 2025\" alt=\"\u00e1mbito.com | Las tres mejores monta\u00f1as para visitar cerca de CDMX en septiembre 2025\" rel=\"noindex nofollow noreferrer noopener\"><br \/>\n\t\t\t\t\t\t\t\t\t\t\t<img loading=\"lazy\" decoding=\"async\" src=\"https:\/\/www.ambito.com\/css-custom\/360\/lazy.svg\" data-td-src-property=\"https:\/\/media.ambito.com\/p\/576080cdae6d3fc01b6d3ed8962d24f6\/adjuntos\/360\/imagenes\/042\/733\/0042733886\/93x52\/smart\/images.jpeg\" alt=\"Paisajes monta\u00f1osos para visitar cerca de CDMX.\" title=\"Paisajes monta\u00f1osos para visitar cerca de CDMX.\" width=\"93\" height=\"52\" class=\"news-article__figure-img figure-img img-fluid\"\/>\t\t<\/a>\t\t\t\t\t\t <\/p>\n<p>Caracterizada como una mu\u00f1eca siniestra que cobra vida, interact\u00faa con los objetos y el entorno en una coreograf\u00eda inspirada en <strong>Thriller<\/strong> y ambientada en una est\u00e9tica g\u00f3tica en blanco y negro.<\/p>\n<p>Esto podr\u00eda haber desatado una maldici\u00f3n para <strong>Lady Gaga<\/strong>, ya que tuvo que cancelar un concierto en <strong>Miami <\/strong>debido a problemas en sus cuerdas vocales.<\/p>\n<p>  Problemas para Lady Gaga luego de su videoclip en Ciudad de M\u00e9xico <\/p>\n<p> En redes sociales, algunos fans y medios digitales relacionaron la cancelaci\u00f3n con una maldici\u00f3n derivada de haber tocado las mu\u00f1ecas embrujadas de <strong>Xochimilco<\/strong>. Entre los memes y comentarios, circulaban frases como que Gaga \u201cdesat\u00f3 una maldici\u00f3n\u201d o que \u201clas mu\u00f1ecas la maldijeron por tocarlas\u201d.<\/p>\n<p>El equipo de la artista aclar\u00f3 que el motivo m\u00e9dico fue una <strong>lesi\u00f3n vocal<\/strong> que, de no atenderse a tiempo, podr\u00eda haber derivado en da\u00f1o permanente. <\/p>\n<p>La Isla<strong> de las Mu\u00f1ecas<\/strong> sigue siendo un lugar fascinante debido a su mezcla de arte vernacular y tradici\u00f3n oral, donde la leyenda de un esp\u00edritu infantil y la visi\u00f3n de su creador, Don Juli\u00e1n Santana, cobra vida en cada mu\u00f1eca colgada.<\/p>\n<p>La canci\u00f3n que trajo una maldici\u00f3n para Lady Gaga  <\/p>\n<p>Embed &#8211; Lady Gaga &#8211; The Dead Dance (Official Music Video)<\/p>\n","protected":false},"excerpt":{"rendered":"6 de septiembre 2025 &#8211; 22:35 Algunos fans creyeron que una maldici\u00f3n podr\u00eda estar detr\u00e1s de la cancelaci\u00f3n&hellip;\n","protected":false},"author":2,"featured_media":98622,"comment_status":"","ping_status":"","sticky":false,"template":"","format":"standard","meta":{"footnotes":""},"categories":[170],"tags":[146,147,25,24,184,185,23],"class_list":{"0":"post-98621","1":"post","2":"type-post","3":"status-publish","4":"format-standard","5":"has-post-thumbnail","7":"category-musica","8":"tag-entertainment","9":"tag-entretenimiento","10":"tag-es","11":"tag-espana","12":"tag-music","13":"tag-musica","14":"tag-spain"},"share_on_mastodon":{"url":"","error":""},"_links":{"self":[{"href":"https:\/\/www.europesays.com\/es\/wp-json\/wp\/v2\/posts\/98621","targetHints":{"allow":["GET"]}}],"collection":[{"href":"https:\/\/www.europesays.com\/es\/wp-json\/wp\/v2\/posts"}],"about":[{"href":"https:\/\/www.europesays.com\/es\/wp-json\/wp\/v2\/types\/post"}],"author":[{"embeddable":true,"href":"https:\/\/www.europesays.com\/es\/wp-json\/wp\/v2\/users\/2"}],"replies":[{"embeddable":true,"href":"https:\/\/www.europesays.com\/es\/wp-json\/wp\/v2\/comments?post=98621"}],"version-history":[{"count":0,"href":"https:\/\/www.europesays.com\/es\/wp-json\/wp\/v2\/posts\/98621\/revisions"}],"wp:featuredmedia":[{"embeddable":true,"href":"https:\/\/www.europesays.com\/es\/wp-json\/wp\/v2\/media\/98622"}],"wp:attachment":[{"href":"https:\/\/www.europesays.com\/es\/wp-json\/wp\/v2\/media?parent=98621"}],"wp:term":[{"taxonomy":"category","embeddable":true,"href":"https:\/\/www.europesays.com\/es\/wp-json\/wp\/v2\/categories?post=98621"},{"taxonomy":"post_tag","embeddable":true,"href":"https:\/\/www.europesays.com\/es\/wp-json\/wp\/v2\/tags?post=98621"}],"curies":[{"name":"wp","href":"https:\/\/api.w.org\/{rel}","templated":true}]}}