{"id":98806,"date":"2025-09-07T06:45:06","date_gmt":"2025-09-07T06:45:06","guid":{"rendered":"https:\/\/www.europesays.com\/es\/98806\/"},"modified":"2025-09-07T06:45:06","modified_gmt":"2025-09-07T06:45:06","slug":"charlie-sheen-habla-por-primera-vez-sobre-sus-encuentros-sexuales-con-hombres","status":"publish","type":"post","link":"https:\/\/www.europesays.com\/es\/98806\/","title":{"rendered":"Charlie Sheen habla por primera vez sobre sus encuentros sexuales con hombres"},"content":{"rendered":"<p>El actor <a href=\"https:\/\/rpp.pe\/noticias\/charlie-sheen\" target=\"_blank\" rel=\"noopener nofollow\">Charlie Sheen<\/a> decidi\u00f3 contar todo acerca de su vida privada en <strong>The Book of Sheen<\/strong>, un libro que recopila sus memorias y en el que, por primera vez, habla de sus encuentros sexuales con hombres. Parte de este testimonio tambi\u00e9n se incluye en su documental <strong>aka Charlie Sheen<\/strong>, producido por <strong>Netflix<\/strong>.<\/p>\n<p>Como parte de la promoci\u00f3n de estos lanzamientos, el protagonista de <a href=\"https:\/\/rpp.pe\/noticias\/two-and-a-half-men\" target=\"_blank\" rel=\"noopener nofollow\">Two and a Half Men<\/a> concedi\u00f3 varias entrevistas en las que relat\u00f3 c\u00f3mo comenz\u00f3 a experimentar con personas de su mismo sexo, despu\u00e9s de haber estado solo con mujeres. \u00abLe di la vuelta al men\u00fa\u00bb, sostuvo en declaraciones citadas por People.<\/p>\n<p>Asimismo, revel\u00f3 que esta etapa comenz\u00f3 despu\u00e9s de empezar a fumar crack.<\/p>\n<p>\u00abEso fue lo que lo inici\u00f3. Ah\u00ed naci\u00f3 o se encendi\u00f3. Y en los periodos en que estaba lejos de la pipa, intentando procesarlo, pregunt\u00e1ndome: &#8216;\u00bfDe d\u00f3nde sali\u00f3 esto? \u00bfPor qu\u00e9 pas\u00f3?&#8217;\u2026 y finalmente aceptar\u00bb, detall\u00f3.<\/p>\n<p><strong>Sheen<\/strong>, de 60 a\u00f1os, dijo que mantuvo en secreto sus encuentros con hombres, porque estuvo sometido a extorsiones.<\/p>\n<p>\u00abEn ese momento pens\u00e9: &#8216;Est\u00e1 bien, mejor paguemos para mantenerlo en silencio. Y ojal\u00e1 se quede ah\u00ed, que desaparezca'\u00bb. Sin embargo, admiti\u00f3 que se sent\u00eda \u00abreh\u00e9n\u00bb de esa situaci\u00f3n y que decidi\u00f3 liberarse comparti\u00e9ndolo p\u00fablicamente: \u00abFue liberador, jodidamente liberador\u2026 [poder] hablar de estas cosas\u00bb.\u00a0<\/p>\n<p>Charlie Sheen record\u00f3 c\u00f3mo enfrent\u00f3 extorsiones tras revelar que era portador de VIH<\/p>\n<p>En 2015, durante el programa\u00a0Today, <strong>Charlie Sheen<\/strong> revel\u00f3 que era portador de VIH, virus que, dijo, contrajo durante sus a\u00f1os de consumo de drogas. Explic\u00f3 que intent\u00f3 mantener en privado su diagn\u00f3stico, pero que nuevamente fue objeto de extorsiones.<\/p>\n<p>Cont\u00f3 que algunas personas que pasaban la noche en su casa fotografiaban su medicaci\u00f3n y lo amenazaban con difundir su estado de salud si no recib\u00edan dinero. Seg\u00fan narr\u00f3, en un inicio accedi\u00f3, pero luego decidi\u00f3 hacerlo p\u00fablico.<\/p>\n<p>No obstante, asegur\u00f3 que nunca transmiti\u00f3 el virus a ninguna de sus exparejas sexuales: \u00abS\u00e9 con certeza que nunca lo pas\u00e9\u00bb.<\/p>\n<p>Sobrio desde 2017, Sheen asegur\u00f3 que est\u00e1 enfocado en enmendar los da\u00f1os que caus\u00f3 su comportamiento, sin buscar presentarse como v\u00edctima: \u00abNo voy a huir de mi pasado ni dejar que me controle\u00bb.<\/p>\n<p>Las memorias <strong>The Book of Sheen <\/strong>estar\u00e1n disponibles el 9 de septiembre, y el documental <strong>aka Charlie Sheen<\/strong> se estrenar\u00e1 en <strong>Netflix<\/strong> un d\u00eda despu\u00e9s.<\/p>\n","protected":false},"excerpt":{"rendered":"El actor Charlie Sheen decidi\u00f3 contar todo acerca de su vida privada en The Book of Sheen, un&hellip;\n","protected":false},"author":2,"featured_media":98807,"comment_status":"","ping_status":"","sticky":false,"template":"","format":"standard","meta":{"footnotes":""},"categories":[174],"tags":[255,33712,146,147,25,24,256,152,23,35209],"class_list":{"0":"post-98806","1":"post","2":"type-post","3":"status-publish","4":"format-standard","5":"has-post-thumbnail","7":"category-famosos","8":"tag-celebrities","9":"tag-charlie-sheen","10":"tag-entertainment","11":"tag-entretenimiento","12":"tag-es","13":"tag-espana","14":"tag-famosos","15":"tag-netflix","16":"tag-spain","17":"tag-two-and-a-half-men"},"share_on_mastodon":{"url":"","error":""},"_links":{"self":[{"href":"https:\/\/www.europesays.com\/es\/wp-json\/wp\/v2\/posts\/98806","targetHints":{"allow":["GET"]}}],"collection":[{"href":"https:\/\/www.europesays.com\/es\/wp-json\/wp\/v2\/posts"}],"about":[{"href":"https:\/\/www.europesays.com\/es\/wp-json\/wp\/v2\/types\/post"}],"author":[{"embeddable":true,"href":"https:\/\/www.europesays.com\/es\/wp-json\/wp\/v2\/users\/2"}],"replies":[{"embeddable":true,"href":"https:\/\/www.europesays.com\/es\/wp-json\/wp\/v2\/comments?post=98806"}],"version-history":[{"count":0,"href":"https:\/\/www.europesays.com\/es\/wp-json\/wp\/v2\/posts\/98806\/revisions"}],"wp:featuredmedia":[{"embeddable":true,"href":"https:\/\/www.europesays.com\/es\/wp-json\/wp\/v2\/media\/98807"}],"wp:attachment":[{"href":"https:\/\/www.europesays.com\/es\/wp-json\/wp\/v2\/media?parent=98806"}],"wp:term":[{"taxonomy":"category","embeddable":true,"href":"https:\/\/www.europesays.com\/es\/wp-json\/wp\/v2\/categories?post=98806"},{"taxonomy":"post_tag","embeddable":true,"href":"https:\/\/www.europesays.com\/es\/wp-json\/wp\/v2\/tags?post=98806"}],"curies":[{"name":"wp","href":"https:\/\/api.w.org\/{rel}","templated":true}]}}