{"id":98811,"date":"2025-09-07T06:51:07","date_gmt":"2025-09-07T06:51:07","guid":{"rendered":"https:\/\/www.europesays.com\/es\/98811\/"},"modified":"2025-09-07T06:51:07","modified_gmt":"2025-09-07T06:51:07","slug":"pedri-un-espejo-para-guler","status":"publish","type":"post","link":"https:\/\/www.europesays.com\/es\/98811\/","title":{"rendered":"Pedri, un espejo para G\u00fcler"},"content":{"rendered":"<p style=\"\">Recibe a la selecci\u00f3n para su segundo encuentro de la fase de clasificaci\u00f3n para el Mundial la ciudad de Konya. Ubicada al sur de la regi\u00f3n central de Turqu\u00eda, anta\u00f1o conocida como Iconio, destino del primer viaje misionero de San Pablo y erigida hoy como  &#8230; el gran basti\u00f3n tradicional del islam en suelo otomano, ser\u00e1 el escenario del duelo de esta noche (<strong>20.45, La 1<\/strong>) entre los combinados espa\u00f1ol y turco que dirime el temprano liderato del grupo, \u00fanica plaza que da acceso directo a la Copa del Mundo. Un enfrentamiento en el que se ver\u00e1n las caras dos generadores, dos mediapuntas con alma de centrocampista, uno de ellos ya situado entre los mejores del mundo y el otro llamado a serlo en los pr\u00f3ximos tiempos. Se trata del duelo particular que vivir\u00e1n <strong>Pedri y Arda G\u00fcler<\/strong>.<\/p>\n<p class=\"voc-p\" style=\"\">El espa\u00f1ol despunt\u00f3 en Las Palmas como un jugador de sobrada calidad para buscar el regate o el \u00faltimo pase, generalmente tirado a una banda. Con estas caracter\u00edsticas aterriz\u00f3 en el Barcelona, aunque el paso de las temporadas y el esquema utilizado en la Ciudad Condal ha terminado por convertirle en un h\u00edbrido perfecto, un hombre clave en la creaci\u00f3n de la jugada y determinante a la hora de llevarla a buen puerto en \u00e1rea rival. El excelso nivel demostrado por el canario la campa\u00f1a pasada lo ha incluido en la lista de nominados al Bal\u00f3n de Oro. <\/p>\n<p class=\"voc-p\" style=\"\">En la selecci\u00f3n, sin embargo, De la Fuente apostaba por \u00e9l m\u00e1s cerca de la finalizaci\u00f3n que de la creaci\u00f3n, por delante de Rodri y Fabi\u00e1n. Una demarcaci\u00f3n en la que durante la pasada Eurocopa no destac\u00f3 y, aunque desafortunada por la lesi\u00f3n que sufri\u00f3 ante Alemania, el equipo agradeci\u00f3 la entrada de Dani Olmo. La ausencia del centrocampista de Los Palacios en esta convocatoria provoc\u00f3 que Pedri retrasara su posici\u00f3n, dando lugar a una versi\u00f3n del isle\u00f1o m\u00e1s influyente y m\u00e1s cercana a la mostrada en el Barcelona.<\/p>\n<p class=\"voc-p\" style=\"\">Una transici\u00f3n similar atraviesa G\u00fcler, que tiene en Pedri un espejo ideal en el que mirarse. El turco aterriz\u00f3 en Madrid como el gran talento del f\u00fatbol otomano, un mediapunta con una zurda exquisita. Sus oportunidades con Ancelotti fueron de menos a m\u00e1s, y en todas ellas el nombre del joven turco aparec\u00eda pegado a una banda. Xabi Alonso, sin embargo, entiende en G\u00fcler un futbolista diferente, un generador. Por ello ya en el Mundial de Clubes ubic\u00f3 al turco en el mediocentro, una apuesta que ha mantenido, aun con variaciones, en el inicio de Liga. Una sorpresa que ha dotado al juego del conjunto blanco de mayor fluidez y criterio, con ciertas carencias por su f\u00edsico suplidas por su inteligencia en la colocaci\u00f3n.<\/p>\n<p class=\"voc-p\" style=\"\">Pedri y G\u00fcler, que podr\u00edan ser dos evoluciones de un mismo Pokemon, se ven las caras hoy en Konya, donde el turco conf\u00eda en que haya una atm\u00f3sfera infernal, algo que dif\u00edcilmente sorprender\u00e1 a De la Fuente. \u00abVenimos de jugar una Eurocopa con ambientes muy hostiles. Ser\u00e1 un ambiente intenso y bonito. Estamos preparados\u00bb, asegur\u00f3. El riojano fue secundado en rueda de prensa por Rodri, orgulloso de los 26 partidos sin perder de la selecci\u00f3n que le sit\u00faan a solo tres de la racha hist\u00f3rica cosechada por los de Vicente del Bosque entre 2010 y 2013. \u00abEncadenar tantos partidos sin perder habla de que es una generaci\u00f3n que ha hecho cosas grandes y promete mucho m\u00e1s\u00bb, sentenci\u00f3.<\/p>\n","protected":false},"excerpt":{"rendered":"Recibe a la selecci\u00f3n para su segundo encuentro de la fase de clasificaci\u00f3n para el Mundial la ciudad&hellip;\n","protected":false},"author":2,"featured_media":98812,"comment_status":"","ping_status":"","sticky":false,"template":"","format":"standard","meta":{"footnotes":""},"categories":[93],"tags":[168,25,24,5174,35210,16809,23,167],"class_list":{"0":"post-98811","1":"post","2":"type-post","3":"status-publish","4":"format-standard","5":"has-post-thumbnail","7":"category-deportes","8":"tag-deportes","9":"tag-es","10":"tag-espana","11":"tag-espejo","12":"tag-guler","13":"tag-pedri","14":"tag-spain","15":"tag-sports"},"share_on_mastodon":{"url":"","error":""},"_links":{"self":[{"href":"https:\/\/www.europesays.com\/es\/wp-json\/wp\/v2\/posts\/98811","targetHints":{"allow":["GET"]}}],"collection":[{"href":"https:\/\/www.europesays.com\/es\/wp-json\/wp\/v2\/posts"}],"about":[{"href":"https:\/\/www.europesays.com\/es\/wp-json\/wp\/v2\/types\/post"}],"author":[{"embeddable":true,"href":"https:\/\/www.europesays.com\/es\/wp-json\/wp\/v2\/users\/2"}],"replies":[{"embeddable":true,"href":"https:\/\/www.europesays.com\/es\/wp-json\/wp\/v2\/comments?post=98811"}],"version-history":[{"count":0,"href":"https:\/\/www.europesays.com\/es\/wp-json\/wp\/v2\/posts\/98811\/revisions"}],"wp:featuredmedia":[{"embeddable":true,"href":"https:\/\/www.europesays.com\/es\/wp-json\/wp\/v2\/media\/98812"}],"wp:attachment":[{"href":"https:\/\/www.europesays.com\/es\/wp-json\/wp\/v2\/media?parent=98811"}],"wp:term":[{"taxonomy":"category","embeddable":true,"href":"https:\/\/www.europesays.com\/es\/wp-json\/wp\/v2\/categories?post=98811"},{"taxonomy":"post_tag","embeddable":true,"href":"https:\/\/www.europesays.com\/es\/wp-json\/wp\/v2\/tags?post=98811"}],"curies":[{"name":"wp","href":"https:\/\/api.w.org\/{rel}","templated":true}]}}