{"id":98815,"date":"2025-09-07T06:53:08","date_gmt":"2025-09-07T06:53:08","guid":{"rendered":"https:\/\/www.europesays.com\/es\/98815\/"},"modified":"2025-09-07T06:53:08","modified_gmt":"2025-09-07T06:53:08","slug":"jim-jarmusch-se-hace-con-el-leon-de-oro","status":"publish","type":"post","link":"https:\/\/www.europesays.com\/es\/98815\/","title":{"rendered":"Jim Jarmusch se hace con el Le\u00f3n de Oro"},"content":{"rendered":"<p>&#8216;La voz de Hind Rajab&#8217;, de la tunecina Kaouther Ben Hania, se lleva el Le\u00f3n de Plata de esta edici\u00f3n<\/p>\n<p>Inesperado triunfo en la 82\u00aa edici\u00f3n del Festival de Cine de Venecia: el director norteamericano Jim Jarmusch se hace con el Le\u00f3n de Oro por &#8216;Father Mother Sister Brother -tres historias sobre las dif\u00edciles relaciones entre padres e hijos- en una edici\u00f3n fuertemente marcada por Gaza. &#8216;La voz de Hind Rajab&#8217; el documental que narra el asesinato de una ni\u00f1a palestina en ataques del ej\u00e9rcito israel\u00ed, de la tunecina Kaouther Ben Hania, se lleva el Le\u00f3n de Plata, el Gran Premio del Jurado.<\/p>\n<p>Al recoger el premio, su directora ha aprovechado la oportunidad para enviar un mensaje contundente acusando a Israel, un r\u00e9gimen criminal, dice, de practicar un genocidio en Gaza. Llamando adem\u00e1s a los l\u00edderes mundiales a salvar a los palestinos. Su supervivencia, dec\u00eda, no es una cuesti\u00f3n de caridad, sino de justicia, de humanidad. <\/p>\n<p>La ceremonia ha estado llena de mensajes en favor de Palestina por parte de muchos de los premiados pidiendo una Palestina libre o apoyando la Flotilla. Corresponsal en Italia, Jordi Barcia.<\/p>\n","protected":false},"excerpt":{"rendered":"&#8216;La voz de Hind Rajab&#8217;, de la tunecina Kaouther Ben Hania, se lleva el Le\u00f3n de Plata de&hellip;\n","protected":false},"author":2,"featured_media":98816,"comment_status":"","ping_status":"","sticky":false,"template":"","format":"standard","meta":{"footnotes":""},"categories":[91],"tags":[35211,146,147,25,24,35212,133,1448,1986,1987,23],"class_list":{"0":"post-98815","1":"post","2":"type-post","3":"status-publish","4":"format-standard","5":"has-post-thumbnail","7":"category-entretenimiento","8":"tag-24-horas-fin-de-semana","9":"tag-entertainment","10":"tag-entretenimiento","11":"tag-es","12":"tag-espana","13":"tag-mostra-de-venecia-jim-jarmusch-se-hace-con-el-leon-de-oro","14":"tag-online","15":"tag-radio","16":"tag-rne","17":"tag-rtve-play","18":"tag-spain"},"share_on_mastodon":{"url":"","error":""},"_links":{"self":[{"href":"https:\/\/www.europesays.com\/es\/wp-json\/wp\/v2\/posts\/98815","targetHints":{"allow":["GET"]}}],"collection":[{"href":"https:\/\/www.europesays.com\/es\/wp-json\/wp\/v2\/posts"}],"about":[{"href":"https:\/\/www.europesays.com\/es\/wp-json\/wp\/v2\/types\/post"}],"author":[{"embeddable":true,"href":"https:\/\/www.europesays.com\/es\/wp-json\/wp\/v2\/users\/2"}],"replies":[{"embeddable":true,"href":"https:\/\/www.europesays.com\/es\/wp-json\/wp\/v2\/comments?post=98815"}],"version-history":[{"count":0,"href":"https:\/\/www.europesays.com\/es\/wp-json\/wp\/v2\/posts\/98815\/revisions"}],"wp:featuredmedia":[{"embeddable":true,"href":"https:\/\/www.europesays.com\/es\/wp-json\/wp\/v2\/media\/98816"}],"wp:attachment":[{"href":"https:\/\/www.europesays.com\/es\/wp-json\/wp\/v2\/media?parent=98815"}],"wp:term":[{"taxonomy":"category","embeddable":true,"href":"https:\/\/www.europesays.com\/es\/wp-json\/wp\/v2\/categories?post=98815"},{"taxonomy":"post_tag","embeddable":true,"href":"https:\/\/www.europesays.com\/es\/wp-json\/wp\/v2\/tags?post=98815"}],"curies":[{"name":"wp","href":"https:\/\/api.w.org\/{rel}","templated":true}]}}