{"id":98819,"date":"2025-09-07T06:56:08","date_gmt":"2025-09-07T06:56:08","guid":{"rendered":"https:\/\/www.europesays.com\/es\/98819\/"},"modified":"2025-09-07T06:56:08","modified_gmt":"2025-09-07T06:56:08","slug":"israel-bombardea-edificios-residenciales-en-gaza-y-pide-a-un-millon-de-personas-desplazarse-al-sur-el-pais-expres","status":"publish","type":"post","link":"https:\/\/www.europesays.com\/es\/98819\/","title":{"rendered":"Israel bombardea edificios residenciales en Gaza y pide a un mill\u00f3n de personas desplazarse al sur | El PA\u00cdS Expr\u00e9s"},"content":{"rendered":"<p><img fetchpriority=\"high\" alt=\"GAZA CITY (---), 06\/09\/2025.- An empty street prior to an Israeli air strike in Gaza City, 06 September 2025. Israel announced on 06 September to have struck another high rise building in Gaza City. According to an UNRWA Situation Report published on 27 August, 86.5 percent of the Gaza Strip remained within the Israeli-militarized zone, under displacement orders, or where these overlap. EFE\/EPA\/MOHAMMED SABER&#13;&#10;\" decoding=\"auto\" class=\"_re  a_m-h\" height=\"414\"  width=\"414\"  src=\"https:\/\/www.europesays.com\/es\/wp-content\/uploads\/2025\/09\/NVLEE5FLBFDRNJXISROHCHF42A.jpg\" loading=\"eager\"\/>GAZA CITY (&#8212;), 06\/09\/2025.- An empty street prior to an Israeli air strike in Gaza City, 06 September 2025. Israel announced on 06 September to have struck another high rise building in Gaza City. According to an UNRWA Situation Report published on 27 August, 86.5 percent of the Gaza Strip remained within the Israeli-militarized zone, under displacement orders, or where these overlap. EFE\/EPA\/MOHAMMED SABER&#13;<br \/>\nFOTO: MOHAMMED SABER (EFE)<\/p>\n<p class=\"\">Israel ha instado a los cerca de un mill\u00f3n de habitantes de Ciudad de Gaza a que se trasladen a una \u201czona humanitaria\u201d en Jan Yunis, al sur de la Franja, horas despu\u00e9s de bombardear dos edificios residenciales de la capital en cuyas inmediaciones hab\u00eda refugiados.<\/p>\n<p class=\"\"><b>El ej\u00e9rcito avanza en Ciudad de Gaza.<\/b> Los bombardeos de las \u00faltimas semanas han destruido barrios enteros y el ej\u00e9rcito ya controla un 40% del territorio de la capital.<\/p>\n<ul>\n<li>Pero las ONG aquejan que la poblaci\u00f3n carece de medios para viajar y tampoco est\u00e1 segura al sur: la \u201czona humanitaria\u201d decretada por Israel ya fue declarada as\u00ed al inicio de la guerra y, a pesar de ello, sigui\u00f3 siendo bombardeada.<\/li>\n<\/ul>\n<p class=\"\"><b>La hambruna y las bombas siguen matando:<\/b><\/p>\n<ul>\n<li>Seis personas han muerto por hambre en las \u00faltimas horas, incluyendo un ni\u00f1o. <\/li>\n<li>Adem\u00e1s, otros cinco civiles han muerto por fuego israel\u00ed en las \u00faltimas horas cuando esperaban a recibir comida en dos zonas distintas de la Franja.<\/li>\n<li>En total, 382 personas han muerto por inanici\u00f3n desde que comenz\u00f3 la guerra, y la cifra total de fallecidos asciende a 64.370 dentro de la Franja, cerca de la mitad mujeres y ni\u00f1os. <\/li>\n<\/ul>\n<p class=\"\">\u00a9Foto: Mohammed Saber (EFE)<\/p>\n<p class=\"\"><a href=\"https:\/\/elpais.com\/internacional\/2025-09-06\/israel-insta-a-los-habitantes-de-ciudad-de-gaza-a-desplazarse-a-una-supuesta-zona-humanitaria-que-esta-destruida-y-colapsada.html?autoplay=1\" target=\"_self\" rel=\"nofollow noopener\" title=\"https:\/\/elpais.com\/internacional\/2025-09-06\/israel-insta-a-los-habitantes-de-ciudad-de-gaza-a-desplazarse-a-una-supuesta-zona-humanitaria-que-esta-destruida-y-colapsada.html?autoplay=1\">Si quieres saber m\u00e1s, puedes leer aqu\u00ed.<\/a><\/p>\n","protected":false},"excerpt":{"rendered":"GAZA CITY (&#8212;), 06\/09\/2025.- An empty street prior to an Israeli air strike in Gaza City, 06 September&hellip;\n","protected":false},"author":2,"featured_media":98820,"comment_status":"","ping_status":"","sticky":false,"template":"","format":"standard","meta":{"footnotes":""},"categories":[42],"tags":[20003,15686,17,18,13,14,73,69,11,61,62,63,64,74,19,20,9,10,15,16,12,21,22,65,66,67],"class_list":{"0":"post-98819","1":"post","2":"type-post","3":"status-publish","4":"format-standard","5":"has-post-thumbnail","7":"category-internacional","8":"tag-ataques-a-personas","9":"tag-bombardeos","10":"tag-breaking-news","11":"tag-breakingnews","12":"tag-featured-news","13":"tag-featurednews","14":"tag-franja-gaza","15":"tag-guerra","16":"tag-headlines","17":"tag-internacional","18":"tag-international","19":"tag-international-news","20":"tag-internationalnews","21":"tag-israel","22":"tag-latest-news","23":"tag-latestnews","24":"tag-news","25":"tag-noticias","26":"tag-noticias-destacadas","27":"tag-noticiasdestacadas","28":"tag-titulares","29":"tag-ultimas-noticias","30":"tag-ultimasnoticias","31":"tag-world","32":"tag-world-news","33":"tag-worldnews"},"share_on_mastodon":{"url":"","error":""},"_links":{"self":[{"href":"https:\/\/www.europesays.com\/es\/wp-json\/wp\/v2\/posts\/98819","targetHints":{"allow":["GET"]}}],"collection":[{"href":"https:\/\/www.europesays.com\/es\/wp-json\/wp\/v2\/posts"}],"about":[{"href":"https:\/\/www.europesays.com\/es\/wp-json\/wp\/v2\/types\/post"}],"author":[{"embeddable":true,"href":"https:\/\/www.europesays.com\/es\/wp-json\/wp\/v2\/users\/2"}],"replies":[{"embeddable":true,"href":"https:\/\/www.europesays.com\/es\/wp-json\/wp\/v2\/comments?post=98819"}],"version-history":[{"count":0,"href":"https:\/\/www.europesays.com\/es\/wp-json\/wp\/v2\/posts\/98819\/revisions"}],"wp:featuredmedia":[{"embeddable":true,"href":"https:\/\/www.europesays.com\/es\/wp-json\/wp\/v2\/media\/98820"}],"wp:attachment":[{"href":"https:\/\/www.europesays.com\/es\/wp-json\/wp\/v2\/media?parent=98819"}],"wp:term":[{"taxonomy":"category","embeddable":true,"href":"https:\/\/www.europesays.com\/es\/wp-json\/wp\/v2\/categories?post=98819"},{"taxonomy":"post_tag","embeddable":true,"href":"https:\/\/www.europesays.com\/es\/wp-json\/wp\/v2\/tags?post=98819"}],"curies":[{"name":"wp","href":"https:\/\/api.w.org\/{rel}","templated":true}]}}