{"id":98821,"date":"2025-09-07T06:57:07","date_gmt":"2025-09-07T06:57:07","guid":{"rendered":"https:\/\/www.europesays.com\/es\/98821\/"},"modified":"2025-09-07T06:57:07","modified_gmt":"2025-09-07T06:57:07","slug":"orquesta-la-formula-en-salamanca-salamancartv-al-dia","status":"publish","type":"post","link":"https:\/\/www.europesays.com\/es\/98821\/","title":{"rendered":"Orquesta La F\u00f3rmula en Salamanca &#8211; SALAMANCArtv AL D\u00cdA"},"content":{"rendered":"<p class=\"prip\">La Plaza de la Concordia vibr\u00f3 con la orquesta en una noche que sirvi\u00f3 de antesala al arranque oficial de los festejos en honor a Santa Mar\u00eda de la Vega, demostrando el gran ambiente festivo que ya se respira en la ciudad.<\/p>\n<p class=\"prip\">La noche de este s\u00e1bado ha servido como el perfecto <strong>pre\u00e1mbulo para las Ferias y Fiestas<\/strong> de Salamanca. Miles de salmantinos se congregaron en la <strong>Plaza de la Concordia<\/strong> para disfrutar de la verbena a cargo de la reconocida orquesta <strong>La F\u00f3rmula<\/strong>, en una velada marcada por el buen ambiente y unas evidentes ganas de baile y celebraci\u00f3n.<\/p>\n<p>Desde las diez de la noche, los <strong>18 artistas que componen La F\u00f3rmula<\/strong> desplegaron sobre el escenario un <strong>en\u00e9rgico espect\u00e1culo<\/strong> dise\u00f1ado para conectar con un p\u00fablico de todas las edades. El repertorio fue un viaje musical que abarc\u00f3 desde las canciones de m\u00e1xima actualidad hasta los grandes \u00e9xitos de los 80, pasando por ritmos de baile que nadie pudo resistir. La respuesta de los asistentes fue inmediata, llenando la plaza y demostrando que la ciudad esperaba con ilusi\u00f3n el comienzo de su semana grande.<\/p>\n<p>El aperitivo perfecto antes del inicio oficial<\/p>\n<p>Este concierto ha funcionado como un <strong>magn\u00edfico aperitivo<\/strong> de lo que espera a la ciudad a partir de este domingo, cuando arranquen de forma oficial las Ferias y Fiestas con la procesi\u00f3n en honor a la Virgen de la Vega. La noche en la Plaza de la Concordia no solo fue un<strong> \u00e9xito de asistencia<\/strong>, sino tambi\u00e9n una clara muestra del esp\u00edritu festivo que ya impregna cada rinc\u00f3n de Salamanca, lista para vivir intensamente sus d\u00edas m\u00e1s esperados del a\u00f1o.<\/p>\n<p>V\u00cdDEO<\/p>\n","protected":false},"excerpt":{"rendered":"La Plaza de la Concordia vibr\u00f3 con la orquesta en una noche que sirvi\u00f3 de antesala al arranque&hellip;\n","protected":false},"author":2,"featured_media":98822,"comment_status":"","ping_status":"","sticky":false,"template":"","format":"standard","meta":{"footnotes":""},"categories":[8],"tags":[17,18,2339,25,24,13,14,11,469,19,20,9,10,15,16,35221,35222,3614,23,12,21,22,28773],"class_list":{"0":"post-98821","1":"post","2":"type-post","3":"status-publish","4":"format-standard","5":"has-post-thumbnail","7":"category-espana","8":"tag-breaking-news","9":"tag-breakingnews","10":"tag-concierto","11":"tag-es","12":"tag-espana","13":"tag-featured-news","14":"tag-featurednews","15":"tag-headlines","16":"tag-la-formula","17":"tag-latest-news","18":"tag-latestnews","19":"tag-news","20":"tag-noticias","21":"tag-noticias-destacadas","22":"tag-noticiasdestacadas","23":"tag-orquesta","24":"tag-plaza-de-la-concordia","25":"tag-salamanca","26":"tag-spain","27":"tag-titulares","28":"tag-ultimas-noticias","29":"tag-ultimasnoticias","30":"tag-verbena"},"share_on_mastodon":{"url":"","error":""},"_links":{"self":[{"href":"https:\/\/www.europesays.com\/es\/wp-json\/wp\/v2\/posts\/98821","targetHints":{"allow":["GET"]}}],"collection":[{"href":"https:\/\/www.europesays.com\/es\/wp-json\/wp\/v2\/posts"}],"about":[{"href":"https:\/\/www.europesays.com\/es\/wp-json\/wp\/v2\/types\/post"}],"author":[{"embeddable":true,"href":"https:\/\/www.europesays.com\/es\/wp-json\/wp\/v2\/users\/2"}],"replies":[{"embeddable":true,"href":"https:\/\/www.europesays.com\/es\/wp-json\/wp\/v2\/comments?post=98821"}],"version-history":[{"count":0,"href":"https:\/\/www.europesays.com\/es\/wp-json\/wp\/v2\/posts\/98821\/revisions"}],"wp:featuredmedia":[{"embeddable":true,"href":"https:\/\/www.europesays.com\/es\/wp-json\/wp\/v2\/media\/98822"}],"wp:attachment":[{"href":"https:\/\/www.europesays.com\/es\/wp-json\/wp\/v2\/media?parent=98821"}],"wp:term":[{"taxonomy":"category","embeddable":true,"href":"https:\/\/www.europesays.com\/es\/wp-json\/wp\/v2\/categories?post=98821"},{"taxonomy":"post_tag","embeddable":true,"href":"https:\/\/www.europesays.com\/es\/wp-json\/wp\/v2\/tags?post=98821"}],"curies":[{"name":"wp","href":"https:\/\/api.w.org\/{rel}","templated":true}]}}