{"id":98831,"date":"2025-09-07T07:04:03","date_gmt":"2025-09-07T07:04:03","guid":{"rendered":"https:\/\/www.europesays.com\/es\/98831\/"},"modified":"2025-09-07T07:04:03","modified_gmt":"2025-09-07T07:04:03","slug":"analisis-hay-vuelta-a-espana-almeida-equilibra-la-balanza-con-vingegaard-tras-los-dos-etapones-de-asturias-en-el-angliru-y-la-farrapona","status":"publish","type":"post","link":"https:\/\/www.europesays.com\/es\/98831\/","title":{"rendered":"AN\u00c1LISIS | Hay Vuelta a Espa\u00f1a: Almeida equilibra la balanza con Vingegaard tras los dos etapones de Asturias en El Angliru y La Farrapona"},"content":{"rendered":"<p><b data-testid=\"body-text-bold\">El Angliru y la Farrapona<\/b>. Un d\u00edptico asturiano que se ha repetido por tercera vez en la <b data-testid=\"body-text-bold\">Vuelta a Espa\u00f1a<\/b> (2011 y 2020) y que ha servido para sacar conclusiones inequ\u00edvocas del rumbo hacia donde va la carrera en la \u00faltima y decisiva semana. Dos d\u00edas en las que se esperaba a un <b data-testid=\"body-text-bold\">Jonas Vingegaard<\/b> desatado, ganando a lo grande y haciendo diferencias que dejasen pr\u00e1cticamente sentenciada la <a class=\"text-action-onLight-05 hover:text-action-onLight-05-hover active:text-action-onLight-05-pressed hover:underline active:underline\" data-analytics-id=\"textlink\" rel=\"noopener nofollow\" data-testid=\"atom-textlink\" href=\"https:\/\/www.eurosport.es\/ciclismo\/vuelta-a-espana\/2025\/clasificacion-general-maillot-rojo-resultados-tiempos-diferencias-favoritos-hoy_sto23213006\/story.shtml\" target=\"_blank\">clasificaci\u00f3n general<\/a>. La realidad, orquestada en gran medida por <b data-testid=\"body-text-bold\">Joao Almeida<\/b>, ha sido muy diferente.<\/p>\n<p><b data-testid=\"body-text-bold\">\u00abBienvenidos al infierno\u00bb<\/b>, reza la primera rampa del Angliru, un puerto cruel y que te hace subir a rastras. El coloso asturiano que se descubri\u00f3 en 1999, con victoria de <b data-testid=\"body-text-bold\">Jos\u00e9 Mar\u00eda Jim\u00e9nez Sastre, \u2018El Chava\u2019<\/b>, y se iba a ascender por d\u00e9cima vez en la historia de la ronda espa\u00f1ola. All\u00ed inscribieron tambi\u00e9n su nombre <b data-testid=\"body-text-bold\">Gilberto Simoni<\/b> (2000), <b data-testid=\"body-text-bold\">Roberto Heras<\/b> (2002), <b data-testid=\"body-text-bold\">Alberto Contador<\/b> (2008 y 2017), <b data-testid=\"body-text-bold\">Juanjo Cobo<\/b> (2011), <b data-testid=\"body-text-bold\">Kenny Elissonde<\/b> (2013), <b data-testid=\"body-text-bold\">Hugh Carthy<\/b> (2020) y, desde este viernes, Joao Almeida.<\/p>\n<p>La mayor victoria de Almeida en El Angliru<\/p>\n<p>El lusitano firm\u00f3 una ascensi\u00f3n tremebunda, sin mirar atr\u00e1s,<b data-testid=\"body-text-bold\"> \u2018Bote Lume\u2019<\/b>, que quiere decir algo as\u00ed como \u2018a todo gas\u2019 en portugu\u00e9s, con Jonas Vingegaard a rueda, a quien le apret\u00f3 como nunca. El dan\u00e9s, que lleg\u00f3 totalmente exhausto a meta, no pudo m\u00e1s que seguir la estela de un Almeida que en la m\u00edtica cima firm\u00f3 <b data-testid=\"body-text-bold\">el mejor triunfo de su carrera<\/b>. \u00abEstaba esperando que me atacase en cualquier momento, pero no se ha producido. Sab\u00eda que si entraba primero en la \u00faltima curva, la victoria era m\u00eda. <b data-testid=\"body-text-bold\">Es el puerto m\u00e1s duro que he subido nunca<\/b>\u00ab, se\u00f1al\u00f3.<\/p>\n<p><img decoding=\"async\" class=\"text-transparent h-full w-full object-cover\" src=\"https:\/\/www.europesays.com\/es\/wp-content\/uploads\/2025\/09\/image-2b9d795e-50b1-40de-957a-e8ab08ad275e-85-2560-1440.jpeg\" alt=\"picture\" data-testid=\"image-high-res\"\/><\/p>\n<p class=\"caption-s6-fx\">Final 13\u00aa etapa: Almeida prende la Vuelta ante Vingegaard en el Angliru<\/p>\n<p class=\"caption-s6-fx\">Autor del v\u00eddeo: Eurosport<\/p>\n<p>Este s\u00e1bado, por cuarta vez en la historia de La Vuelta, toc\u00f3 la Farrapona: <b data-testid=\"body-text-bold\">Rein Taaram\u00e4e<\/b> (2011), <b data-testid=\"body-text-bold\">Alberto Contador<\/b> (2014) y <b data-testid=\"body-text-bold\">David Gaudu<\/b> (2020) eran hasta la fecha los ganadores en la cumbre. Precisamente, la \u00faltima vez que se lleg\u00f3 hasta ella, en un escenario deslucido y sin p\u00fablico en tiempos de Covid, el corredor franc\u00e9s venci\u00f3 a un <b data-testid=\"body-text-bold\">Marc Soler<\/b> que, cinco a\u00f1os despu\u00e9s y en una jornada apote\u00f3sica, se iba a tomar la revancha. <b data-testid=\"body-text-bold\">Honor y gloria<\/b> para el catal\u00e1n, culminando tras 12 kil\u00f3metros pedaleando en solitario, una fabulosa victoria.<\/p>\n<p>\u00abLa idea era otra\u00bb, revel\u00f3 Soler en referencia a su l\u00edder. Todo ello dentro de un <b data-testid=\"body-text-bold\">UAE Team Emirates<\/b> que, haciendo gala de su dictadura, acumula<b data-testid=\"body-text-bold\"> siete victorias en las 14 etapas<\/b> que se llevan disputadas. Un 50% de \u00e9xito. As\u00ed que Almeida lleg\u00f3 sonriente a meta, por el triunfo de su compa\u00f1ero, y tambi\u00e9n porque hab\u00eda vuelto a sentirse poderoso ante Vingegaard. El dan\u00e9s, en una subida con <b data-testid=\"body-text-bold\">viento de cara<\/b>, sin\u00f3nimo de mayor beneficio para ir a rueda, solo tom\u00f3 la delantera para sumar <b data-testid=\"body-text-bold\">dos segundos m\u00e1s de bonificaci\u00f3n <\/b>en meta.<\/p>\n<p><img decoding=\"async\" class=\"text-transparent h-full w-full object-cover\" src=\"https:\/\/www.europesays.com\/es\/wp-content\/uploads\/2025\/09\/image-9a1406f4-aff0-49de-8c30-0dede24ba7e6-85-2560-1440.jpeg\" alt=\"picture\" data-testid=\"image-high-res\"\/><\/p>\n<p class=\"caption-s6-fx\">Final 14\u00aa etapa: Marc Soler reina en La Farrapona y Vingegaard bonifica ante Almeida<\/p>\n<p class=\"caption-s6-fx\">Autor del v\u00eddeo: Eurosport<\/p>\n<p>El duelo jonas-joao tras La Farrapona<\/p>\n<p>Vingegaard ha dado indicativos de <b data-testid=\"body-text-bold\">no ser el mismo del Tour<\/b>. El \u00fanico capaz de mirar a los ojos a <b data-testid=\"body-text-bold\">Tadej Pogacar<\/b>. Ahora est\u00e1 por ver si, como de costumbre con su rendimiento en Grandes Vueltas, <b data-testid=\"body-text-bold\">va a m\u00e1s en la tercera semana<\/b> o, si de lo contrario, <b data-testid=\"body-text-bold\">paga los esfuerzos<\/b> de una \u2018Grande Boucle\u2019 que el mismo defini\u00f3 como \u00abla m\u00e1s dura de la historia\u00bb. Pese a no poder responder a las expectativas en estas dos etapas, el dan\u00e9s destac\u00f3 que sigue \u00abteniendo buenas piernas\u00bb para lo que resta de Vuelta. \u00ab<b data-testid=\"body-text-bold\">Hemos querido salvar fuerzas para el equipo<\/b>\u00ab, concluy\u00f3 en ese sentido.<\/p>\n<blockquote class=\"wrapping-break-word mb-5 caps-s3-rs font-bold uppercase\"><p>Sabemos que Vingegaard es uno de los mejores ciclistas del mundo, pero creo que tambi\u00e9n Jonas sabe que UAE y Almeida son como para tener en cuenta<\/p><\/blockquote>\n<p>Almeida, por su parte, se va de Asturias con la sensaci\u00f3n de que ha <b data-testid=\"body-text-bold\">equilibrado la balanza<\/b>. Con las jornadas del mi\u00e9rcoles (<b data-testid=\"body-text-bold\">El Morredero<\/b>), jueves (<b data-testid=\"body-text-bold\">contrarreloj de Valladolid<\/b>) y s\u00e1bado (<b data-testid=\"body-text-bold\">Bola del Mundo<\/b>) marcadas a fuego, el lusitano afrontar\u00e1 la parte decisiva a solo <b data-testid=\"body-text-bold\">48 segundos en la general<\/b>. \u00abLuchamos y creemos en el maillot rojo. Sabemos que Vingegaard es uno de los mejores ciclistas del mundo, pero creo que tambi\u00e9n Jonas sabe que UAE y Almeida son como para tener en cuenta\u00bb, sentenci\u00f3 Matxin a <b data-testid=\"body-text-bold\">Eurosport<\/b>. Toca celebrar que <b data-testid=\"body-text-bold\">hay Vuelta.<\/b><\/p>\n<p><img decoding=\"async\" class=\"text-transparent h-full w-full object-cover\" src=\"https:\/\/www.europesays.com\/es\/wp-content\/uploads\/2025\/09\/image-d67f2009-d9a2-4bad-ac2c-10898d666aa0-85-2560-1440.jpeg\" alt=\"picture\" data-testid=\"image-high-res\"\/><\/p>\n<p class=\"caption-s6-fx\">Vingegaard termin\u00f3 totalmente fundido en el Angliru y su elegante felicitaci\u00f3n a Almeida<\/p>\n<p class=\"caption-s6-fx\">Autor del v\u00eddeo: Eurosport<\/p>\n","protected":false},"excerpt":{"rendered":"El Angliru y la Farrapona. Un d\u00edptico asturiano que se ha repetido por tercera vez en la Vuelta&hellip;\n","protected":false},"author":2,"featured_media":98832,"comment_status":"","ping_status":"","sticky":false,"template":"","format":"standard","meta":{"footnotes":""},"categories":[273],"tags":[313,312,168,25,24,8993,2945,23,167,5411],"class_list":{"0":"post-98831","1":"post","2":"type-post","3":"status-publish","4":"format-standard","5":"has-post-thumbnail","7":"category-ciclismo","8":"tag-ciclismo","9":"tag-cycling","10":"tag-deportes","11":"tag-es","12":"tag-espana","13":"tag-joao-almeida","14":"tag-jonas-vingegaard","15":"tag-spain","16":"tag-sports","17":"tag-vuelta-a-espana"},"share_on_mastodon":{"url":"","error":""},"_links":{"self":[{"href":"https:\/\/www.europesays.com\/es\/wp-json\/wp\/v2\/posts\/98831","targetHints":{"allow":["GET"]}}],"collection":[{"href":"https:\/\/www.europesays.com\/es\/wp-json\/wp\/v2\/posts"}],"about":[{"href":"https:\/\/www.europesays.com\/es\/wp-json\/wp\/v2\/types\/post"}],"author":[{"embeddable":true,"href":"https:\/\/www.europesays.com\/es\/wp-json\/wp\/v2\/users\/2"}],"replies":[{"embeddable":true,"href":"https:\/\/www.europesays.com\/es\/wp-json\/wp\/v2\/comments?post=98831"}],"version-history":[{"count":0,"href":"https:\/\/www.europesays.com\/es\/wp-json\/wp\/v2\/posts\/98831\/revisions"}],"wp:featuredmedia":[{"embeddable":true,"href":"https:\/\/www.europesays.com\/es\/wp-json\/wp\/v2\/media\/98832"}],"wp:attachment":[{"href":"https:\/\/www.europesays.com\/es\/wp-json\/wp\/v2\/media?parent=98831"}],"wp:term":[{"taxonomy":"category","embeddable":true,"href":"https:\/\/www.europesays.com\/es\/wp-json\/wp\/v2\/categories?post=98831"},{"taxonomy":"post_tag","embeddable":true,"href":"https:\/\/www.europesays.com\/es\/wp-json\/wp\/v2\/tags?post=98831"}],"curies":[{"name":"wp","href":"https:\/\/api.w.org\/{rel}","templated":true}]}}