{"id":98861,"date":"2025-09-07T07:32:09","date_gmt":"2025-09-07T07:32:09","guid":{"rendered":"https:\/\/www.europesays.com\/es\/98861\/"},"modified":"2025-09-07T07:32:09","modified_gmt":"2025-09-07T07:32:09","slug":"el-museo-del-prado-se-apunta-al-feminismo-ideologico-con-una-serie-documental","status":"publish","type":"post","link":"https:\/\/www.europesays.com\/es\/98861\/","title":{"rendered":"El Museo del Prado se apunta al feminismo ideol\u00f3gico con una serie documental"},"content":{"rendered":"<p class=\"paragraph\">Con el catalanista y l\u00edder de Sumar <b>Ernest Urtasun<\/b> como ministro de Cultura, los museos estatales se han subido al carro de la agenda woke y todas sus prioridades ideol\u00f3gicas.<\/p>\n<p class=\"paragraph\">Los casos m\u00e1s evidentes han sido el del <b>Museo Reina Sof\u00eda<\/b> o los museos de Antropolog\u00eda y de Am\u00e9rica, embarcados en proyectos como la descolonizaci\u00f3n o el medioambientalismo.<\/p>\n<p>            <a href=\"#\" title=\"\"><br \/>\n                <img decoding=\"async\" loading=\"lazy\" width=\"120px\" height=\"90px\" alt=\"Fachada del Museo Nacional del Prado, en Madrid\" src=\"https:\/\/imagenes.eldebate.com\/files\/related_image\/uploads\/2025\/06\/03\/683ecfbd8e200.jpeg\" data-full-src=\"https:\/\/www.europesays.com\/es\/wp-content\/uploads\/2025\/09\/683ecfbd8e200.jpeg\"\/><br \/>\n            <\/a><\/p>\n<p class=\"paragraph\">De una manera m\u00e1s moderada, pero igualmente firme, el <b>Museo del Prado<\/b> est\u00e1 conociendo una modificaci\u00f3n de sus prioridades y objetivos y ha asumido algunas de estas agendas promovidas desde el Ministerio de Cultura.<\/p>\n<p class=\"paragraph\">Una de las batallas en las que el Prado se ha embarcado con mayor entusiasmo es el del <b>feminismo,<\/b> con una serie de exposiciones que con el t\u00edtulo de El Prado en femenino ha tratado de destacar el papel de las mujeres en sus colecciones permanentes.<\/p>\n<p class=\"paragraph\">Sin embargo, sometido al <b>rodillo ideol\u00f3gico <\/b>del ministerio, un proyecto que podr\u00eda resultar cient\u00edficamente interesante se ha convertido en un mero medio de promoci\u00f3n de las preferencias ideol\u00f3gicas del gobierno.<\/p>\n<p class=\"paragraph\">Ahora, El Prado en femenino se ha convertido en una serie documental que busca profundizar en un mayor protagonismo de la mujer en la exposici\u00f3n permanente del <b>Museo del Prado<\/b>.<\/p>\n<p class=\"paragraph\">\u00abEl <b>Museo del Prado <\/b>atesora las historias de grandes mujeres, protagonistas en el \u00e1mbito del patronazgo art\u00edstico. La serie documental El Prado en femenino nos acerca a estas reinas, princesas, regentes y gobernadoras que contribuyeron poderosamente tanto a la creaci\u00f3n y consolidaci\u00f3n del Museo como a enriquecer las colecciones que tenemos la fortuna de poder admirar a\u00fan hoy\u00bb, se explica desde la pinacoteca madrile\u00f1a.<\/p>\n<p class=\"paragraph\">En ese sentido, la pinacoteca destaca en su sitio web que \u00aben los \u00faltimos a\u00f1os el <b>Museo del Prado <\/b>ha manifestado un firme compromiso por visibilizar el papel de la mujer en el mundo del arte, ya sea como art\u00edfice, patrona y coleccionista o como sujeto de la mirada masculina\u00bb.<\/p>\n<p class=\"paragraph\">\u00abLo ha hecho a trav\u00e9s de exposiciones monogr\u00e1ficas e itinerarios por su colecci\u00f3n permanente, pero tambi\u00e9n de reuniones cient\u00edficas, congresos, conferencias y becas especializadas en su <b>Centro de Estudios<\/b>. Bajo el t\u00edtulo \u2018El Prado en femenino\u2019 volcamos ahora en nuestra web esta experiencia, con la voluntad de compartir lo realizado y de alentar nuevas investigaciones\u00bb.<\/p>\n<p class=\"paragraph\">Los cap\u00edtulos de la serie documental est\u00e1n dedicados a importantes miembros femeninos de la monarqu\u00eda espa\u00f1ola representados las obras maestras del Prado como Mar\u00eda de Hungr\u00eda, Isabel Clara Eugenia, <b>Isabel de Borb\u00f3n,<\/b> Cristina de Suecia, Mariana de Austria o Mariana de Neoburgo.<\/p>\n","protected":false},"excerpt":{"rendered":"Con el catalanista y l\u00edder de Sumar Ernest Urtasun como ministro de Cultura, los museos estatales se han&hellip;\n","protected":false},"author":2,"featured_media":98862,"comment_status":"","ping_status":"","sticky":false,"template":"","format":"standard","meta":{"footnotes":""},"categories":[173],"tags":[229,233,231,230,232,234,146,147,25,24,23],"class_list":{"0":"post-98861","1":"post","2":"type-post","3":"status-publish","4":"format-standard","5":"has-post-thumbnail","7":"category-arte-y-diseno","8":"tag-arte","9":"tag-arte-y-diseno","10":"tag-arts","11":"tag-arts-and-design","12":"tag-design","13":"tag-diseno","14":"tag-entertainment","15":"tag-entretenimiento","16":"tag-es","17":"tag-espana","18":"tag-spain"},"share_on_mastodon":{"url":"","error":""},"_links":{"self":[{"href":"https:\/\/www.europesays.com\/es\/wp-json\/wp\/v2\/posts\/98861","targetHints":{"allow":["GET"]}}],"collection":[{"href":"https:\/\/www.europesays.com\/es\/wp-json\/wp\/v2\/posts"}],"about":[{"href":"https:\/\/www.europesays.com\/es\/wp-json\/wp\/v2\/types\/post"}],"author":[{"embeddable":true,"href":"https:\/\/www.europesays.com\/es\/wp-json\/wp\/v2\/users\/2"}],"replies":[{"embeddable":true,"href":"https:\/\/www.europesays.com\/es\/wp-json\/wp\/v2\/comments?post=98861"}],"version-history":[{"count":0,"href":"https:\/\/www.europesays.com\/es\/wp-json\/wp\/v2\/posts\/98861\/revisions"}],"wp:featuredmedia":[{"embeddable":true,"href":"https:\/\/www.europesays.com\/es\/wp-json\/wp\/v2\/media\/98862"}],"wp:attachment":[{"href":"https:\/\/www.europesays.com\/es\/wp-json\/wp\/v2\/media?parent=98861"}],"wp:term":[{"taxonomy":"category","embeddable":true,"href":"https:\/\/www.europesays.com\/es\/wp-json\/wp\/v2\/categories?post=98861"},{"taxonomy":"post_tag","embeddable":true,"href":"https:\/\/www.europesays.com\/es\/wp-json\/wp\/v2\/tags?post=98861"}],"curies":[{"name":"wp","href":"https:\/\/api.w.org\/{rel}","templated":true}]}}