{"id":98881,"date":"2025-09-07T07:50:06","date_gmt":"2025-09-07T07:50:06","guid":{"rendered":"https:\/\/www.europesays.com\/es\/98881\/"},"modified":"2025-09-07T07:50:06","modified_gmt":"2025-09-07T07:50:06","slug":"chris-froome-dado-de-alta-tras-el-accidente-del-mes-de-agosto","status":"publish","type":"post","link":"https:\/\/www.europesays.com\/es\/98881\/","title":{"rendered":"Chris Froome, dado de alta tras el accidente del mes de agosto"},"content":{"rendered":"<p data-mrf-recirculation=\"Links P\u00e1rrafos\" class=\"ue-c-article__paragraph paragraph ue-c-article--first-letter-highlighted\">El brit\u00e1nico <strong>Chris Froome<\/strong>, cuatro veces ganador del Tour de Francia, anunci\u00f3 \u00abaliviado\u00bb <strong>el alta hospitalaria<\/strong> tras el accidente que sufri\u00f3 el pasado 28 de agosto, en el que s<strong>e fractur\u00f3 varias costillas y una v\u00e9rtebra<\/strong>, entre otras lesiones.<\/p>\n<p data-mrf-recirculation=\"Links P\u00e1rrafos\" class=\"ue-c-article__paragraph paragraph\">Froome, de 40 a\u00f1os, <strong>tambi\u00e9n doble ganador de la Vuelta y de un Giro<\/strong>, anunci\u00f3 en redes sociales su alta hospitalaria.<\/p>\n<p data-mrf-recirculation=\"Links P\u00e1rrafos\" class=\"ue-c-article__paragraph paragraph\">\u00ab<strong>Me siento aliviado<\/strong> de poder salir del hospital e irme a casa hoy\u00bb, dijo, antes de agradecer al personal m\u00e9dico del hospital militar Sainte-Anne de Toulon las atenciones recibidas.<\/p>\n<p data-mrf-recirculation=\"Links P\u00e1rrafos\" class=\"ue-c-article__paragraph paragraph\">Tras su ca\u00edda el 28 de agosto, <strong>la esposa<\/strong> del cuatro veces ganador del Tour de Francia revel\u00f3 que hab\u00eda sufrido fracturas en las costillas y una v\u00e9rtebra, un neumot\u00f3rax y <strong>un desgarro en las membranas que rodean el coraz\u00f3n<\/strong>, una lesi\u00f3n que podr\u00eda haber sido mortal.<\/p>\n","protected":false},"excerpt":{"rendered":"El brit\u00e1nico Chris Froome, cuatro veces ganador del Tour de Francia, anunci\u00f3 \u00abaliviado\u00bb el alta hospitalaria tras el&hellip;\n","protected":false},"author":2,"featured_media":98882,"comment_status":"","ping_status":"","sticky":false,"template":"","format":"standard","meta":{"footnotes":""},"categories":[273],"tags":[313,312,168,25,24,23,167],"class_list":{"0":"post-98881","1":"post","2":"type-post","3":"status-publish","4":"format-standard","5":"has-post-thumbnail","7":"category-ciclismo","8":"tag-ciclismo","9":"tag-cycling","10":"tag-deportes","11":"tag-es","12":"tag-espana","13":"tag-spain","14":"tag-sports"},"share_on_mastodon":{"url":"","error":""},"_links":{"self":[{"href":"https:\/\/www.europesays.com\/es\/wp-json\/wp\/v2\/posts\/98881","targetHints":{"allow":["GET"]}}],"collection":[{"href":"https:\/\/www.europesays.com\/es\/wp-json\/wp\/v2\/posts"}],"about":[{"href":"https:\/\/www.europesays.com\/es\/wp-json\/wp\/v2\/types\/post"}],"author":[{"embeddable":true,"href":"https:\/\/www.europesays.com\/es\/wp-json\/wp\/v2\/users\/2"}],"replies":[{"embeddable":true,"href":"https:\/\/www.europesays.com\/es\/wp-json\/wp\/v2\/comments?post=98881"}],"version-history":[{"count":0,"href":"https:\/\/www.europesays.com\/es\/wp-json\/wp\/v2\/posts\/98881\/revisions"}],"wp:featuredmedia":[{"embeddable":true,"href":"https:\/\/www.europesays.com\/es\/wp-json\/wp\/v2\/media\/98882"}],"wp:attachment":[{"href":"https:\/\/www.europesays.com\/es\/wp-json\/wp\/v2\/media?parent=98881"}],"wp:term":[{"taxonomy":"category","embeddable":true,"href":"https:\/\/www.europesays.com\/es\/wp-json\/wp\/v2\/categories?post=98881"},{"taxonomy":"post_tag","embeddable":true,"href":"https:\/\/www.europesays.com\/es\/wp-json\/wp\/v2\/tags?post=98881"}],"curies":[{"name":"wp","href":"https:\/\/api.w.org\/{rel}","templated":true}]}}