{"id":98921,"date":"2025-09-07T08:18:09","date_gmt":"2025-09-07T08:18:09","guid":{"rendered":"https:\/\/www.europesays.com\/es\/98921\/"},"modified":"2025-09-07T08:18:09","modified_gmt":"2025-09-07T08:18:09","slug":"la-simbiosis-es-clave-para-prevenir-catastrofes-climaticas","status":"publish","type":"post","link":"https:\/\/www.europesays.com\/es\/98921\/","title":{"rendered":"La simbiosis es clave para prevenir cat\u00e1strofes clim\u00e1ticas"},"content":{"rendered":"<p>Existe cierto consenso internacional sobre el hecho de que <strong>los territorios insulares son los m\u00e1s vulnerables frente al <a href=\"https:\/\/www.ultimahora.es\/etiqueta\/cambio+clim%C3%A1tico.html?utm_source=Inline-tag&amp;utm_medium=internal\" rel=\"nofollow noopener\" target=\"_blank\">cambio clim\u00e1tico<\/a><\/strong>. Tras un verano de superincendios en Espa\u00f1a, el pa\u00eds enfila el oto\u00f1o con la vista puesta en r\u00edos y torrentes temiendo que las escenas de la Dana de Val\u00e8ncia se vuelvan a repetir. Baleares tiene grabadas a fuego en la memoria <a href=\"https:\/\/www.ultimahora.es\/sucesos\/ultimas\/2024\/10\/30\/2267389\/sombra-sant-llorenc-riada-sesgo-trece-vidas.html?utm_source=Related&amp;utm_medium=internal\" data-model=\"Noticia\" data-value=\"2267389\" rel=\"nofollow noopener\" target=\"_blank\">las im\u00e1genes de Sant Lloren\u00e7<\/a>, donde una riada se cobr\u00f3 la vida de 13 personas en 2018.<\/p>\n<p>Los fen\u00f3menos meteorol\u00f3gicos adversos son cada vez m\u00e1s frecuentes y m\u00e1s extremos. \u00bfEst\u00e1 la arquitectura de Baleares preparada para combatir sus embates? Si anta\u00f1o los d\u00edas m\u00e1s dif\u00edciles\u00f1o eran los del invierno, ahora el calor campa a sus anchas pr\u00e1cticamente todo el a\u00f1o. Las olas de calor son ya m\u00e1s una rutina en las Islas que un fen\u00f3meno puntual.<\/p>\n<p>Los expertos se debaten entre dos posibles abordajes: mejorar la protecci\u00f3n litoral y la conservaci\u00f3n del territorio para hacerlo m\u00e1s permeable, o crear nuevas infraestructuras grises para mantener la configuraci\u00f3n actual de las playas urbanas. <strong>La arquitectura sirve para protegernos contra los fen\u00f3menos meteorol\u00f3gicos adversos, pero a la vez, puede acelerarlos<\/strong>.<\/p>\n<p>Aunque son minor\u00eda, en una Isla desbordada de gente que afronta la mayor crisis inmobiliaria de la historia, cada vez m\u00e1s arquitectos alzan la voz contra la construcci\u00f3n desmedida. Miden al mil\u00edmetro la huella de carbono de sus edificaciones, echan la vista atr\u00e1s para <strong>recuperar los beneficios de la arquitectura vern\u00e1cula<\/strong>, e intentan convencer a los ayuntamientos para repensar las pol\u00edticas urban\u00edsticas p\u00fablicas, incorporando islas de vegetaci\u00f3n que sirvan de refugio frente a las altas temperaturas.<\/p>\n<p><strong>Jaume Luis Salas<\/strong>, es uno de los pioneros de la <strong>arquitectura biopasiva<\/strong> en la isla. A\u00fana tradici\u00f3n y tecnolog\u00eda para repensar la Mallorca de hoy y del futuro. No en vano, los inmuebles se construyen para aguantar una vida \u00fatil de 50 a\u00f1os o m\u00e1s. <strong>\u00abLos edificios que construimos ahora ser\u00e1n las canteras del futuro\u00bb<\/strong>, reflexiona.<\/p>\n<p>\u00bfHemos olvidado las ventajas de la arquitectura tradicional? Lo cierto es que lo hicimos durante a\u00f1os, llevados por la vor\u00e1gine de un crecimiento demogr\u00e1fico y urban\u00edstico que ya en los a\u00f1os 60 y 70 acu\u00f1\u00f3 a nivel internacional <a href=\"https:\/\/www.ultimahora.es\/noticias\/local\/2024\/11\/27\/2281919\/balearizacion-termino-acuno-revista-paris-match-50.html?utm_source=Related&amp;utm_medium=internal\" data-model=\"Noticia\" data-value=\"2281919\" rel=\"nofollow noopener\" target=\"_blank\">el t\u00e9rmino balearizaci\u00f3n<\/a> para referirse a los excesos de la construcci\u00f3n que asolaron nuestras costas en pro del nuevo modelo tur\u00edstico.<\/p>\n<p>\u00abLa arquitectura no solo es una cuesti\u00f3n est\u00e9tica, es a la vez un problema y una soluci\u00f3n, lo que ser\u00e1 depende de lo que construyamos\u00bb, reflexiona el experto. Recuerda que \u00abla arquitectura tradicional es muy inteligente y emp\u00edrica; <strong>trabaja en sinton\u00eda con los materiales de la zona y aprovecha el sol, el viento y la lluvia<\/strong>\u00bb.<\/p>\n<p>Las fachadas tradicionales son <strong>fachadas gruesas, de piedra viva o mar\u00e9s, porque mantienen el calor y la forma<\/strong>. La arquitectura local introduce elementos importantes como las persianas mallorquinas para controlar la insolaci\u00f3n. Tambi\u00e9n los porches y voladizos y utiliza la vegetaci\u00f3n como los lladoners para conseguir sombra en los patios.<\/p>\n<p>\u00abLa nueva arquitectura es muy diferente, aunque deber\u00edan ser complementarias. Deber\u00eda apostar por todos esos <strong>sistemas pasivos tradicionales de capilaridad funcional<\/strong> a\u00f1adiendo sistemas activos para captar energ\u00eda como las placas fotovoltaicas y utilizar la <strong>dom\u00f3tica para controlar todos los elementos<\/strong>. Hoy tenemos m\u00e1s capacidad de hacer dise\u00f1os ajustados a mediciones reales con sensores de temperatura por ejemplo, adem\u00e1s de una capacidad mucho mayor de c\u00e1lculo\u00bb, reflexiona.<\/p>\n<p>Luis es partidario de mantener los materiales tradicionales, aprovechando su capacidad de aislamiento e investigar nuevos materiales que los complementen. \u00abLas necesidades y el uso de los espacios ya no son lo mismo, el dise\u00f1o es ahora m\u00e1s flexible y vers\u00e1til, multifuncional\u2026 <strong>La arquitectura tradicional es muy r\u00edgida, por lo que es importante adaptarla a las nuevas necesidade<\/strong>s. Antes las persianas mallorquinas proteg\u00edan frente a la insolaci\u00f3n, pero en las casas antiguas siempre hab\u00eda alguien que abr\u00eda o cerraba esas persianas a demanda. Hoy en cambio en las mayor\u00edas de casas no hay nadie para activarlas, la dom\u00f3tica puede suplir esa necesidad\u00bb, dice.<\/p>\n<p>El arquitecto es perfectamente consciente de que la construcci\u00f3n de nuevas edificaciones e incluso la rehabilitaci\u00f3n (que ahora vive uno de sus mejores momentos), dejan una huella ambiental. Por eso <strong>la arquitectura biopasiva contempla dos tipos de emisiones de la construcci\u00f3n<\/strong>. De una parte est\u00e1 el CO2 embebido (partiendo del que produce la fabricaci\u00f3n de los materiales, teniendo en cuenta su vida \u00fatil, su transporte hasta la obra y montaje hasta completar la construcci\u00f3n ) y de otra el CO2 operacional, que es el que genera el uso de esos nuevos espacios.<\/p>\n<p>\u00abHoy en d\u00eda es relativamente f\u00e1cil que una vivienda produzca m\u00e1s energ\u00eda de la que consume durante su vida \u00fatil, ahora intentamos bajar la producci\u00f3n de CO2 embebido, esa es nuestra obsesi\u00f3n. Sabemos que<strong> el hormig\u00f3n, el acero y el aluminio son los materiales con un mayor coste de CO2 y hay que buscar otras alternativas<\/strong> como aquellos que usaban las construcciones tradicionales mallorquinas: el mar\u00e9s, la piedra, la cer\u00e1mica y la madera de kil\u00f3metro cero\u00bb, relata.<\/p>\n<p>Pero,<strong> \u00bfhay suficiente piedra, mar\u00e9s, cer\u00e1mica o madera en Mallorca para alimentar la construcci\u00f3n al ritmo que esta crece anualmente?<\/strong> Los arquitectos son conscientes de que esos materiales tradicionales no son suficientes para cubrir la demanda. \u00abSiempre que podemos utilizamos esos materiales en las estructuras, pero a\u00f1adimos tambi\u00e9n nuevos materiales como el hormig\u00f3n celular que, como el mar\u00e9s, es transpirable y capta la humedad\u00bb, dice Jaume Salas. Como materiales aislantes la nueva arquitectura de Baleares apuesta por el corcho, aunque sigue de cerca los <strong>proyectos I+D que intentan desarrollar nuevos productos con una baja huella ambiental como la posid\u00f3nia o el c\u00e1\u00f1amo<\/strong>.<\/p>\n<p>\u00abAl final es importante garantizar la circularidad, saber de d\u00f3nde sale y d\u00f3nde acaba cada uno de los materiales, pero tambi\u00e9n tiene que haber un stock suficiente para cubrir la demanda\u00bb, relata el arquitecto al frente de Mar\u00e8s, Arquitectura Paisatge i territori. \u00abLa clave est\u00e1 en construir menos y rehabilitar m\u00e1s\u00bb, indica.<\/p>\n<p>Lo cierto es que <strong>la rehabilitaci\u00f3n se est\u00e1 disparando en Baleares por las dificultades para acceder a nuevos suelos urbanos<\/strong>, especialmente en los pueblos, que han visto c\u00f3mo su poblaci\u00f3n aumenta. Si anta\u00f1o la mitad de los residentes de las Islas viv\u00eda en la capital, eso es algo que est\u00e1 cambiando. <a href=\"https:\/\/www.ultimahora.es\/noticias\/local\/2025\/09\/01\/2457029\/part-forana-come-palma-siglo-poblacion-aumentado-mas.html?utm_source=Related&amp;utm_medium=internal\" data-model=\"Noticia\" data-value=\"2457029\" rel=\"nofollow noopener\" target=\"_blank\">Cuarenta pueblos de Mallorca crecen ya a un ritmo mayor que Palma<\/a>.<\/p>\n<p><strong>\u00abEuropa marca unos objetivos de desarrollo sostenible y vamos mal\u00bb<\/strong>, dice el experto. Los indicadores de sostenibilidad son econ\u00f3micos, ambientales y sociales. Los econ\u00f3micos abarcan la construcci\u00f3n y el mantenimiento, los ambientales tienen en cuenta la vida \u00fatil de los materiales y el coste de agua y el tercero es el retorno social que tenemos. Para cumplir con los objetivos de desarrollo sostenible hay que tener impacto en los tres indicadores\u00bb, reflexiona.<\/p>\n<p>La arquitectura es o debe ser un juego de equilibrios que bebe del pasado pero mira al futuro, sabiendo que el territorio y los materiales son finitos. Anta\u00f1o, por ejemplo, se utilizaba la posid\u00f3nia como aislante en los tejados pero<strong> la posid\u00f3nia que tenemos hoy no bastar\u00eda para cubrir la demanda<\/strong>.<\/p>\n<p>\u00abLa arquitectura tradicional de Mallorca nos ense\u00f1a a comunicarnos con el clima, pero la contempor\u00e1nea da nuevas herramientas para llevar una vida sostenible. La tradicional nos ense\u00f1a a aprovechar los recursos, pero hay que ser conscientes de que la densidad de construcci\u00f3n no es la misma ahora que antes y eso complica que las construcciones puedan aprovechar esos recursos tradicionales obligando a buscar materiales complementarios\u00bb, dice Jaume Luis Salas.<\/p>\n<p>\u00bfEs necesaria una deconstrucci\u00f3n? <strong>\u00bfEs posible rehabilitar los edificios del boom del ladrillo reduciendo su huella?<\/strong> El arquitecto reconoce que no es f\u00e1cil y que queda mucho trabajo por hacer. \u00abHay que dar una soluci\u00f3n a la vivienda, en respuesta a la demanda social, pero tambi\u00e9n es necesario buscar soluciones para <strong>extrapolar la bioconstrucci\u00f3n a las grandes ciudades donde se ha crecido mal<\/strong>. Los edificios de los a\u00f1os 60 y 70 son muchos\u00bb, relata.<\/p>\n<p>La vegetaci\u00f3n es un gran aliado de esa transformaci\u00f3n. \u00abNosotros la utilizamos como material en cubiertas ajardinadas, algo a lo que ya jugaba la arquitectura tradicional. Apostamos por la vegetaci\u00f3n para prevenir la insolaci\u00f3n. Al final se trata de evitar el efecto isla de calor. En las grandes ciudades es necesario<strong> eliminar asfalto y hormig\u00f3n y volver a los materiales transpirables que almacenan menos temperatura y son m\u00e1s permeables<\/strong>, no solo en la construcci\u00f3n de viviendas (patios o jardines), sino tambi\u00e9n en los espacios p\u00fablicos\u00bb, concluye Luis.<\/p>\n<p><strong>El uso de esos materiales transpirables mejorar\u00e1 nuestra protecci\u00f3n frente a fen\u00f3menos meteorol\u00f3gicos adversos como las inundaciones<\/strong>. \u00abMe preocupan las cat\u00e1strofes clim\u00e1ticas. Si seguimos construyendo en zonas inundables habr\u00e1 problemas, es necesario prevenir y adaptarse al medio. Tiene arreglo, pero queda much\u00edsimo trabajo por hacer\u00bb, sentencia el arquitecto.<\/p>\n","protected":false},"excerpt":{"rendered":"Existe cierto consenso internacional sobre el hecho de que los territorios insulares son los m\u00e1s vulnerables frente al&hellip;\n","protected":false},"author":2,"featured_media":98922,"comment_status":"","ping_status":"","sticky":false,"template":"","format":"standard","meta":{"footnotes":""},"categories":[173],"tags":[35241,17516,229,233,231,230,11465,1295,35242,35240,232,234,146,147,25,24,35243,2552,35244,2553,2554,23,1529,21,22909],"class_list":{"0":"post-98921","1":"post","2":"type-post","3":"status-publish","4":"format-standard","5":"has-post-thumbnail","7":"category-arte-y-diseno","8":"tag-arquitectura-en-mallorca","9":"tag-arquitectura-sostenible","10":"tag-arte","11":"tag-arte-y-diseno","12":"tag-arts","13":"tag-arts-and-design","14":"tag-calentamiento-global","15":"tag-cambio-climatico","16":"tag-comprar-casas-en-mallorca","17":"tag-construccion-en-baleares","18":"tag-design","19":"tag-diseno","20":"tag-entertainment","21":"tag-entretenimiento","22":"tag-es","23":"tag-espana","24":"tag-inundaciones-en-mallorca","25":"tag-local","26":"tag-ola-de-calor-en-mallorca","27":"tag-palma","28":"tag-palma-de-mallorca","29":"tag-spain","30":"tag-ultima-hora","31":"tag-ultimas-noticias","32":"tag-viviendas-en-baleares"},"share_on_mastodon":{"url":"","error":""},"_links":{"self":[{"href":"https:\/\/www.europesays.com\/es\/wp-json\/wp\/v2\/posts\/98921","targetHints":{"allow":["GET"]}}],"collection":[{"href":"https:\/\/www.europesays.com\/es\/wp-json\/wp\/v2\/posts"}],"about":[{"href":"https:\/\/www.europesays.com\/es\/wp-json\/wp\/v2\/types\/post"}],"author":[{"embeddable":true,"href":"https:\/\/www.europesays.com\/es\/wp-json\/wp\/v2\/users\/2"}],"replies":[{"embeddable":true,"href":"https:\/\/www.europesays.com\/es\/wp-json\/wp\/v2\/comments?post=98921"}],"version-history":[{"count":0,"href":"https:\/\/www.europesays.com\/es\/wp-json\/wp\/v2\/posts\/98921\/revisions"}],"wp:featuredmedia":[{"embeddable":true,"href":"https:\/\/www.europesays.com\/es\/wp-json\/wp\/v2\/media\/98922"}],"wp:attachment":[{"href":"https:\/\/www.europesays.com\/es\/wp-json\/wp\/v2\/media?parent=98921"}],"wp:term":[{"taxonomy":"category","embeddable":true,"href":"https:\/\/www.europesays.com\/es\/wp-json\/wp\/v2\/categories?post=98921"},{"taxonomy":"post_tag","embeddable":true,"href":"https:\/\/www.europesays.com\/es\/wp-json\/wp\/v2\/tags?post=98921"}],"curies":[{"name":"wp","href":"https:\/\/api.w.org\/{rel}","templated":true}]}}