{"id":99083,"date":"2025-09-07T10:25:13","date_gmt":"2025-09-07T10:25:13","guid":{"rendered":"https:\/\/www.europesays.com\/es\/99083\/"},"modified":"2025-09-07T10:25:13","modified_gmt":"2025-09-07T10:25:13","slug":"nuevo-fuego-en-la-zona-afectada-por-la-pasada-ola-de-incendios-en-espana","status":"publish","type":"post","link":"https:\/\/www.europesays.com\/es\/99083\/","title":{"rendered":"Nuevo fuego en la zona afectada por la pasada ola de incendios en Espa\u00f1a"},"content":{"rendered":"<p>    <img src=\"https:\/\/www.europesays.com\/es\/wp-content\/uploads\/2025\/09\/2025-09-07T083A143A55Z-89962181.jpg\" width=\"1024\" height=\"682\" alt=\"\" loading=\"eager\" decoding=\"sync\" fetchpriority=\"high\"\/><\/p>\n<p>            afp_tickers        <\/p>\n<p>        Este contenido fue publicado en    <\/p>\n<p>        07 septiembre 2025 &#8211; 10:14\n<\/p>\n<p>Las autoridades confinaron de forma preventiva este s\u00e1bado a la peque\u00f1a localidad de Castromil, en el noroeste de Espa\u00f1a, debido a un incendio activo en una zona duramente castigada por la devastadora ola de fuegos que azot\u00f3 al pa\u00eds, especialmente en agosto.<\/p>\n<p>El incendio, procedente de la regi\u00f3n de Galicia (noroeste), se reactiv\u00f3 el s\u00e1bado por la ma\u00f1ana por los fuertes vientos que sacud\u00edan a esta localidad que se divide entre la provincia gallega de Ourense y la contigua Zamora, indic\u00f3 una fuente de la consejer\u00eda de Medio Ambiente de Castilla y Le\u00f3n.<\/p>\n<p>A pesar de que las temperaturas son ahora m\u00e1s templadas que durante la severa ola de calor registrada en agosto, los servicios forestales tem\u00edan que las fuertes rachas de viento pudieran intensificar el fuego durante la tarde. Numerosos medios de extinci\u00f3n, incluidos varios a\u00e9reos, trabajaban para sofocar las llamas.<\/p>\n<p>Por el momento, se desconoce la cantidad de hect\u00e1reas afectadas.<\/p>\n<p>El pasado domingo, Espa\u00f1a dio por finalizada la emergencia que estuvo vigente durante varias semanas debido a una de las peores olas de incendios forestales que ha afectado al pa\u00eds en los \u00faltimos a\u00f1os, que dej\u00f3 cuatro muertos y m\u00e1s de 300.000 hect\u00e1reas quemadas.<\/p>\n<p>Pese a ello, todav\u00eda quedan activos algunos fuegos de menor envergadura como el que ahora afecta a Castromil, un peque\u00f1o n\u00facleo de 90 habitantes.\u00a0<\/p>\n<p>Esta zona del noroeste espa\u00f1ol result\u00f3 especialmente castigada por esta ola de fuegos calificada por el gobierno como \u00abuna de las mayores cat\u00e1strofes medioambientales\u00bb que ha sufrido el pa\u00eds en a\u00f1os recientes.<\/p>\n<p>Este s\u00e1bado, la Asociaci\u00f3n de Trabajadores de Incendios Forestales de Castilla y Le\u00f3n realiz\u00f3 una protesta en la ciudad de Le\u00f3n para exigir un servicio \u00ab100% p\u00fablico, profesional y todo el a\u00f1o\u00bb, mientras los pol\u00edticos de diferentes partidos y competencias se reprochan la gesti\u00f3n de los incendios.<\/p>\n<p>En Espa\u00f1a, pa\u00eds europeo en primera l\u00ednea del cambio clim\u00e1tico, la temperatura promedio de agosto igual\u00f3 a la del mismo mes de 2024, quedando ambos como los agostos m\u00e1s c\u00e1lidos desde que hay registros en el pa\u00eds, indic\u00f3 el viernes la agencia estatal de meteorolog\u00eda Aemet.<\/p>\n<p>rs\/rnr<\/p>\n","protected":false},"excerpt":{"rendered":"afp_tickers Este contenido fue publicado en 07 septiembre 2025 &#8211; 10:14 Las autoridades confinaron de forma preventiva este&hellip;\n","protected":false},"author":2,"featured_media":99084,"comment_status":"","ping_status":"","sticky":false,"template":"","format":"standard","meta":{"footnotes":""},"categories":[5],"tags":[17,18,637,638,756,25,24,13,14,5595,15535,11,19,20,9,10,15,16,23,90,12,21,22,15537],"class_list":{"0":"post-99083","1":"post","2":"type-post","3":"status-publish","4":"format-standard","5":"has-post-thumbnail","7":"category-titulares","8":"tag-breaking-news","9":"tag-breakingnews","10":"tag-disaster","11":"tag-disaster-general","12":"tag-environment","13":"tag-es","14":"tag-espana","15":"tag-featured-news","16":"tag-featurednews","17":"tag-fire","18":"tag-global-change","19":"tag-headlines","20":"tag-latest-news","21":"tag-latestnews","22":"tag-news","23":"tag-noticias","24":"tag-noticias-destacadas","25":"tag-noticiasdestacadas","26":"tag-spain","27":"tag-ticker","28":"tag-titulares","29":"tag-ultimas-noticias","30":"tag-ultimasnoticias","31":"tag-weather"},"share_on_mastodon":{"url":"","error":""},"_links":{"self":[{"href":"https:\/\/www.europesays.com\/es\/wp-json\/wp\/v2\/posts\/99083","targetHints":{"allow":["GET"]}}],"collection":[{"href":"https:\/\/www.europesays.com\/es\/wp-json\/wp\/v2\/posts"}],"about":[{"href":"https:\/\/www.europesays.com\/es\/wp-json\/wp\/v2\/types\/post"}],"author":[{"embeddable":true,"href":"https:\/\/www.europesays.com\/es\/wp-json\/wp\/v2\/users\/2"}],"replies":[{"embeddable":true,"href":"https:\/\/www.europesays.com\/es\/wp-json\/wp\/v2\/comments?post=99083"}],"version-history":[{"count":0,"href":"https:\/\/www.europesays.com\/es\/wp-json\/wp\/v2\/posts\/99083\/revisions"}],"wp:featuredmedia":[{"embeddable":true,"href":"https:\/\/www.europesays.com\/es\/wp-json\/wp\/v2\/media\/99084"}],"wp:attachment":[{"href":"https:\/\/www.europesays.com\/es\/wp-json\/wp\/v2\/media?parent=99083"}],"wp:term":[{"taxonomy":"category","embeddable":true,"href":"https:\/\/www.europesays.com\/es\/wp-json\/wp\/v2\/categories?post=99083"},{"taxonomy":"post_tag","embeddable":true,"href":"https:\/\/www.europesays.com\/es\/wp-json\/wp\/v2\/tags?post=99083"}],"curies":[{"name":"wp","href":"https:\/\/api.w.org\/{rel}","templated":true}]}}