{"id":99120,"date":"2025-09-07T10:48:09","date_gmt":"2025-09-07T10:48:09","guid":{"rendered":"https:\/\/www.europesays.com\/es\/99120\/"},"modified":"2025-09-07T10:48:09","modified_gmt":"2025-09-07T10:48:09","slug":"el-papa-frassati-y-acutis-son-una-invitacion-a-no-malgastar-la-vida","status":"publish","type":"post","link":"https:\/\/www.europesays.com\/es\/99120\/","title":{"rendered":"El Papa: Frassati y Acutis son una invitaci\u00f3n a no malgastar la vida"},"content":{"rendered":"<p>Este 7 de septiembre, en la Plaza de San Pedro, el Santo Padre presidi\u00f3 la celebraci\u00f3n Eucar\u00edstica con el rito de canonizaci\u00f3n de los Beatos Carlo Acutis y Pier Giorgio Frassati. En su homil\u00eda, el Pont\u00edfice se\u00f1al\u00f3 que, para estos dos laicos \u201ctodo comenz\u00f3 cuando, a\u00fan j\u00f3venes, respondieron \u2018s\u00ed\u2019 a Dios y se entregaron a \u00c9l plenamente, sin guardar nada para s\u00ed\u201d. Ambos, dijo, estaban \u201cenamorados de Jes\u00fas y dispuestos a dar todo por \u00c9l\u201d.<\/p>\n<p><b>Renato Martinez \u2013 Ciudad del Vaticano<\/b><\/p>\n<p>\u201cLos santos Pier Giorgio Frassati y Carlo Acutis son una invitaci\u00f3n para todos nosotros, sobre todo para los j\u00f3venes, a no malgastar la vida, sino a orientarla hacia lo alto y hacer de ella una obra maestra\u201d, esta fue la invitaci\u00f3n que realiz\u00f3 el Papa Le\u00f3n XIV en su homil\u00eda en la Santa Misa que presidi\u00f3 con el rito de canonizaci\u00f3n de los Beatos Carlo Acutis y Pier Giorgio Frassati, este domingo 7 de septiembre, en la Plaza de San Pedro, en el Vaticano.<\/p>\n<p>    <img decoding=\"async\" src=\"data:image\/gif;base64,R0lGODlhAQABAIAAAAAAAP\/\/\/yH5BAEAAAAALAAAAAABAAEAAAIBRAA7\" data-original=\"https:\/\/www.vaticannews.va\/content\/dam\/vaticannews\/agenzie\/images\/srv\/2025\/09\/07\/2025-09-07-canonizzazione-dei-beati-pier-giorgio-frassati-e-carl\/1757235722909.JPG\/_jcr_content\/renditions\/cq5dam.thumbnail.cropped.750.422.jpeg\" alt=\"Plaza de San Pedro\" title=\"Plaza de San Pedro\"\/><\/p>\n<p>\n   Plaza de San Pedro \u00a0 (@Vatican Media)\n  <\/p>\n<p><b>Una hermosa fiesta para el mundo entero<\/b> <\/p>\n<p>Unos instantes antes del inicio de la celebraci\u00f3n Eucar\u00edstica, el Papa Le\u00f3n XIV salud\u00f3 de modo espontaneo a los m\u00e1s de 80 mil fieles y peregrinos que abarrotaron desde tempranas horas la Plaza de San Pedro. Especialmente, se dirigi\u00f3 a las familias de los dos nuevos santos, a las religiosas y religiosos, a los movimientos y delegaciones oficiales. A ellos, les agradeci\u00f3 por estar presentes y les record\u00f3 que todos estamos llamados a ser santos.<\/p>\n<p>\u201cHoy es una hermosa celebraci\u00f3n para toda Italia, para toda la Iglesia, para el mundo entero. Y antes de comenzar la solemne celebraci\u00f3n de la canonizaci\u00f3n, quer\u00eda dirigirles unas palabras a todos ustedes, porque, si bien la celebraci\u00f3n es muy solemne, tambi\u00e9n es un d\u00eda de gran alegr\u00eda. Y quer\u00eda saludar, especialmente, a los numerosos j\u00f3venes que han venido a esta Santa Misa. Es una verdadera bendici\u00f3n del Se\u00f1or: estar juntos, ustedes que han venido de diferentes pa\u00edses. Es un verdadero don de fe que queremos compartir\u201d.<\/p>\n<p><b>\u201c\u00bfQu\u00e9 debo hacer para que nada se pierda?\u201d<\/b> <\/p>\n<p>En su homil\u00eda, al comentar las lecturas de este XXIII Domingo del Tiempo Ordinario, el Santo Padre se\u00f1al\u00f3 que en el Libro de la Sabidur\u00eda se dirige una pregunta al joven rey Salom\u00f3n, sobre quien puede conocer la voluntad del Se\u00f1or, sino es \u00c9l mismo el que da la sabidur\u00eda y su santo Esp\u00edritu para conocerlo. Salom\u00f3n dispon\u00eda de muchas cosas, pero esta gran abundancia de medios le hab\u00eda hecho surgir una pregunta en su coraz\u00f3n: \u201c\u00bfQu\u00e9 debo hacer para que nada se pierda?\u201d.<\/p>\n<p>\u201cY hab\u00eda entendido que el \u00fanico camino para encontrar una respuesta era pedir a Dios un don a\u00fan mayor: su Sabidur\u00eda, para poder conocer sus proyectos y adherir a ellos fielmente. Se dio cuenta, en efecto, que de ese modo todas las cosas encontrar\u00edan su lugar en el gran designio del Se\u00f1or. S\u00ed, porque el riesgo m\u00e1s grande de la vida es desaprovecharla fuera del proyecto de Dios\u201d.<\/p>\n<p>    <img decoding=\"async\" src=\"data:image\/gif;base64,R0lGODlhAQABAIAAAAAAAP\/\/\/yH5BAEAAAAALAAAAAABAAEAAAIBRAA7\" data-original=\"https:\/\/www.vaticannews.va\/content\/dam\/vaticannews\/agenzie\/images\/srv\/2025\/09\/07\/2025-09-07-canonizzazione-dei-beati-pier-giorgio-frassati-e-carl\/1757233302324.JPG\/_jcr_content\/renditions\/cq5dam.thumbnail.cropped.750.422.jpeg\" alt=\"Reliquias de los dos nuevos santos\" title=\"Reliquias de los dos nuevos santos\"\/><\/p>\n<p>\n   Reliquias de los dos nuevos santos \u00a0 (@Vatican Media)\n  <\/p>\n<p><b>\u00abQuien no renuncie a todo lo que posee, no puede ser mi disc\u00edpulo\u00bb<\/b> <\/p>\n<p>Tambi\u00e9n Jes\u00fas, en el Evangelio, indic\u00f3 el Papa Le\u00f3n XIV, nos habla de un proyecto al que adherir hasta el final. Dice: \u00abEl que no carga con su cruz y me sigue, no puede ser mi disc\u00edpulo\u00bb (Lc 14,27); y agrega: \u00abcualquiera de ustedes que no renuncie a todo lo que posee, no puede ser mi disc\u00edpulo\u00bb.<\/p>\n<p>\u201cEs decir, nos llama a lanzarnos sin vacilar a la aventura que \u00c9l nos propone, con la inteligencia y la fuerza que vienen de su Esp\u00edritu y que podemos acoger en la medida en que nos despojamos de nosotros mismos, de las cosas y de las ideas a las que estamos apegados, para ponernos a la escucha de su palabra\u201d.<\/p>\n<p><b>\u00abSe\u00f1or, \u00bfqu\u00e9 quieres que haga?\u00bb<\/b> <\/p>\n<p>En este sentido, el Santo Padre record\u00f3 que muchos j\u00f3venes, a lo largo de los siglos, tuvieron que afrontar este momento decisivo de la vida. As\u00ed como Salom\u00f3n, tambi\u00e9n Francisco de As\u00eds, que era joven y rico, y estaba sediento de gloria y de fama, parti\u00f3 a la guerra, esperando ser nombrado \u201ccaballero\u201d y revestirse de honores. Pero Jes\u00fas se le apareci\u00f3 en el camino y le hizo reflexionar sobre lo que estaba haciendo. Vuelto en s\u00ed, dirigi\u00f3 a Dios una pregunta sencilla: \u00abSe\u00f1or, \u00bfqu\u00e9 quieres que haga?\u00bb.<\/p>\n<p>\u201cY a partir de all\u00ed, volviendo sobre sus pasos, comenz\u00f3 a escribir una historia diferente: la maravillosa historia de santidad que todos conocemos, despoj\u00e1ndose de todo para seguir al Se\u00f1or, viviendo en pobreza y prefiriendo el amor a los hermanos, especialmente a los m\u00e1s d\u00e9biles y peque\u00f1os, al oro, a la plata y a las telas preciosas de su padre\u201d.<\/p>\n<p>    <img decoding=\"async\" src=\"data:image\/gif;base64,R0lGODlhAQABAIAAAAAAAP\/\/\/yH5BAEAAAAALAAAAAABAAEAAAIBRAA7\" data-original=\"https:\/\/www.vaticannews.va\/content\/dam\/vaticannews\/agenzie\/images\/srv\/2025\/09\/07\/2025-09-07-canonizzazione-dei-beati-pier-giorgio-frassati-e-carl\/1757235731200.JPG\/_jcr_content\/renditions\/cq5dam.thumbnail.cropped.750.422.jpeg\" alt=\"El Papa Le\u00f3n XIV preside la Santa Misa\" title=\"El Papa Le\u00f3n XIV preside la Santa Misa\"\/><\/p>\n<p>\n   El Papa Le\u00f3n XIV preside la Santa Misa \u00a0 (@Vatican Media)\n  <\/p>\n<p><b>Dios nos da una nueva l\u00f3gica<\/b> <\/p>\n<p>Y antes de hablar de los dos nuevos santos, ambos enamorados de Jes\u00fas y dispuestos a dar todo por \u00c9l, Pier Giorgio Frassati y Carlo Acutis, un joven de principios del siglo XX y un adolescente de nuestros d\u00edas, el Obispo de Roma puso el ejemplo de otro joven que respondi\u00f3 con su \u201csi\u201d al Se\u00f1or y entreg\u00f3 su vida a \u00c9l, el joven Agust\u00edn de Hipona.<\/p>\n<p>\u201cA veces nosotros los representamos como grandes personajes, olvidando que para ellos todo comenz\u00f3 cuando, a\u00fan j\u00f3venes, respondieron \u2018s\u00ed\u2019 a Dios y se entregaron a \u00c9l plenamente, sin guardar nada para s\u00ed. A este respecto, san Agust\u00edn cuenta que, en el \u00abnudo tortuos\u00edsimo y enredad\u00edsimo\u00bb de su vida, una voz, en lo profundo, le dec\u00eda: \u00abS\u00f3lo a ti quiero\u00bb. Y, de esa manera, Dios le dio una nueva direcci\u00f3n, un nuevo camino, una nueva l\u00f3gica, donde nada de su existencia estuvo perdido\u201d.<\/p>\n<p><b>Pier Giorgio y su alegr\u00eda de vivir y de ser cristiano en la oraci\u00f3n<\/b> <\/p>\n<p>Al referirse a Pier Giorgio Frassati, el Pont\u00edfice dijo que, \u00e9l encontr\u00f3 al Se\u00f1or por medio de la escuela y los grupos eclesiales y dio testimonio de ello a trav\u00e9s de su alegr\u00eda de vivir y de ser cristiano en la oraci\u00f3n, en la amistad y en la caridad. Hasta el punto de que, a fuerza de verlo recorrer las calles de Tur\u00edn con carritos repletos de ayuda para los pobres, sus amigos lo llamaban \u201cEmpresa de Transportes Frassati\u201d.<\/p>\n<p>\u201cTambi\u00e9n hoy, la vida de Pier Giorgio representa una luz para la espiritualidad laical. Para \u00e9l la fe no fue una devoci\u00f3n privada; impulsado por la fuerza del Evangelio y la pertenencia a asociaciones eclesiales, se comprometi\u00f3 generosamente en la sociedad, dio su contribuci\u00f3n en la vida pol\u00edtica, se desgast\u00f3 con ardor al servicio de los pobres\u201d.<\/p>\n<p>    <img decoding=\"async\" src=\"data:image\/gif;base64,R0lGODlhAQABAIAAAAAAAP\/\/\/yH5BAEAAAAALAAAAAABAAEAAAIBRAA7\" data-original=\"https:\/\/www.vaticannews.va\/content\/dam\/vaticannews\/agenzie\/images\/srv\/2025\/09\/07\/2025-09-07-canonizzazione-dei-beati-pier-giorgio-frassati-e-carl\/1757235733960.JPG\/_jcr_content\/renditions\/cq5dam.thumbnail.cropped.750.422.jpeg\" alt=\"Sacerdotes de todo el mundo en la Santa Misa\" title=\"Sacerdotes de todo el mundo en la Santa Misa\"\/><\/p>\n<p>\n   Sacerdotes de todo el mundo en la Santa Misa \u00a0 (@Vatican Media)\n  <\/p>\n<p><b>Carlo encontr\u00f3 a Jes\u00fas en su familia y en los sacramentos<\/b> <\/p>\n<p>De Carlo Acutis, el Santo Padre dijo que este joven encontr\u00f3 a Jes\u00fas en su familia, gracias a sus padres, Andr\u00e9s y Antonia y despu\u00e9s en la escuela, tambi\u00e9n \u00e9l, y sobre todo en los sacramentos, celebrados en la comunidad parroquial.<\/p>\n<p>\u201cDe ese modo, creci\u00f3 integrando naturalmente en sus jornadas de ni\u00f1o y de adolescente la oraci\u00f3n, el deporte, el estudio y la caridad\u201d.<\/p>\n<p><b>Cultivaron el amor a Dios a trav\u00e9s de medios sencillos<\/b> <\/p>\n<p>Ambos, Pier Giorgio y Carlo, destac\u00f3 el Papa, cultivaron el amor a Dios y a los hermanos a trav\u00e9s de medios sencillos, al alcance de todos: la Santa Misa diaria, la oraci\u00f3n, y especialmente la adoraci\u00f3n Eucar\u00edstica. Otra cosa esencial para ellos era la confesi\u00f3n frecuente.<\/p>\n<p>\u201cCarlo dec\u00eda: \u00abCuando nos ponemos frente al sol, nos bronceamos. Cuando nos ponemos ante Jes\u00fas en la Eucarist\u00eda, nos convertimos en santos\u00bb, y tambi\u00e9n: \u00abLa tristeza es dirigir la mirada hacia uno mismo, la felicidad es dirigir la mirada hacia Dios. La conversi\u00f3n no es otra cosa que desviar la mirada desde abajo hacia lo alto. Basta un simple movimiento de ojos\u00bb\u201d.<\/p>\n<p>    <img decoding=\"async\" src=\"data:image\/gif;base64,R0lGODlhAQABAIAAAAAAAP\/\/\/yH5BAEAAAAALAAAAAABAAEAAAIBRAA7\" data-original=\"https:\/\/www.vaticannews.va\/content\/dam\/vaticannews\/agenzie\/images\/srv\/2025\/09\/07\/2025-09-07-canonizzazione-dei-beati-pier-giorgio-frassati-e-carl\/1757235724248.JPG\/_jcr_content\/renditions\/cq5dam.thumbnail.cropped.750.422.jpeg\" alt=\"Imagen de la Virgen Mar\u00eda \" title=\"Imagen de la Virgen Mar\u00eda \"\/><\/p>\n<p>\n   Imagen de la Virgen Mar\u00eda \u00a0 (@Vatican Media)\n  <\/p>\n<p>Ambos, adem\u00e1s, ten\u00edan una gran devoci\u00f3n por los santos y por la Virgen Mar\u00eda, y practicaban generosamente la caridad.<\/p>\n<p>\u201cPier Giorgio dec\u00eda: \u00abAlrededor de los pobres y los enfermos veo una luz que nosotros no tenemos\u00bb. Llamaba a la caridad \u201cel fundamento de nuestra religi\u00f3n\u201d y, como Carlo, la ejercitaba sobre todo por medio de peque\u00f1os gestos concretos, a menudo escondidos, viviendo lo que el Papa Francisco ha llamado \u00abla santidad de la puerta de al lado\u00bb\u201d.<\/p>\n<p><b>La enfermedad no les impidi\u00f3 amar a Dios<\/b> <\/p>\n<p>El Papa Le\u00f3n XIV dijo que, incluso cuando los aquej\u00f3 la enfermedad y esta fue deteriorando sus j\u00f3venes vidas, ni siquiera eso los detuvo ni les impidi\u00f3 amar, ofrecerse a Dios, bendecirlo y pedirle por ellos y por todos.<\/p>\n<p>\u201cUn d\u00eda Pier Giorgio dijo: \u00abEl d\u00eda de mi muerte ser\u00e1 el d\u00eda m\u00e1s bello de mi vida\u00bb; y en su \u00faltima foto, que lo retrata mientras escalaba una monta\u00f1a de Val di Lanzo, con el rostro dirigido a la meta, hab\u00eda escrito: \u00abHacia lo alto\u00bb. Por otra parte, a Carlo, siendo a\u00fan m\u00e1s joven, le gustaba decir que el cielo nos espera desde siempre, y que amar el ma\u00f1ana es dar hoy nuestro mejor fruto\u201d.<\/p>\n<p>    <img decoding=\"async\" src=\"data:image\/gif;base64,R0lGODlhAQABAIAAAAAAAP\/\/\/yH5BAEAAAAALAAAAAABAAEAAAIBRAA7\" data-original=\"https:\/\/www.vaticannews.va\/content\/dam\/vaticannews\/agenzie\/images\/srv\/2025\/09\/07\/2025-09-07-canonizzazione-dei-beati-pier-giorgio-frassati-e-carl\/1757235738202.JPG\/_jcr_content\/renditions\/cq5dam.thumbnail.cropped.750.422.jpeg\" alt=\"Un momento del ofertorio\" title=\"Un momento del ofertorio\"\/><\/p>\n<p>\n   Un momento del ofertorio \u00a0 (@Vatican Media)\n  <\/p>\n<p><b>Nos invitan a no malgastar la vida, sino a orientarla hacia lo alto<\/b> <\/p>\n<p>Finalmente, el Santo Padre dijo que, los santos Pier Giorgio Frassati y Carlo Acutis son una invitaci\u00f3n para todos nosotros, sobre todo para los j\u00f3venes, a no malgastar la vida, sino a orientarla hacia lo alto y hacer de ella una obra maestra.<\/p>\n<p>\u00abNos animan con sus palabras: \u201cNo yo, sino Dios\u201d, dec\u00eda Carlo. Y Pier Giorgio: \u201cSi tienes a Dios como centro de todas tus acciones, entonces llegar\u00e1s hasta el final\u201d. Esta es la f\u00f3rmula, sencilla pero segura, de su santidad. Y es tambi\u00e9n el testimonio que estamos llamados a imitar para disfrutar la vida al m\u00e1ximo e ir al encuentro del Se\u00f1or en la fiesta del cielo\u00bb.<\/p>\n","protected":false},"excerpt":{"rendered":"Este 7 de septiembre, en la Plaza de San Pedro, el Santo Padre presidi\u00f3 la celebraci\u00f3n Eucar\u00edstica con&hellip;\n","protected":false},"author":2,"featured_media":99121,"comment_status":"","ping_status":"","sticky":false,"template":"","format":"standard","meta":{"footnotes":""},"categories":[5],"tags":[17,18,27015,25,24,13,14,11,35309,433,19,20,12360,9,10,15,16,400,34434,10777,23,12,21,22],"class_list":{"0":"post-99120","1":"post","2":"type-post","3":"status-publish","4":"format-standard","5":"has-post-thumbnail","7":"category-titulares","8":"tag-breaking-news","9":"tag-breakingnews","10":"tag-carlo-acutis","11":"tag-es","12":"tag-espana","13":"tag-featured-news","14":"tag-featurednews","15":"tag-headlines","16":"tag-homilia","17":"tag-jovenes","18":"tag-latest-news","19":"tag-latestnews","20":"tag-misa","21":"tag-news","22":"tag-noticias","23":"tag-noticias-destacadas","24":"tag-noticiasdestacadas","25":"tag-papa-leon-xiv","26":"tag-pier-giorgio-frassati","27":"tag-santos-y-beatos","28":"tag-spain","29":"tag-titulares","30":"tag-ultimas-noticias","31":"tag-ultimasnoticias"},"share_on_mastodon":{"url":"","error":""},"_links":{"self":[{"href":"https:\/\/www.europesays.com\/es\/wp-json\/wp\/v2\/posts\/99120","targetHints":{"allow":["GET"]}}],"collection":[{"href":"https:\/\/www.europesays.com\/es\/wp-json\/wp\/v2\/posts"}],"about":[{"href":"https:\/\/www.europesays.com\/es\/wp-json\/wp\/v2\/types\/post"}],"author":[{"embeddable":true,"href":"https:\/\/www.europesays.com\/es\/wp-json\/wp\/v2\/users\/2"}],"replies":[{"embeddable":true,"href":"https:\/\/www.europesays.com\/es\/wp-json\/wp\/v2\/comments?post=99120"}],"version-history":[{"count":0,"href":"https:\/\/www.europesays.com\/es\/wp-json\/wp\/v2\/posts\/99120\/revisions"}],"wp:featuredmedia":[{"embeddable":true,"href":"https:\/\/www.europesays.com\/es\/wp-json\/wp\/v2\/media\/99121"}],"wp:attachment":[{"href":"https:\/\/www.europesays.com\/es\/wp-json\/wp\/v2\/media?parent=99120"}],"wp:term":[{"taxonomy":"category","embeddable":true,"href":"https:\/\/www.europesays.com\/es\/wp-json\/wp\/v2\/categories?post=99120"},{"taxonomy":"post_tag","embeddable":true,"href":"https:\/\/www.europesays.com\/es\/wp-json\/wp\/v2\/tags?post=99120"}],"curies":[{"name":"wp","href":"https:\/\/api.w.org\/{rel}","templated":true}]}}