{"id":99122,"date":"2025-09-07T10:50:08","date_gmt":"2025-09-07T10:50:08","guid":{"rendered":"https:\/\/www.europesays.com\/es\/99122\/"},"modified":"2025-09-07T10:50:08","modified_gmt":"2025-09-07T10:50:08","slug":"los-toros-de-los-hermanos-martin-alonso-protagonizan-el-cuarto-encierro-en-medina-del-campo-con-un-caballo-corneado","status":"publish","type":"post","link":"https:\/\/www.europesays.com\/es\/99122\/","title":{"rendered":"Los toros de los Hermanos Mart\u00edn Alonso protagonizan el cuarto encierro en Medina del Campo con un caballo corneado"},"content":{"rendered":"<p data-start=\"78\" data-end=\"398\">La amenaza de lluvia no rest\u00f3 protagonismo a los toros de los Hermanos Mart\u00edn Alonso, que se convirtieron en la gran atracci\u00f3n del cuarto encierro de las fiestas de San Antol\u00edn en Medina del Campo. La jornada concluy\u00f3 de forma favorable, con los seis ejemplares conducidos de manera escalonada hasta el \u201cdescansadero\u201d.<\/p>\n<p data-start=\"400\" data-end=\"916\">La suelta comenz\u00f3 pasadas las nueve de la ma\u00f1ana desde los corrales. Con tres astados marcando el ritmo de la manada, el grupo avanz\u00f3 con rapidez hasta alcanzar la zona de los Cuatro Caminos. En ese punto, uno de los toros tom\u00f3 ventaja sobre el resto y fue el primero en entrar en el embudo, mientras los otros dos ejemplares se reincorporaban posteriormente al conjunto. Al inicio de la calle Logro\u00f1o, un caballo participante en el festejo result\u00f3 corneado, lo que gener\u00f3 momentos de tensi\u00f3n entre los asistentes.<\/p>\n<p data-start=\"918\" data-end=\"1189\">Tras un breve par\u00e9ntesis, la atenci\u00f3n se traslad\u00f3 a las calles Carreras, Artiller\u00eda y Avenida Portugal, por donde los toros continuaron su trayecto hasta acceder al Coso del Arrabal. All\u00ed esperaba numeroso p\u00fablico para asistir, acto seguido, a las tradicionales capeas.<img fetchpriority=\"high\" decoding=\"async\" class=\"alignnone size-full wp-image-256829\" src=\"https:\/\/www.europesays.com\/es\/wp-content\/uploads\/2025\/09\/Alfredo-Losada.jpg\" alt=\"\" width=\"960\" height=\"432\"  \/><\/p>\n","protected":false},"excerpt":{"rendered":"La amenaza de lluvia no rest\u00f3 protagonismo a los toros de los Hermanos Mart\u00edn Alonso, que se convirtieron&hellip;\n","protected":false},"author":2,"featured_media":99123,"comment_status":"","ping_status":"","sticky":false,"template":"","format":"standard","meta":{"footnotes":""},"categories":[277],"tags":[517,373,3590,209,168,147,25,24,21989,21988,21990,21991,10,952,492,23,167,257,374,1607],"class_list":{"0":"post-99122","1":"post","2":"type-post","3":"status-publish","4":"format-standard","5":"has-post-thumbnail","7":"category-toreo","8":"tag-actualidad","9":"tag-bullfighting","10":"tag-castilla-y-leon","11":"tag-cultura","12":"tag-deportes","13":"tag-entretenimiento","14":"tag-es","15":"tag-espana","16":"tag-la-voz-de-medina","17":"tag-medina-del-campo","18":"tag-medinadelcampohoy","19":"tag-medinense","20":"tag-noticias","21":"tag-politica","22":"tag-sociedad","23":"tag-spain","24":"tag-sports","25":"tag-sucesos","26":"tag-toreo","27":"tag-valladolid"},"share_on_mastodon":{"url":"","error":""},"_links":{"self":[{"href":"https:\/\/www.europesays.com\/es\/wp-json\/wp\/v2\/posts\/99122","targetHints":{"allow":["GET"]}}],"collection":[{"href":"https:\/\/www.europesays.com\/es\/wp-json\/wp\/v2\/posts"}],"about":[{"href":"https:\/\/www.europesays.com\/es\/wp-json\/wp\/v2\/types\/post"}],"author":[{"embeddable":true,"href":"https:\/\/www.europesays.com\/es\/wp-json\/wp\/v2\/users\/2"}],"replies":[{"embeddable":true,"href":"https:\/\/www.europesays.com\/es\/wp-json\/wp\/v2\/comments?post=99122"}],"version-history":[{"count":0,"href":"https:\/\/www.europesays.com\/es\/wp-json\/wp\/v2\/posts\/99122\/revisions"}],"wp:featuredmedia":[{"embeddable":true,"href":"https:\/\/www.europesays.com\/es\/wp-json\/wp\/v2\/media\/99123"}],"wp:attachment":[{"href":"https:\/\/www.europesays.com\/es\/wp-json\/wp\/v2\/media?parent=99122"}],"wp:term":[{"taxonomy":"category","embeddable":true,"href":"https:\/\/www.europesays.com\/es\/wp-json\/wp\/v2\/categories?post=99122"},{"taxonomy":"post_tag","embeddable":true,"href":"https:\/\/www.europesays.com\/es\/wp-json\/wp\/v2\/tags?post=99122"}],"curies":[{"name":"wp","href":"https:\/\/api.w.org\/{rel}","templated":true}]}}