{"id":99126,"date":"2025-09-07T10:54:08","date_gmt":"2025-09-07T10:54:08","guid":{"rendered":"https:\/\/www.europesays.com\/es\/99126\/"},"modified":"2025-09-07T10:54:08","modified_gmt":"2025-09-07T10:54:08","slug":"horario-recorrido-perfil-y-por-donde-pasa","status":"publish","type":"post","link":"https:\/\/www.europesays.com\/es\/99126\/","title":{"rendered":"horario, recorrido, perfil y por d\u00f3nde pasa"},"content":{"rendered":"<p>Los amantes del mundo del ciclismo ya llevan dos semanas vibrando con <a href=\"https:\/\/okdiario.com\/deportes\/donde-ver-vuelta-espana-2025-television-online-directo-15284549\" rel=\"nofollow noopener\" target=\"_blank\"><strong>La Vuelta Ciclista a Espa\u00f1a 2025<\/strong><\/a> despu\u00e9s de que hace ya m\u00e1s de un mes <a href=\"https:\/\/okdiario.com\/deportes\/todo-sobre-tadej-pogacar-edad-cuantos-tour-francia-ganado-cuanto-gana-ano-todo-sobre-vida-15073649\" rel=\"nofollow noopener\" target=\"_blank\"><strong>Tadej Pogacar<\/strong><\/a> conquistase el <a href=\"https:\/\/okdiario.com\/deportes\/cuanto-dinero-cobran-ciclistas-tour-francia-9333911\" rel=\"nofollow noopener\" target=\"_blank\"><strong>Tour de Francia<\/strong><\/a>. El esloveno, por desgracia, no est\u00e1 participando en esta 80\u00aa edici\u00f3n de la hist\u00f3rica ronda espa\u00f1ola que arranc\u00f3 ya el pasado s\u00e1bado 23 de agosto en <strong>Italia<\/strong>. Tras pasar por <strong>Francia<\/strong> y <strong>Andorra<\/strong> el pelot\u00f3n llegar\u00e1 a nuestro pa\u00eds y todo terminar\u00e1 el pr\u00f3ximo domingo 14 de septiembre en <strong>Madrid<\/strong>. La etapa 15 de hoy, domingo 7 de septiembre, comenzar\u00e1 en <strong>A Veiga\/Vegadeo<\/strong> y terminar\u00e1 en <strong>Monforte de Lemos<\/strong>. Hay que recordar que esta competici\u00f3n consta de cuatro etapas llanas, cinco de monta\u00f1a, seis de media monta\u00f1a, tres onduladas con final en alto, una llana con final en alto y dos contrarrelojes, una individual y otra por equipos, adem\u00e1s de dos jornadas de descanso de las cuales se ha gastado una.<\/p>\n<p>Esta 80\u00aa edici\u00f3n de <a href=\"https:\/\/okdiario.com\/deportes\/todos-equipos-ciclistas-que-participan-vuelta-espana-2025-15281216\" rel=\"nofollow noopener\" target=\"_blank\"><strong>La Vuelta Ciclista a Espa\u00f1a<\/strong><\/a> consta de 21 etapas en las que los ciclistas tendr\u00e1n que recorrer un total de 3.151 kil\u00f3metros, una cifra inferior a la que se disput\u00f3 en el <a href=\"https:\/\/okdiario.com\/deportes\/que-significan-colores-maillots-del-tour-francia-15069281\" rel=\"nofollow noopener\" target=\"_blank\"><strong>Tour de Francia<\/strong><\/a>. El vigente campe\u00f3n de la hist\u00f3rica ronda espa\u00f1ola es el esloveno <strong>Primoz Roglic<\/strong>, pero cada vez est\u00e1 m\u00e1s cerca de perder el trono, ya que no est\u00e1 participando y los favoritos est\u00e1n peleando para coronarse como campeones el pr\u00f3ximo domingo 14 de septiembre.<\/p>\n<p>A qu\u00e9 hora empieza La Vuelta a Espa\u00f1a 2025 hoy domingo 7 de septiembre<\/p>\n<p>El pelot\u00f3n que correr\u00e1 en esta etapa 15 de<a href=\"https:\/\/okdiario.com\/deportes\/donde-pasa-vuelta-espana-2025-todas-ciudades-etapas-15280080\" rel=\"nofollow noopener\" target=\"_blank\"> <strong>La Vuelta Ciclista a Espa\u00f1a 2025<\/strong><\/a> de hoy, domingo 7 de septiembre, comenzar\u00e1n en <strong>A Veiga\/Vegadeo<\/strong> a las 13:05 horas (horario peninsular) con la salida neutralizada. La organizaci\u00f3n calcula que los ciclistas empezar\u00e1n a cruzar la l\u00ednea de meta ubicada en <strong>Monforte de Lemos<\/strong> sobre las 17:17 horas, una menos en las <strong>Islas Canarias.<\/strong><\/p>\n<p>Recorrido y perfil de la etapa de hoy de A Veiga\/Vegadeo a Monforte de Lemos<\/p>\n<p>La etapa 15 de <a href=\"https:\/\/okdiario.com\/deportes\/cuando-vuelta-espana-2025-fechas-etapas-cuando-acaba-15252743\" rel=\"nofollow noopener\" target=\"_blank\"><strong>La Vuelta Ciclista a Espa\u00f1a 2025<\/strong><\/a> de hoy, domingo 7 de septiembre, comenzar\u00e1 en <strong>A Veiga\/Vegadeo<\/strong> y los ciclistas tendr\u00e1n que recorrer un total de 167,8 kil\u00f3metros hasta llegar a la l\u00ednea de meta que estar\u00e1 ubicada en <strong>Monforte de Lemos<\/strong>. Esta ser\u00e1 la quinta etapa de media monta\u00f1a de las seis que figuran en el calendario de esta apasionante 80\u00aa edici\u00f3n de la ronda espa\u00f1ola.<\/p>\n<p>Esta etapa 15 de <a href=\"https:\/\/okdiario.com\/deportes\/palmares-vuelta-espana-quien-ganado-mas-veces-15292421\" rel=\"nofollow noopener\" target=\"_blank\"><strong>La Vuelta Ciclista a Espa\u00f1a 2025<\/strong><\/a> de hoy, domingo 7 de septiembre, no ser\u00e1 una prueba f\u00e1cil en tierras gallegas. Los ciclistas se enfrentar\u00e1n a un terreno muy duro y todo se decidir\u00e1 al final con aquellos que se atrevan a probar una escapada. El pelot\u00f3n tendr\u00e1 que subir el <strong>Puerto da Garganta<\/strong>, de primera categor\u00eda con 16,5 kil\u00f3metros al 5,1% y el <strong>Alto de Barbeitos<\/strong>, de segunda categor\u00eda con 11,9 kil\u00f3metros al 3,9%.<\/p>\n<p>D\u00f3nde ver La Vuelta a Espa\u00f1a hoy en directo<\/p>\n<p>HBO Max y Eurosport fueron los medios de comunicaci\u00f3n que adquirieron los derechos para emitir de manera \u00edntegra en exclusiva todas las etapas de <strong>La Vuelta Ciclista a Espa\u00f1a 2025<\/strong> de principio a fin. RTVE, por su parte, podr\u00e1 retransmitir el tramo final de cada jornada en directo por televisi\u00f3n y gratis en abierto a trav\u00e9s de La1 o Teledeporte. Estas tres plataformas tambi\u00e9n ofrecen sus aplicaciones, donde emitir\u00e1n en streaming y en vivo online las diferentes carreras de la 80\u00aa edici\u00f3n de esta hist\u00f3rica ronda de nuestro pa\u00eds. En<strong> la web de OKDIARIO<\/strong> encontrar\u00e1s la mejor informaci\u00f3n sobre todo lo que suceda por las carreteras espa\u00f1olas, donde estaremos prestando especial atenci\u00f3n a los espa\u00f1oles, como <a href=\"https:\/\/okdiario.com\/deportes\/quien-juan-ayuso-edad-donde-equipo-quienes-son-sus-padres-todo-sobre-ciclista-15261631\" rel=\"nofollow noopener\" target=\"_blank\"><strong>Juan Ayuso<\/strong><\/a>.<\/p>\n<p>Por d\u00f3nde pasa la etapa de La Vuelta a Espa\u00f1a 2025 hoy<\/p>\n<p>Esta etapa 15 de hoy, domingo 7 de septiembre, de <a href=\"https:\/\/okdiario.com\/deportes\/que-significan-maillots-vuelta-espana-colores-cuales-son-cual-lleva-lider-15288723\" rel=\"nofollow noopener\" target=\"_blank\"><strong>La Vuelta Ciclista a Espa\u00f1a 2025<\/strong><\/a> comenzar\u00e1 en <strong>A Veiga\/Vegadeo<\/strong> y los ciclistas tendr\u00e1n que ir recorriendo puntos como San Mart\u00edn de Oscos, Paradavella, Castroverde, A Pobra de San Xiao o B\u00f3veda antes de llegar a <strong>Monforte de Lemos<\/strong>.<\/p>\n<p>D\u00f3nde escuchar por radio la etapa de La Vuelta a Espa\u00f1a hoy<\/p>\n<p>Aquellos aficionados al mundo del ciclismo que no puedan ver en directo por televisi\u00f3n esta etapa 15 de hoy, domingo 7 de septiembre, de <a href=\"https:\/\/okdiario.com\/deportes\/dorsales-ciclistas-vuelta-espana-2025-15289405\" rel=\"nofollow noopener\" target=\"_blank\"><strong>La Vuelta Ciclista a Espa\u00f1a 2025<\/strong><\/a> o alguna de las carreras que restan en el calendario, podr\u00e1n escucharlas por la radio. Emisoras como Cope, Onda Cero, la Ser, RNE o Radio Marca conectar\u00e1n con las carreteras de nuestro pa\u00eds para contar todo lo que est\u00e9n haciendo en esta 80\u00aa edici\u00f3n de la competici\u00f3n.<\/p>\n","protected":false},"excerpt":{"rendered":"Los amantes del mundo del ciclismo ya llevan dos semanas vibrando con La Vuelta Ciclista a Espa\u00f1a 2025&hellip;\n","protected":false},"author":2,"featured_media":99127,"comment_status":"","ping_status":"","sticky":false,"template":"","format":"standard","meta":{"footnotes":""},"categories":[273],"tags":[313,312,168,25,24,23,167],"class_list":{"0":"post-99126","1":"post","2":"type-post","3":"status-publish","4":"format-standard","5":"has-post-thumbnail","7":"category-ciclismo","8":"tag-ciclismo","9":"tag-cycling","10":"tag-deportes","11":"tag-es","12":"tag-espana","13":"tag-spain","14":"tag-sports"},"share_on_mastodon":{"url":"","error":""},"_links":{"self":[{"href":"https:\/\/www.europesays.com\/es\/wp-json\/wp\/v2\/posts\/99126","targetHints":{"allow":["GET"]}}],"collection":[{"href":"https:\/\/www.europesays.com\/es\/wp-json\/wp\/v2\/posts"}],"about":[{"href":"https:\/\/www.europesays.com\/es\/wp-json\/wp\/v2\/types\/post"}],"author":[{"embeddable":true,"href":"https:\/\/www.europesays.com\/es\/wp-json\/wp\/v2\/users\/2"}],"replies":[{"embeddable":true,"href":"https:\/\/www.europesays.com\/es\/wp-json\/wp\/v2\/comments?post=99126"}],"version-history":[{"count":0,"href":"https:\/\/www.europesays.com\/es\/wp-json\/wp\/v2\/posts\/99126\/revisions"}],"wp:featuredmedia":[{"embeddable":true,"href":"https:\/\/www.europesays.com\/es\/wp-json\/wp\/v2\/media\/99127"}],"wp:attachment":[{"href":"https:\/\/www.europesays.com\/es\/wp-json\/wp\/v2\/media?parent=99126"}],"wp:term":[{"taxonomy":"category","embeddable":true,"href":"https:\/\/www.europesays.com\/es\/wp-json\/wp\/v2\/categories?post=99126"},{"taxonomy":"post_tag","embeddable":true,"href":"https:\/\/www.europesays.com\/es\/wp-json\/wp\/v2\/tags?post=99126"}],"curies":[{"name":"wp","href":"https:\/\/api.w.org\/{rel}","templated":true}]}}