{"id":99140,"date":"2025-09-07T11:02:08","date_gmt":"2025-09-07T11:02:08","guid":{"rendered":"https:\/\/www.europesays.com\/es\/99140\/"},"modified":"2025-09-07T11:02:08","modified_gmt":"2025-09-07T11:02:08","slug":"el-flores-rock-puede-con-todo","status":"publish","type":"post","link":"https:\/\/www.europesays.com\/es\/99140\/","title":{"rendered":"El Flores Rock puede con todo"},"content":{"rendered":"<p class=\"h3\">Casteleiro \/ Roller Agencia<\/p>\n<p>                        Actualizado:<br \/>\n                        07\/09\/2025 10:44<\/p>\n<p>                    <a href=\"https:\/\/www.laopinioncoruna.es\/fotos\/a-coruna-metro\/2025\/09\/07\/flores-rock-121319337.html#foto=1\" class=\"button swiper-button-next\" id=\"swiperButtonNext\" rel=\"nofollow noopener\" target=\"_blank\">Ver galer\u00eda &gt;<\/a><\/p>\n<p class=\"h3\">\n                                            El p\u00fablico llena un a\u00f1o m\u00e1s el Barrio de las Flores para disfrutar del festival de rock organizado por los vecinos. Ni la existencia de otras ofertas musicales en la ciudad al mismo tiempo ni la posibilidad de que lloviese echaron atr\u00e1s a los devotos de la m\u00fasica m\u00e1s contundente\n                                    <\/p>\n<p><a class=\"swiper-imagen\" href=\"https:\/\/www.laopinioncoruna.es\/fotos\/a-coruna-metro\/2025\/09\/07\/flores-rock-121319337.html#foto=2\" rel=\"nofollow noopener\" target=\"_blank\"><\/p>\n<p>                    <img loading=\"lazy\" decoding=\"async\" class=\"lazy-place\" src=\"data:image\/png;base64,iVBORw0KGgoAAAANSUhEUgAAAAEAAAABCAQAAAC1HAwCAAAAC0lEQVR42mNkYAAAAAYAAjCB0C8AAAAASUVORK5CYII=\" alt=\" \" height=\"1602\" width=\"2400\" style=\" max-height: calc(100vh - 58px); height: 0; padding-top: 67%; \"\/><\/p>\n<p><\/a><br \/>\n                    El Flores Rock puede con todo<\/p>\n<p class=\"swiper-slide__author\">Casteleiro \/ Roller Agencia<\/p>\n<p class=\"swiper-slide__description\">\n                                                                        El p\u00fablico llena un a\u00f1o m\u00e1s el Barrio de las Flores para disfrutar del festival de rock organizado por los vecinos. Ni la existencia de otras ofertas musicales en la ciudad al mismo tiempo ni la posibilidad de que lloviese echaron atr\u00e1s a los devotos de la m\u00fasica m\u00e1s contundente\n                                            <\/p>\n<p><a class=\"swiper-imagen\" href=\"https:\/\/www.laopinioncoruna.es\/fotos\/a-coruna-metro\/2025\/09\/07\/flores-rock-121319337.html#foto=3\" rel=\"nofollow noopener\" target=\"_blank\"><\/p>\n<p>                    <img loading=\"lazy\" decoding=\"async\" class=\"lazy-place\" src=\"data:image\/png;base64,iVBORw0KGgoAAAANSUhEUgAAAAEAAAABCAQAAAC1HAwCAAAAC0lEQVR42mNkYAAAAAYAAjCB0C8AAAAASUVORK5CYII=\" alt=\" \" height=\"1602\" width=\"2400\" style=\" max-height: calc(100vh - 58px); height: 0; padding-top: 67%; \"\/><\/p>\n<p><\/a><br \/>\n                    El Flores Rock puede con todo<\/p>\n<p class=\"swiper-slide__author\">Casteleiro \/ Roller Agencia<\/p>\n<p class=\"swiper-slide__description\">\n                                                                        El p\u00fablico llena un a\u00f1o m\u00e1s el Barrio de las Flores para disfrutar del festival de rock organizado por los vecinos. Ni la existencia de otras ofertas musicales en la ciudad al mismo tiempo ni la posibilidad de que lloviese echaron atr\u00e1s a los devotos de la m\u00fasica m\u00e1s contundente\n                                            <\/p>\n<p><a class=\"swiper-imagen\" href=\"https:\/\/www.laopinioncoruna.es\/fotos\/a-coruna-metro\/2025\/09\/07\/flores-rock-121319337.html#foto=4\" rel=\"nofollow noopener\" target=\"_blank\"><\/p>\n<p>                    <img loading=\"lazy\" decoding=\"async\" class=\"lazy-place\" src=\"data:image\/png;base64,iVBORw0KGgoAAAANSUhEUgAAAAEAAAABCAQAAAC1HAwCAAAAC0lEQVR42mNkYAAAAAYAAjCB0C8AAAAASUVORK5CYII=\" alt=\" \" height=\"1602\" width=\"2400\" style=\" max-height: calc(100vh - 58px); height: 0; padding-top: 67%; \"\/><\/p>\n<p><\/a><br \/>\n                    El Flores Rock puede con todo<\/p>\n<p class=\"swiper-slide__author\">Casteleiro \/ Roller Agencia<\/p>\n<p class=\"swiper-slide__description\">\n                                                                        El p\u00fablico llena un a\u00f1o m\u00e1s el Barrio de las Flores para disfrutar del festival de rock organizado por los vecinos. Ni la existencia de otras ofertas musicales en la ciudad al mismo tiempo ni la posibilidad de que lloviese echaron atr\u00e1s a los devotos de la m\u00fasica m\u00e1s contundente\n                                            <\/p>\n<p><a class=\"swiper-imagen\" href=\"https:\/\/www.laopinioncoruna.es\/fotos\/a-coruna-metro\/2025\/09\/07\/flores-rock-121319337.html#foto=5\" rel=\"nofollow noopener\" target=\"_blank\"><\/p>\n<p>                    <img loading=\"lazy\" decoding=\"async\" class=\"lazy-place\" src=\"data:image\/png;base64,iVBORw0KGgoAAAANSUhEUgAAAAEAAAABCAQAAAC1HAwCAAAAC0lEQVR42mNkYAAAAAYAAjCB0C8AAAAASUVORK5CYII=\" alt=\" \" height=\"1602\" width=\"2400\" style=\" max-height: calc(100vh - 58px); height: 0; padding-top: 67%; \"\/><\/p>\n<p><\/a><br \/>\n                    El Flores Rock puede con todo<\/p>\n<p class=\"swiper-slide__author\">Casteleiro \/ Roller Agencia<\/p>\n<p class=\"swiper-slide__description\">\n                                                                        El p\u00fablico llena un a\u00f1o m\u00e1s el Barrio de las Flores para disfrutar del festival de rock organizado por los vecinos. Ni la existencia de otras ofertas musicales en la ciudad al mismo tiempo ni la posibilidad de que lloviese echaron atr\u00e1s a los devotos de la m\u00fasica m\u00e1s contundente\n                                            <\/p>\n<p><a class=\"swiper-imagen\" href=\"https:\/\/www.laopinioncoruna.es\/fotos\/a-coruna-metro\/2025\/09\/07\/flores-rock-121319337.html#foto=6\" rel=\"nofollow noopener\" target=\"_blank\"><\/p>\n<p>                    <img loading=\"lazy\" decoding=\"async\" class=\"lazy-place\" src=\"data:image\/png;base64,iVBORw0KGgoAAAANSUhEUgAAAAEAAAABCAQAAAC1HAwCAAAAC0lEQVR42mNkYAAAAAYAAjCB0C8AAAAASUVORK5CYII=\" alt=\" \" height=\"1602\" width=\"2400\" style=\" max-height: calc(100vh - 58px); height: 0; padding-top: 67%; \"\/><\/p>\n<p><\/a><br \/>\n                    El Flores Rock puede con todo<\/p>\n<p class=\"swiper-slide__author\">Casteleiro \/ Roller Agencia<\/p>\n<p class=\"swiper-slide__description\">\n                                                                        El p\u00fablico llena un a\u00f1o m\u00e1s el Barrio de las Flores para disfrutar del festival de rock organizado por los vecinos. Ni la existencia de otras ofertas musicales en la ciudad al mismo tiempo ni la posibilidad de que lloviese echaron atr\u00e1s a los devotos de la m\u00fasica m\u00e1s contundente\n                                            <\/p>\n<p><a class=\"swiper-imagen\" href=\"https:\/\/www.laopinioncoruna.es\/fotos\/a-coruna-metro\/2025\/09\/07\/flores-rock-121319337.html#foto=7\" rel=\"nofollow noopener\" target=\"_blank\"><\/p>\n<p>                    <img loading=\"lazy\" decoding=\"async\" class=\"lazy-place\" src=\"data:image\/png;base64,iVBORw0KGgoAAAANSUhEUgAAAAEAAAABCAQAAAC1HAwCAAAAC0lEQVR42mNkYAAAAAYAAjCB0C8AAAAASUVORK5CYII=\" alt=\" \" height=\"1602\" width=\"2400\" style=\" max-height: calc(100vh - 58px); height: 0; padding-top: 67%; \"\/><\/p>\n<p><\/a><br \/>\n                    El Flores Rock puede con todo<\/p>\n<p class=\"swiper-slide__author\">Casteleiro \/ Roller Agencia<\/p>\n<p class=\"swiper-slide__description\">\n                                                                        El p\u00fablico llena un a\u00f1o m\u00e1s el Barrio de las Flores para disfrutar del festival de rock organizado por los vecinos. Ni la existencia de otras ofertas musicales en la ciudad al mismo tiempo ni la posibilidad de que lloviese echaron atr\u00e1s a los devotos de la m\u00fasica m\u00e1s contundente\n                                            <\/p>\n<p><a class=\"swiper-imagen\" href=\"https:\/\/www.laopinioncoruna.es\/fotos\/a-coruna-metro\/2025\/09\/07\/flores-rock-121319337.html#foto=8\" rel=\"nofollow noopener\" target=\"_blank\"><\/p>\n<p>                    <img loading=\"lazy\" decoding=\"async\" class=\"lazy-place\" src=\"data:image\/png;base64,iVBORw0KGgoAAAANSUhEUgAAAAEAAAABCAQAAAC1HAwCAAAAC0lEQVR42mNkYAAAAAYAAjCB0C8AAAAASUVORK5CYII=\" alt=\" \" height=\"1588\" width=\"2400\" style=\" max-height: calc(100vh - 58px); height: 0; padding-top: 66%; \"\/><\/p>\n<p><\/a><br \/>\n                    El Flores Rock puede con todo<\/p>\n<p class=\"swiper-slide__author\">Casteleiro \/ Roller Agencia<\/p>\n<p class=\"swiper-slide__description\">\n                                                                        El p\u00fablico llena un a\u00f1o m\u00e1s el Barrio de las Flores para disfrutar del festival de rock organizado por los vecinos. Ni la existencia de otras ofertas musicales en la ciudad al mismo tiempo ni la posibilidad de que lloviese echaron atr\u00e1s a los devotos de la m\u00fasica m\u00e1s contundente\n                                            <\/p>\n<p><a class=\"swiper-imagen\" href=\"https:\/\/www.laopinioncoruna.es\/fotos\/a-coruna-metro\/2025\/09\/07\/flores-rock-121319337.html#foto=9\" rel=\"nofollow noopener\" target=\"_blank\"><\/p>\n<p>                    <img loading=\"lazy\" decoding=\"async\" class=\"lazy-place\" src=\"data:image\/png;base64,iVBORw0KGgoAAAANSUhEUgAAAAEAAAABCAQAAAC1HAwCAAAAC0lEQVR42mNkYAAAAAYAAjCB0C8AAAAASUVORK5CYII=\" alt=\" \" height=\"1620\" width=\"2400\" style=\" max-height: calc(100vh - 58px); height: 0; padding-top: 68%; \"\/><\/p>\n<p><\/a><br \/>\n                    El Flores Rock puede con todo<\/p>\n<p class=\"swiper-slide__author\">Casteleiro \/ Roller Agencia<\/p>\n<p class=\"swiper-slide__description\">\n                                                                        El p\u00fablico llena un a\u00f1o m\u00e1s el Barrio de las Flores para disfrutar del festival de rock organizado por los vecinos. Ni la existencia de otras ofertas musicales en la ciudad al mismo tiempo ni la posibilidad de que lloviese echaron atr\u00e1s a los devotos de la m\u00fasica m\u00e1s contundente\n                                            <\/p>\n<p><a class=\"swiper-imagen\" href=\"https:\/\/www.laopinioncoruna.es\/fotos\/a-coruna-metro\/2025\/09\/07\/flores-rock-121319337.html#foto=10\" rel=\"nofollow noopener\" target=\"_blank\"><\/p>\n<p>                    <img loading=\"lazy\" decoding=\"async\" class=\"lazy-place\" src=\"data:image\/png;base64,iVBORw0KGgoAAAANSUhEUgAAAAEAAAABCAQAAAC1HAwCAAAAC0lEQVR42mNkYAAAAAYAAjCB0C8AAAAASUVORK5CYII=\" alt=\" \" height=\"1602\" width=\"2400\" style=\" max-height: calc(100vh - 58px); height: 0; padding-top: 67%; \"\/><\/p>\n<p><\/a><br \/>\n                    El Flores Rock puede con todo<\/p>\n<p class=\"swiper-slide__author\">Casteleiro \/ Roller Agencia<\/p>\n<p class=\"swiper-slide__description\">\n                                                                        El p\u00fablico llena un a\u00f1o m\u00e1s el Barrio de las Flores para disfrutar del festival de rock organizado por los vecinos. Ni la existencia de otras ofertas musicales en la ciudad al mismo tiempo ni la posibilidad de que lloviese echaron atr\u00e1s a los devotos de la m\u00fasica m\u00e1s contundente\n                                            <\/p>\n<p><a class=\"swiper-imagen\" href=\"https:\/\/www.laopinioncoruna.es\/fotos\/a-coruna-metro\/2025\/09\/07\/flores-rock-121319337.html\" rel=\"nofollow noopener\" target=\"_blank\"><\/p>\n<p>                    <img loading=\"lazy\" decoding=\"async\" class=\"lazy-place\" src=\"data:image\/png;base64,iVBORw0KGgoAAAANSUhEUgAAAAEAAAABCAQAAAC1HAwCAAAAC0lEQVR42mNkYAAAAAYAAjCB0C8AAAAASUVORK5CYII=\" alt=\" \" height=\"1602\" width=\"2400\" style=\" max-height: calc(100vh - 58px); height: 0; padding-top: 67%; \"\/><\/p>\n<p><\/a><br \/>\n                    El Flores Rock puede con todo<\/p>\n<p class=\"swiper-slide__author\">Casteleiro \/ Roller Agencia<\/p>\n<p class=\"swiper-slide__description\">\n                                                                        El p\u00fablico llena un a\u00f1o m\u00e1s el Barrio de las Flores para disfrutar del festival de rock organizado por los vecinos. Ni la existencia de otras ofertas musicales en la ciudad al mismo tiempo ni la posibilidad de que lloviese echaron atr\u00e1s a los devotos de la m\u00fasica m\u00e1s contundente\n                                            <\/p>\n","protected":false},"excerpt":{"rendered":"Casteleiro \/ Roller Agencia Actualizado: 07\/09\/2025 10:44 Ver galer\u00eda &gt; El p\u00fablico llena un a\u00f1o m\u00e1s el Barrio&hellip;\n","protected":false},"author":2,"featured_media":99141,"comment_status":"","ping_status":"","sticky":false,"template":"","format":"standard","meta":{"footnotes":""},"categories":[170],"tags":[35314,7879,146,147,25,24,9646,184,185,1421,1273,23],"class_list":{"0":"post-99140","1":"post","2":"type-post","3":"status-publish","4":"format-standard","5":"has-post-thumbnail","7":"category-musica","8":"tag-barrio-de-las-flores","9":"tag-coruna","10":"tag-entertainment","11":"tag-entretenimiento","12":"tag-es","13":"tag-espana","14":"tag-flores","15":"tag-music","16":"tag-musica","17":"tag-publico","18":"tag-rock","19":"tag-spain"},"share_on_mastodon":{"url":"","error":""},"_links":{"self":[{"href":"https:\/\/www.europesays.com\/es\/wp-json\/wp\/v2\/posts\/99140","targetHints":{"allow":["GET"]}}],"collection":[{"href":"https:\/\/www.europesays.com\/es\/wp-json\/wp\/v2\/posts"}],"about":[{"href":"https:\/\/www.europesays.com\/es\/wp-json\/wp\/v2\/types\/post"}],"author":[{"embeddable":true,"href":"https:\/\/www.europesays.com\/es\/wp-json\/wp\/v2\/users\/2"}],"replies":[{"embeddable":true,"href":"https:\/\/www.europesays.com\/es\/wp-json\/wp\/v2\/comments?post=99140"}],"version-history":[{"count":0,"href":"https:\/\/www.europesays.com\/es\/wp-json\/wp\/v2\/posts\/99140\/revisions"}],"wp:featuredmedia":[{"embeddable":true,"href":"https:\/\/www.europesays.com\/es\/wp-json\/wp\/v2\/media\/99141"}],"wp:attachment":[{"href":"https:\/\/www.europesays.com\/es\/wp-json\/wp\/v2\/media?parent=99140"}],"wp:term":[{"taxonomy":"category","embeddable":true,"href":"https:\/\/www.europesays.com\/es\/wp-json\/wp\/v2\/categories?post=99140"},{"taxonomy":"post_tag","embeddable":true,"href":"https:\/\/www.europesays.com\/es\/wp-json\/wp\/v2\/tags?post=99140"}],"curies":[{"name":"wp","href":"https:\/\/api.w.org\/{rel}","templated":true}]}}