{"id":99195,"date":"2025-09-07T11:39:08","date_gmt":"2025-09-07T11:39:08","guid":{"rendered":"https:\/\/www.europesays.com\/es\/99195\/"},"modified":"2025-09-07T11:39:08","modified_gmt":"2025-09-07T11:39:08","slug":"ni-nadal-ni-federer-ni-djokovic-lo-han-conseguido","status":"publish","type":"post","link":"https:\/\/www.europesays.com\/es\/99195\/","title":{"rendered":"ni Nadal, ni Federer, ni Djokovic lo han conseguido"},"content":{"rendered":"<p class=\"c-paragraph\">Carlos Alcaraz buscar\u00e1 conquistar su segundo t\u00edtulo de US Open este domingo ante Jannik Sinner. El murciano adem\u00e1s tiene al alcance de su <b>mano volver a ser el n\u00famero uno del mundo si lo consigue<\/b> y lograr un r\u00e9cord que ni Nadal, ni Federer, ni Djokovic tienen.<\/p>\n<p class=\"c-paragraph\">El pupilo de Juan Carlos Ferrero se impuso a Novak Djokovic por\u00a06-4, 7-6(4) y 6-2 en la semifinal del Grand Slam estadounidense. El espa\u00f1ol no cedi\u00f3 un solo set ante el serbio, algo que ha logrado a lo largo del todo el torneo. En este sentido,\u00a0 Alcaraz gan\u00f3<b><b>\u00a0<\/b>a Jiri Lehecka por 6-4, 6-2 y 6-4 en cuartos, y a\u00a0<\/b><b>Arthur Rinderknech por 6-7, 3-6 y 4-6 en octavos.<\/b>\u00a0Un escenario que se repiti\u00f3 en las primeras rondas, en las que gan\u00f3 sin mayor dificultad al resto de sus rivales.<\/p>\n<p class=\"c-paragraph\">En el supuesto de que el murciano consiga doblegar a Jannik Sinner sin dejarse ning\u00fan set por el camino, se convertir\u00e1 en el primer tenista de la Era Open\u00a0en ganar el US Open,\u00a0habi\u00e9ndose llevado los 21 sets que ha disputado, o lo que es lo mismo, <b>levantar el trofeo\u00a0sin perder ni un solo parcial.<\/b><\/p>\n<p class=\"c-paragraph\">No obstante, Alcaraz no lo va a tener nada f\u00e1cil, ya que enfrente a Jannik Sinner, el que se ha convertido en su mayor rival del circuito y actual n\u00famero uno del mundo. En los cinco encuentros de Grand Slam que han disputado entre ellos, <b>Sinner siempre le ha ganado alg\u00fan set. <\/b>Adem\u00e1s, Alcaraz, de los cinco &#8216;grandes&#8217; que tiene en su palmar\u00e9s, en todos se ha dejado alg\u00fan set por el camino.\u00a0<\/p>\n<p class=\"c-paragraph\">El &#8216;Big 3&#8217; no lo ha logrado, ni tampoco\u00a0Borg o\u00a0 Sampras,\u00a0 aunque algunos se han acercado mucho. Solo\u00a0<b><b>tres tenistas consiguieron llegar a la final de Nueva York con un camino inmaculado<\/b><\/b>, y dos de ellos perdieron la final. En este sentido, Federer cay\u00f3 ante Djokovic en 2015 y Hewitt ante Federer en 2004.\u00a0\u00a0<\/p>\n<p class=\"c-paragraph\">Quien acarici\u00f3 dicho r\u00e9cord fue\u00a0Rafa Nadal,<b> que gan\u00f3 el t\u00edtulo en 2010, habiendo llegado a la final sin ceder un solo parcial. <\/b>No obstante, no pudo imponerse a Djokovic en solo tres sets. Ahora, Alcaraz tendr\u00e1 la oportunidad de conseguirlo.\u00a0<\/p>\n","protected":false},"excerpt":{"rendered":"Carlos Alcaraz buscar\u00e1 conquistar su segundo t\u00edtulo de US Open este domingo ante Jannik Sinner. El murciano adem\u00e1s&hellip;\n","protected":false},"author":2,"featured_media":99196,"comment_status":"","ping_status":"","sticky":false,"template":"","format":"standard","meta":{"footnotes":""},"categories":[274],"tags":[4736,331,415,168,25,24,1058,4722,23,167,327,326],"class_list":{"0":"post-99195","1":"post","2":"type-post","3":"status-publish","4":"format-standard","5":"has-post-thumbnail","7":"category-tenis","8":"tag-alcaraz","9":"tag-busca","10":"tag-carlos","11":"tag-deportes","12":"tag-es","13":"tag-espana","14":"tag-final","15":"tag-record","16":"tag-spain","17":"tag-sports","18":"tag-tenis","19":"tag-tennis"},"share_on_mastodon":{"url":"","error":""},"_links":{"self":[{"href":"https:\/\/www.europesays.com\/es\/wp-json\/wp\/v2\/posts\/99195","targetHints":{"allow":["GET"]}}],"collection":[{"href":"https:\/\/www.europesays.com\/es\/wp-json\/wp\/v2\/posts"}],"about":[{"href":"https:\/\/www.europesays.com\/es\/wp-json\/wp\/v2\/types\/post"}],"author":[{"embeddable":true,"href":"https:\/\/www.europesays.com\/es\/wp-json\/wp\/v2\/users\/2"}],"replies":[{"embeddable":true,"href":"https:\/\/www.europesays.com\/es\/wp-json\/wp\/v2\/comments?post=99195"}],"version-history":[{"count":0,"href":"https:\/\/www.europesays.com\/es\/wp-json\/wp\/v2\/posts\/99195\/revisions"}],"wp:featuredmedia":[{"embeddable":true,"href":"https:\/\/www.europesays.com\/es\/wp-json\/wp\/v2\/media\/99196"}],"wp:attachment":[{"href":"https:\/\/www.europesays.com\/es\/wp-json\/wp\/v2\/media?parent=99195"}],"wp:term":[{"taxonomy":"category","embeddable":true,"href":"https:\/\/www.europesays.com\/es\/wp-json\/wp\/v2\/categories?post=99195"},{"taxonomy":"post_tag","embeddable":true,"href":"https:\/\/www.europesays.com\/es\/wp-json\/wp\/v2\/tags?post=99195"}],"curies":[{"name":"wp","href":"https:\/\/api.w.org\/{rel}","templated":true}]}}