{"id":9921,"date":"2025-07-28T18:23:11","date_gmt":"2025-07-28T18:23:11","guid":{"rendered":"https:\/\/www.europesays.com\/es\/9921\/"},"modified":"2025-07-28T18:23:11","modified_gmt":"2025-07-28T18:23:11","slug":"urgente-por-masivos-cambios-en-la-parrilla-del-gp-de-belgica-franco-colapinto-larga-mas-adelante-ole","status":"publish","type":"post","link":"https:\/\/www.europesays.com\/es\/9921\/","title":{"rendered":"Urgente: por masivos cambios en la parrilla del GP de B\u00e9lgica, Franco Colapinto larga m\u00e1s adelante :: Ol\u00e9"},"content":{"rendered":"<p>27\/07\/2025 09:31hs. Actualizado al 27\/07\/2025 09:50hs.<\/p>\n<p>Se dice que las carreras terminan cuando baja la bandera de cuadros, pero ni as\u00ed se puede confirmar un resultado. Menos de una clasificaci\u00f3n hasta que los autos est\u00e1n en la grilla de salida para acelerar a fondo. As\u00ed ocurre con este GP de B\u00e9lgica de <strong><a href=\"https:\/\/www.ole.com.ar\/tema\/formula-1.html\" title=\"F\u00f3rmula 1\" alt=\"F\u00f3rmula 1\" class=\"slug\" rel=\"nofollow noopener\" target=\"_blank\">F\u00f3rmula 1<\/a><\/strong>, que larga a las 10 pero, una hora antes, confirm\u00f3 varios cambios en la parrilla para una carrera que arrancar\u00e1 con lluvia aparentemente. <strong><a href=\"https:\/\/www.ole.com.ar\/tema\/franco-colapinto.html\" title=\"Franco Colapinto\" alt=\"Franco Colapinto\" class=\"slug\" rel=\"nofollow noopener\" target=\"_blank\">Franco Colapinto<\/a><\/strong> es uno de los beneficiados.<\/p>\n<p><img alt=\"Antonelli, Sainz y Hamilton largar\u00e1n desde boxes.\" loading=\"lazy\" width=\"720\" height=\"100\" decoding=\"async\" data-nimg=\"1\" style=\"color:transparent\" src=\"https:\/\/www.europesays.com\/es\/wp-content\/uploads\/2025\/07\/EK_zSvHfM_720x0__1.jpg\"\/>Antonelli, Sainz y Hamilton largar\u00e1n desde boxes.<\/p>\n<p>or cuestiones de modificaciones en los autos, los cuales no se pueden tocar cuando entrar en Parque Cerrado, <strong>cuatro pilotos fueron penalizados y largar\u00e1n desde boxes<\/strong>. Dos de ellos picaban delante del argentino, por lo cual <strong>el #43 de Alpine ganar\u00e1 dos puestos y arrancar\u00e1 en el 15\u00b0 caj\u00f3n<\/strong>. Los dos conductores mencionados son <strong>Carlos Sainz<\/strong> (era 15\u00b0) y <strong>Lewis Hamilton<\/strong> (16\u00b0). <strong>Kimi Antonelli<\/strong> (18\u00b0) y <strong>Fernando Alonso<\/strong> (19\u00b0) estaban detr\u00e1s del argentino. Quien m\u00e1s beneficios obtuvo es <strong>Lance Stroll<\/strong>, que de 20\u00b0 parte 16\u00b0.<\/p>\n<p><img alt=\"Fernando Alonso tambi\u00e9n partir\u00e1 desde los pits.\" loading=\"lazy\" width=\"720\" height=\"100\" decoding=\"async\" data-nimg=\"1\" style=\"color:transparent\" src=\"https:\/\/www.europesays.com\/es\/wp-content\/uploads\/2025\/07\/5mZ_h2umE_720x0__1.jpg\"\/>Fernando Alonso tambi\u00e9n partir\u00e1 desde los pits.<\/p>\n<p>La Federaci\u00f3n Internacional del Autom\u00f3vil inform\u00f3 que la Ferrari de Hamilton, el Mercedes de Antonelli y el Aston Martin de Alonso<strong> reemplazaron partes de las unidades de potencia (PU)<\/strong> sin la aprobaci\u00f3n del delegado t\u00e9cnico de la FIA. Y que tambi\u00e9n se realizaron cambios en la configuraci\u00f3n de la suspensi\u00f3n del auto de Hamilton.<\/p>\n<p><img alt=\"Leclerc (3\u00b0), Norris (1\u00b0) y Piastri (2\u00b0) picar\u00e1n adelante.\" loading=\"lazy\" width=\"720\" height=\"100\" decoding=\"async\" data-nimg=\"1\" style=\"color:transparent\" src=\"https:\/\/www.europesays.com\/es\/wp-content\/uploads\/2025\/07\/TgxtLyn_z_720x0__1.jpg\"\/>Leclerc (3\u00b0), Norris (1\u00b0) y Piastri (2\u00b0) picar\u00e1n adelante.<\/p>\n<p>En cuanto a Sainz, <strong>se le modific\u00f3 la configuraci\u00f3n mec\u00e1nica y aerodin\u00e1mica del Williams<\/strong>, tambi\u00e9n en lapso de Parque Cerrado, sin la aprobaci\u00f3n del delegado t\u00e9cnico de la FIA, por lo cual ser\u00e1 el cuarto auto que largar\u00e1 desde la calle de boxes luego de que los otros 16 lo hagan ubicados en los cajones de la recta principal.<\/p>\n<p>La parrilla definitiva del GP de B\u00e9lgica<\/p>\n<p><img alt=\"As\u00ed largan en B\u00e9lgica.\" loading=\"lazy\" width=\"720\" height=\"100\" decoding=\"async\" data-nimg=\"1\" style=\"color:transparent\" src=\"https:\/\/www.europesays.com\/es\/wp-content\/uploads\/2025\/07\/BJoYcOYfV_720x0__1.jpg\"\/>As\u00ed largan en B\u00e9lgica.<a href=\"https:\/\/www.ole.com.ar\/autos\/franco-colapinto-carrera-gp-belgica-formula-1-vivo-online_0_jkn60n1W2Q.html\" aria-label=\"Franco Colapinto, de mayor a menor en el GP de B\u00e9lgica\" class=\"sc-198398ff-0 dGmAry\" rel=\"nofollow noopener\" target=\"_blank\"><img alt=\"Franco Colapinto, de mayor a menor en el GP de B\u00e9lgica\" loading=\"lazy\" width=\"290\" height=\"290\" decoding=\"async\" data-nimg=\"1\" style=\"color:transparent\" src=\"https:\/\/www.europesays.com\/es\/wp-content\/uploads\/2025\/07\/pNxqzSsjU_290x290__1.jpg\"\/><\/p>\n<p>Mir\u00e1 tambi\u00e9nFranco Colapinto, de mayor a menor en el GP de B\u00e9lgica<\/p>\n<p><a href=\"https:\/\/www.ole.com.ar\/autos\/franco-colapinto-flavio-briatore-lionel-scaloni-gp-belgica-visita_0_y78RHyjGmg.html\" aria-label=\"Visita de lujo: Lionel Scaloni se reuni\u00f3 con Franco Colapinto antes del Gran Premio de B\u00e9lgica\" class=\"sc-198398ff-0 dGmAry\" rel=\"nofollow noopener\" target=\"_blank\"><img alt=\"Visita de lujo: Lionel Scaloni se reuni\u00f3 con Franco Colapinto antes del Gran Premio de B\u00e9lgica\" loading=\"lazy\" width=\"290\" height=\"290\" decoding=\"async\" data-nimg=\"1\" style=\"color:transparent\" src=\"https:\/\/www.europesays.com\/es\/wp-content\/uploads\/2025\/07\/yWC8zZ5fZ_290x290__1.jpg\"\/><\/p>\n<p>Mir\u00e1 tambi\u00e9nVisita de lujo: Lionel Scaloni se reuni\u00f3 con Franco Colapinto antes del Gran Premio de B\u00e9lgica<\/p>\n<p><a href=\"https:\/\/www.ole.com.ar\/autos\/lionel-scaloni-eligio-piloto-favorito-formula-1-franco-colapinto_0_ZMbb9Kwvje.html\" aria-label=\"Video: Lionel Scaloni eligi\u00f3 a su piloto favorito de la F\u00f3rmula 1\" class=\"sc-198398ff-0 dGmAry\" rel=\"nofollow noopener\" target=\"_blank\"><img alt=\"Video: Lionel Scaloni eligi\u00f3 a su piloto favorito de la F\u00f3rmula 1\" loading=\"lazy\" width=\"290\" height=\"290\" decoding=\"async\" data-nimg=\"1\" style=\"color:transparent\" src=\"https:\/\/www.europesays.com\/es\/wp-content\/uploads\/2025\/07\/dp_lD2zjM_290x290__1.jpg\"\/><\/p>\n<p>Mir\u00e1 tambi\u00e9nVideo: Lionel Scaloni eligi\u00f3 a su piloto favorito de la F\u00f3rmula 1<\/p>\n","protected":false},"excerpt":{"rendered":"27\/07\/2025 09:31hs. Actualizado al 27\/07\/2025 09:50hs. Se dice que las carreras terminan cuando baja la bandera de cuadros,&hellip;\n","protected":false},"author":2,"featured_media":9922,"comment_status":"","ping_status":"","sticky":false,"template":"","format":"standard","meta":{"footnotes":""},"categories":[270],"tags":[168,25,24,306,271,272,1723,23,167],"class_list":{"0":"post-9921","1":"post","2":"type-post","3":"status-publish","4":"format-standard","5":"has-post-thumbnail","7":"category-formula-1","8":"tag-deportes","9":"tag-es","10":"tag-espana","11":"tag-f1","12":"tag-formula-1","13":"tag-formula1","14":"tag-franco-colapinto","15":"tag-spain","16":"tag-sports"},"share_on_mastodon":{"url":"","error":""},"_links":{"self":[{"href":"https:\/\/www.europesays.com\/es\/wp-json\/wp\/v2\/posts\/9921","targetHints":{"allow":["GET"]}}],"collection":[{"href":"https:\/\/www.europesays.com\/es\/wp-json\/wp\/v2\/posts"}],"about":[{"href":"https:\/\/www.europesays.com\/es\/wp-json\/wp\/v2\/types\/post"}],"author":[{"embeddable":true,"href":"https:\/\/www.europesays.com\/es\/wp-json\/wp\/v2\/users\/2"}],"replies":[{"embeddable":true,"href":"https:\/\/www.europesays.com\/es\/wp-json\/wp\/v2\/comments?post=9921"}],"version-history":[{"count":0,"href":"https:\/\/www.europesays.com\/es\/wp-json\/wp\/v2\/posts\/9921\/revisions"}],"wp:featuredmedia":[{"embeddable":true,"href":"https:\/\/www.europesays.com\/es\/wp-json\/wp\/v2\/media\/9922"}],"wp:attachment":[{"href":"https:\/\/www.europesays.com\/es\/wp-json\/wp\/v2\/media?parent=9921"}],"wp:term":[{"taxonomy":"category","embeddable":true,"href":"https:\/\/www.europesays.com\/es\/wp-json\/wp\/v2\/categories?post=9921"},{"taxonomy":"post_tag","embeddable":true,"href":"https:\/\/www.europesays.com\/es\/wp-json\/wp\/v2\/tags?post=9921"}],"curies":[{"name":"wp","href":"https:\/\/api.w.org\/{rel}","templated":true}]}}