{"id":99234,"date":"2025-09-07T12:03:08","date_gmt":"2025-09-07T12:03:08","guid":{"rendered":"https:\/\/www.europesays.com\/es\/99234\/"},"modified":"2025-09-07T12:03:08","modified_gmt":"2025-09-07T12:03:08","slug":"remco-evenepoel-levanta-los-brazos-y-acecha-el-liderato-d","status":"publish","type":"post","link":"https:\/\/www.europesays.com\/es\/99234\/","title":{"rendered":"Remco Evenepoel levanta los brazos y acecha el liderato d&#8230;"},"content":{"rendered":"<p>                    El ciclista belga se impuso con autoridad en la quinta etapa del Tour de Gran Breta\u00f1a y se situ\u00f3 a 2 segundos de la cabeza de la clasificaci\u00f3n general que la ocupa Romain Gr\u00e9goire (Groupama &#8211; FDJ).<\/p>\n<p class=\"c-news-list__author\">Ciclismoafondo.es. Foto: Soudal Quick &#8211; Step<\/p>\n<p class=\"c-mainarticle__date\">\n<p>                    6 de septiembre de 2025 (17:11 CET)<\/p>\n<p>                                                                                                                                        <img fetchpriority=\"high\" decoding=\"async\" src=\"https:\/\/www.europesays.com\/es\/wp-content\/uploads\/2025\/09\/remco.jpeg\" alt=\"Remco Evenepoel levanta los brazos en The Tumble y acecha el liderato \" title=\"Remco Evenepoel levanta los brazos en The Tumble y acecha el liderato \" class=\"c-mainarticle__img\" loading=\"eager\" width=\"790\" height=\"454\"\/><\/p>\n<p>                    Remco Evenepoel levanta los brazos en The Tumble y acecha el liderato <\/p>\n<p>Remco Evenepoel (Soudal Quick &#8211; Step) siempre tiene un as bajo la manga. El corredor belga se impuso en la quinta etapa del Tour de Gran Breta\u00f1a con autoridad y solvencia en el final en alto en The Tumble.<strong> Domin\u00f3 la jornada reina de la vuelta brit\u00e1nica y certific\u00f3 su victoria tras vencer a sus rivales en un emocionante sprint final, <\/strong>en el que el campe\u00f3n del mundo de contrarreloj hizo gala de su potencia y frialdad para batir a Thomas Gloag (Visma | Lease a Bike)\u00a0y Oscar Onley (Picnic &#8211; PostNL)\u00a0para acechar el liderato de la clasificaci\u00f3n general del que se encuentra tan solo a 2 segundos.\u00a0<\/p>\n<blockquote class=\"twitter-tweet\" data-media-max-width=\"560\"><p>&#13;<\/p>\n<p dir=\"ltr\" lang=\"en\">Our 29th victory at the <a href=\"https:\/\/twitter.com\/hashtag\/ToBM?src=hash&amp;ref_src=twsrc%5Etfw\" rel=\"nofollow noopener\" target=\"_blank\">#ToBM<\/a> \ud83e\udd47<a href=\"https:\/\/twitter.com\/hashtag\/ToBM?src=hash&amp;ref_src=twsrc%5Etfw\" rel=\"nofollow noopener\" target=\"_blank\">#ToBM<\/a> <a href=\"https:\/\/twitter.com\/hashtag\/WayToRide?src=hash&amp;ref_src=twsrc%5Etfw\" rel=\"nofollow noopener\" target=\"_blank\">#WayToRide<\/a><\/p>\n<p>Photo: <a href=\"https:\/\/twitter.com\/GettySport?ref_src=twsrc%5Etfw\" rel=\"nofollow noopener\" target=\"_blank\">@GettySport<\/a> <a href=\"https:\/\/t.co\/92ZrHANwEb\" rel=\"nofollow\">pic.twitter.com\/92ZrHANwEb<\/a><\/p>\n<p>&#13;<br \/>\n\u2014 Soudal Quick-Step Pro Cycling Team (@soudalquickstep) <a href=\"https:\/\/twitter.com\/soudalquickstep\/status\/1964342402514071749?ref_src=twsrc%5Etfw\" rel=\"nofollow noopener\" target=\"_blank\">September 6, 2025<\/a>\n<\/p><\/blockquote>\n<p>La etapa de 133,6 kil\u00f3metros entre Pontypool y la cima galesa The Tumble comenz\u00f3 con una intensidad ferviente desda el pistoletazo de salida. <strong>Desde los primeros compases de la carrera se sucedieron los ataques para conformar la fuga del d\u00eda <\/strong>y, finalmente, se consolid\u00f3 una integrada por nueve corredores. Aunque su misi\u00f3n no lleg\u00f3 a buen puerto, ya que a 42 kil\u00f3metros para la l\u00ednea de meta fue neutralizada para dejarle paso a las verdaderas hostilidades entre los favoritos.<\/p>\n<p>Desde el primer paso por The Tumble, Remco Evenepoel puso en aviso a sus contricantes. Iba a tensar la cuerda al m\u00e1ixmo. Y en los \u00failtimos tres kil\u00f3metros se sucedieron los ataques y el corredor belga cogi\u00f3 la batuta y se responsabiliz\u00f3 para tirar y ir en busca de la victoria. <strong>Arranc\u00f3 en el \u00faltimo kil\u00f3metros y con un ritmo explosivo se desmarc\u00f3 para culminar y coronar el puerto con una victoria apabullante.<\/strong> Adem\u00e1s, est\u00e1 al acecho de la general, ya que le asest\u00f3 un duro golpe a Romain Gregoire (Groupama &#8211; FDJ) que se queda tan solo con 2 segundos de ventaja.\u00a0<\/p>\n<p>Todo se decidir\u00e1 en la sexta y definitiva etapa de ma\u00f1ana domingo 7 de septiembre sobre un recorrido de 112,2 kil\u00f3metros entre Newport y Cardiff. <strong>Aunque el perfil no presente grandes rampas, ni subidas, la presencia de Caerphilly Montain (1,3 km al 9,6%) <\/strong>puede ser decisiva para el devenir de la clasificaci\u00f3n generla.\u00a0<\/p>\n<p>Clasificaciones\u00a0<\/p>\n<p>\u00ab&gt;<\/p>\n<p>Results powered by <a href=\"https:\/\/firstcycling.com\/race.php?r=45&amp;y=2025&amp;s=5\" title=\"FirstCycling.com\" rel=\"nofollow noopener\" target=\"_blank\">FirstCycling.com<\/a><\/p>\n<p>\u00a0<\/p>\n<p><script async src=\"https:\/\/platform.twitter.com\/widgets.js\" charset=\"utf-8\"><\/script><\/p>\n","protected":false},"excerpt":{"rendered":"El ciclista belga se impuso con autoridad en la quinta etapa del Tour de Gran Breta\u00f1a y se&hellip;\n","protected":false},"author":2,"featured_media":99235,"comment_status":"","ping_status":"","sticky":false,"template":"","format":"standard","meta":{"footnotes":""},"categories":[273],"tags":[313,312,168,25,24,23,167],"class_list":{"0":"post-99234","1":"post","2":"type-post","3":"status-publish","4":"format-standard","5":"has-post-thumbnail","7":"category-ciclismo","8":"tag-ciclismo","9":"tag-cycling","10":"tag-deportes","11":"tag-es","12":"tag-espana","13":"tag-spain","14":"tag-sports"},"share_on_mastodon":{"url":"","error":""},"_links":{"self":[{"href":"https:\/\/www.europesays.com\/es\/wp-json\/wp\/v2\/posts\/99234","targetHints":{"allow":["GET"]}}],"collection":[{"href":"https:\/\/www.europesays.com\/es\/wp-json\/wp\/v2\/posts"}],"about":[{"href":"https:\/\/www.europesays.com\/es\/wp-json\/wp\/v2\/types\/post"}],"author":[{"embeddable":true,"href":"https:\/\/www.europesays.com\/es\/wp-json\/wp\/v2\/users\/2"}],"replies":[{"embeddable":true,"href":"https:\/\/www.europesays.com\/es\/wp-json\/wp\/v2\/comments?post=99234"}],"version-history":[{"count":0,"href":"https:\/\/www.europesays.com\/es\/wp-json\/wp\/v2\/posts\/99234\/revisions"}],"wp:featuredmedia":[{"embeddable":true,"href":"https:\/\/www.europesays.com\/es\/wp-json\/wp\/v2\/media\/99235"}],"wp:attachment":[{"href":"https:\/\/www.europesays.com\/es\/wp-json\/wp\/v2\/media?parent=99234"}],"wp:term":[{"taxonomy":"category","embeddable":true,"href":"https:\/\/www.europesays.com\/es\/wp-json\/wp\/v2\/categories?post=99234"},{"taxonomy":"post_tag","embeddable":true,"href":"https:\/\/www.europesays.com\/es\/wp-json\/wp\/v2\/tags?post=99234"}],"curies":[{"name":"wp","href":"https:\/\/api.w.org\/{rel}","templated":true}]}}