{"id":99242,"date":"2025-09-07T12:07:08","date_gmt":"2025-09-07T12:07:08","guid":{"rendered":"https:\/\/www.europesays.com\/es\/99242\/"},"modified":"2025-09-07T12:07:08","modified_gmt":"2025-09-07T12:07:08","slug":"asturias-es-mi-casa-en-celorio-siempre-fui-feliz","status":"publish","type":"post","link":"https:\/\/www.europesays.com\/es\/99242\/","title":{"rendered":"Asturias es mi casa; en Celorio siempre fui feliz"},"content":{"rendered":"<p class=\"ft-text\"><strong>Se hizo esperar, pero <\/strong><a class=\"ft-link ft-link--decoration\" href=\"https:\/\/www.lne.es\/oriente\/2023\/09\/07\/carmen-lomana-pone-nostalgica-adorada-91804534.html\" rel=\"nofollow noopener\" target=\"_blank\"><strong>Carmen Lomana no falla a su cita veraniega con Llanes<\/strong><\/a>. En Celorio tiene su segunda residencia y a ella acude cada verano para recargar pilas. La empresaria y colaboradora de televisi\u00f3n ha compartido en redes sociales unas fotograf\u00edas junto a su casa asturiana gritando a los cuatro vientos su amor por la regi\u00f3n. <strong>\u00abAsturias, mi casa, la playa que mi vida, mi infancia y juventud. En Celorio (Llanes) siempre fui feliz\u00bb, asegura. <\/strong><\/p>\n<p class=\"ft-text\">No sabemos si <a class=\"ft-link ft-link--decoration\" href=\"https:\/\/www.lne.es\/tags\/carmen-lomana\/\" rel=\"nofollow noopener\" target=\"_blank\">Lomana<\/a> acaba de llegar a Llanes o lleva ya d\u00edas disfrutando de Asturias. Al menos en sus redes sociales, es su primera publicaci\u00f3n estival en el Principado. <a class=\"ft-link ft-link--decoration\" href=\"https:\/\/www.lne.es\/oriente\/2024\/07\/22\/deseo-pudo-cumplir-carmen-lomana-105922095.html\" rel=\"nofollow noopener\" target=\"_blank\">El a\u00f1o pasado lleg\u00f3 antes para disfrutar de las fiestas de la Virgen del Carmen de Celorio<\/a>. Justamente en la regi\u00f3n, la famosa empresaria ha tenido <a class=\"ft-link ft-link--decoration\" href=\"https:\/\/www.lne.es\/oriente\/2024\/08\/09\/aventuras-desventuras-carmen-lomana-asturias-106723964.html\" rel=\"nofollow noopener\" target=\"_blank\"><strong>veranos agitados<\/strong><\/a>. Empezando por el final, en 2023 la colaboradora de televisi\u00f3n revelaba en sus redes sociales que <strong>hab\u00eda encontrado en Llanes una nueva ilusi\u00f3n<\/strong>. Lo hac\u00eda en ese caso en septiembre, solo unos d\u00edas despu\u00e9s de haber sido <strong>intervenida de un tumor en la car\u00f3tida<\/strong>: \u00abPens\u00e9 que no sal\u00eda (de la operaci\u00f3n), me romp\u00ed y me puse a llorar\u00bb, declaraba.<\/p>\n<p>Palombina, su playa<\/p>\n<p class=\"ft-text\">Ya en la localidad llanisca, comentaba entonces:<strong> \u00abEstas monta\u00f1as contempladas desde la playa me dan la vida\u00bb<\/strong>. Y compart\u00eda varias fotograf\u00edas con sus seguidores en las redes sociales. \u00abAdoro Asturias\u00bb, a\u00f1ad\u00eda, mientras recordaba a su madre, ya fallecida, sentada <strong>en el porche de su casa, a pie de la playa de Palombina<\/strong>. \u00abEs el para\u00edso perdido al que siempre me hace feliz volver\u00bb.<\/p>\n<p class=\"ft-text\"><strong>\u00abMis recuerdos de infancia y de adolescencia est\u00e1n ligados a Asturias, mis primeros amores los viv\u00ed en Celorio\u00bb<\/strong>, comentaba a este peri\u00f3dico en 2010. \u00abCelorio lo llevo en mi coraz\u00f3n\u00bb, a\u00f1ad\u00eda. En aquellos tiempos\u00a0Lomana y su familia llegaban a Celoriu por San Pedro, y las vacaciones no acababan hasta que empezaban las clases, en septiembre.<\/p>\n<p>\u00abBienvenida de nuevo\u00bb<\/p>\n<p class=\"ft-text\">La \u00faltima publicaci\u00f3n en redes sociales de Carmen Lomana ha generado un gran n\u00famero de comentarios cari\u00f1osos. \u00abEs un lugar maravilloso. Pero que no es maravilloso en Asturias?\u00bb, escribe una seguidora. <strong>\u00abBienvenida de nuevo a Llanes Carmen!! Disfr\u00fatalo mucho!!\u00bb, comenta otra. \u00abLlegaste para la Gu\u00eda, disfruta mucho\u00bb, apostilla otra <\/strong>en referencia a las fiestas llaniscas. \u00abWowwwww me encanta!!! Y te sienta de cine\u00bb, escribe otra m\u00e1s.<\/p>\n","protected":false},"excerpt":{"rendered":"Se hizo esperar, pero Carmen Lomana no falla a su cita veraniega con Llanes. En Celorio tiene su&hellip;\n","protected":false},"author":2,"featured_media":99243,"comment_status":"","ping_status":"","sticky":false,"template":"","format":"standard","meta":{"footnotes":""},"categories":[174],"tags":[1770,14750,4957,255,7716,146,147,25,24,13766,256,17691,1922,23,807,17737],"class_list":{"0":"post-99242","1":"post","2":"type-post","3":"status-publish","4":"format-standard","5":"has-post-thumbnail","7":"category-famosos","8":"tag-asturias","9":"tag-carmen","10":"tag-carmen-lomana","11":"tag-celebrities","12":"tag-cita","13":"tag-entertainment","14":"tag-entretenimiento","15":"tag-es","16":"tag-espana","17":"tag-falla","18":"tag-famosos","19":"tag-lomana","20":"tag-redes-sociales","21":"tag-spain","22":"tag-television","23":"tag-veraniega"},"share_on_mastodon":{"url":"","error":""},"_links":{"self":[{"href":"https:\/\/www.europesays.com\/es\/wp-json\/wp\/v2\/posts\/99242","targetHints":{"allow":["GET"]}}],"collection":[{"href":"https:\/\/www.europesays.com\/es\/wp-json\/wp\/v2\/posts"}],"about":[{"href":"https:\/\/www.europesays.com\/es\/wp-json\/wp\/v2\/types\/post"}],"author":[{"embeddable":true,"href":"https:\/\/www.europesays.com\/es\/wp-json\/wp\/v2\/users\/2"}],"replies":[{"embeddable":true,"href":"https:\/\/www.europesays.com\/es\/wp-json\/wp\/v2\/comments?post=99242"}],"version-history":[{"count":0,"href":"https:\/\/www.europesays.com\/es\/wp-json\/wp\/v2\/posts\/99242\/revisions"}],"wp:featuredmedia":[{"embeddable":true,"href":"https:\/\/www.europesays.com\/es\/wp-json\/wp\/v2\/media\/99243"}],"wp:attachment":[{"href":"https:\/\/www.europesays.com\/es\/wp-json\/wp\/v2\/media?parent=99242"}],"wp:term":[{"taxonomy":"category","embeddable":true,"href":"https:\/\/www.europesays.com\/es\/wp-json\/wp\/v2\/categories?post=99242"},{"taxonomy":"post_tag","embeddable":true,"href":"https:\/\/www.europesays.com\/es\/wp-json\/wp\/v2\/tags?post=99242"}],"curies":[{"name":"wp","href":"https:\/\/api.w.org\/{rel}","templated":true}]}}