{"id":99248,"date":"2025-09-07T12:10:08","date_gmt":"2025-09-07T12:10:08","guid":{"rendered":"https:\/\/www.europesays.com\/es\/99248\/"},"modified":"2025-09-07T12:10:08","modified_gmt":"2025-09-07T12:10:08","slug":"le-recuerdan-a-gonzo-que-evole-dijo-que-ayuso-no-le-cogia-el-telefono-y-sorprende-al-decir-lo-que-le-ha-pasado-a-el","status":"publish","type":"post","link":"https:\/\/www.europesays.com\/es\/99248\/","title":{"rendered":"Le recuerdan a Gonzo que \u00c9vole dijo que Ayuso no le cog\u00eda el tel\u00e9fono y sorprende al decir lo que le ha pasado a \u00e9l"},"content":{"rendered":"<p>Gonzo estrena este domingo la nueva temporada de\u00a0Salvados en laSexta y lo hace con una<a href=\"https:\/\/www.huffingtonpost.es\/virales\/estos-dos-minutos-gran-wyoming-sobre-carlos-herrera-jimenez-losantos-han-visto-mas-200000-veces.html\" rel=\"nofollow noopener\" target=\"_blank\"> entrevista muy especial para \u00e9l a su amigo y presentador de El Intermedio, el Gran Wyoming<\/a>.<\/p>\n<p>\u00abSomos amigos desde hace a\u00f1os, hemos estado mucho tiempo juntos en vacaciones, comer en su casa es algo que llevo haciendo mucho tiempo&#8230; Aun as\u00ed, s\u00ed. <b>Algo de El Gran Wyoming no, de Chechu: y es que no quiere que se le adule<\/b>\u00ab, ha explicado en\u00a0<a href=\"https:\/\/www.eldiario.es\/vertele\/entrevistas\/gonzo-salvados-lasexta-parece-entretener-gente-no-contarles-cosas-pasan-estreno-nueva-temporada-gran-wyoming_1_12579229.html\" target=\"_blank\" rel=\"nofollow noopener\">una entrevista en verTele<\/a>.<\/p>\n<p>El presentador de Salvados\u00a0ha confesado que \u00abesas partes de la entrevista en las que yo le hac\u00eda ver lo importante que fue para m\u00ed, \u00e9l me hac\u00eda ver que por ah\u00ed no quer\u00eda ir\u00bb. \u00ab<b>Que estamos de igual a igual, y que lo otro es casualidad<\/b>\u00ab, ha razonado.<\/p>\n<p>Pero a Gonzo le han recordado lo que dijo el periodista Jordi \u00c9vole hace unos meses. Desde Sevilla, durante la presentaci\u00f3n de la pasada temporada de Lo de \u00c9vole, <a href=\"https:\/\/www.huffingtonpost.es\/virales\/jordi-evole-llama-juanma-moreno-le-peticion-ayuso-con-palo-incluido.html\" rel=\"nofollow noopener\" target=\"_blank\">llam\u00f3\u00a0por tel\u00e9fono al presidente de la Junta de Andaluc\u00eda, Juanma Moreno Bonilla<\/a>.<\/p>\n<p>\u00abHe estado alguna vez llamando al Gobierno de la Comunidad de Madrid y<b> all\u00ed no me cogen el tel\u00e9fono, no s\u00e9 si se lo coge a usted la se\u00f1ora Ayuso<\/b>\u00ab, justific\u00f3 delante de los medios de comunicaci\u00f3n.<\/p>\n<p>Tras preguntarle si a \u00e9l s\u00ed que le ha cogido el tel\u00e9fono, Gonzo ha respondido de forma sorprendente. \u00ab<b>A m\u00ed me lo coge Miguel \u00c1ngel Rodr\u00edguez<\/b>. Pero de las veces que me lo cogi\u00f3, solo una vez fue para decirme que s\u00ed\u00bb, ha contado.<\/p>\n<p>\u00abLe he llamado mogoll\u00f3n de veces desde aquella, y me dice: est\u00e1s flipado, ya te gustar\u00eda, ni de co\u00f1a. Pero es que ese no es tu trabajo\u00bb, ha destacado, antes de decir que \u00ab<b>el &#8216;no&#8217; es el d\u00eda a d\u00eda, pero es que cuando te dicen que s\u00ed&#8230;<\/b>\u00ab.<\/p>\n<p>\u00ab<b>\u00bfC\u00f3mo consigues al Papa? Pues es llamando un a\u00f1o, y otro a\u00f1o, y otro, y otro&#8230; no d\u00e1ndolo nunca por perdido<\/b>. Eso es algo que aprend\u00ed en Salvados\u00bb, ha detallado el periodista.<\/p>\n","protected":false},"excerpt":{"rendered":"Gonzo estrena este domingo la nueva temporada de\u00a0Salvados en laSexta y lo hace con una entrevista muy especial&hellip;\n","protected":false},"author":2,"featured_media":99249,"comment_status":"","ping_status":"","sticky":false,"template":"","format":"standard","meta":{"footnotes":""},"categories":[171],"tags":[146,147,25,24,31490,3515,13987,23,214],"class_list":{"0":"post-99248","1":"post","2":"type-post","3":"status-publish","4":"format-standard","5":"has-post-thumbnail","7":"category-tv","8":"tag-entertainment","9":"tag-entretenimiento","10":"tag-es","11":"tag-espana","12":"tag-gonzo","13":"tag-isabel-diaz-ayuso","14":"tag-jordi-evole","15":"tag-spain","16":"tag-tv"},"share_on_mastodon":{"url":"","error":""},"_links":{"self":[{"href":"https:\/\/www.europesays.com\/es\/wp-json\/wp\/v2\/posts\/99248","targetHints":{"allow":["GET"]}}],"collection":[{"href":"https:\/\/www.europesays.com\/es\/wp-json\/wp\/v2\/posts"}],"about":[{"href":"https:\/\/www.europesays.com\/es\/wp-json\/wp\/v2\/types\/post"}],"author":[{"embeddable":true,"href":"https:\/\/www.europesays.com\/es\/wp-json\/wp\/v2\/users\/2"}],"replies":[{"embeddable":true,"href":"https:\/\/www.europesays.com\/es\/wp-json\/wp\/v2\/comments?post=99248"}],"version-history":[{"count":0,"href":"https:\/\/www.europesays.com\/es\/wp-json\/wp\/v2\/posts\/99248\/revisions"}],"wp:featuredmedia":[{"embeddable":true,"href":"https:\/\/www.europesays.com\/es\/wp-json\/wp\/v2\/media\/99249"}],"wp:attachment":[{"href":"https:\/\/www.europesays.com\/es\/wp-json\/wp\/v2\/media?parent=99248"}],"wp:term":[{"taxonomy":"category","embeddable":true,"href":"https:\/\/www.europesays.com\/es\/wp-json\/wp\/v2\/categories?post=99248"},{"taxonomy":"post_tag","embeddable":true,"href":"https:\/\/www.europesays.com\/es\/wp-json\/wp\/v2\/tags?post=99248"}],"curies":[{"name":"wp","href":"https:\/\/api.w.org\/{rel}","templated":true}]}}