{"id":99268,"date":"2025-09-07T12:22:19","date_gmt":"2025-09-07T12:22:19","guid":{"rendered":"https:\/\/www.europesays.com\/es\/99268\/"},"modified":"2025-09-07T12:22:19","modified_gmt":"2025-09-07T12:22:19","slug":"semana-taurina-lalcora-i-lalcora-despide-la-semana-taurina-con-cuatro-cerriles-de-penas-y-asociaciones","status":"publish","type":"post","link":"https:\/\/www.europesays.com\/es\/99268\/","title":{"rendered":"SEMANA TAURINA L&#8217;ALCORA I L\u2019Alcora despide la semana taurina con cuatro cerriles de pe\u00f1as y asociaciones"},"content":{"rendered":"<p class=\"ft-text\">L\u2019<a class=\"ft-link ft-link--decoration\" href=\"https:\/\/www.elperiodicomediterraneo.com\/castello\/lalcora\/\" target=\"_blank\" rel=\"nofollow noopener\">Alcora<\/a> ha vivido este s\u00e1bado la jornada m\u00e1s taurina de las <a class=\"ft-link ft-link--decoration\" href=\"https:\/\/www.elperiodicomediterraneo.com\/tags\/fiestas\/\" target=\"_blank\" rel=\"nofollow noopener\">fiestas<\/a> del Cristo, con una traca final que junt\u00f3 a cuatro cerriles aportados por distintas pe\u00f1as y asociaciones. <strong>La cita ha arrancado en la plaza <\/strong><a class=\"ft-link ft-link--decoration\" href=\"https:\/\/www.elperiodicomediterraneo.com\/tags\/espana\/\" target=\"_blank\" rel=\"nofollow noopener\"><strong>Espa\u00f1a<\/strong><\/a><strong> con <\/strong><a class=\"ft-link ft-link--decoration\" href=\"https:\/\/www.elperiodicomediterraneo.com\/castello\/el-toro\/\" target=\"_blank\" rel=\"nofollow noopener\"><strong>el toro<\/strong><\/a><strong> de la pe\u00f1a La Comedia, el colectivo taurino m\u00e1s numeroso de la capital de l\u2019<\/strong><a class=\"ft-link ft-link--decoration\" href=\"https:\/\/www.elperiodicomediterraneo.com\/tags\/l-alcalaten\/\" target=\"_blank\" rel=\"nofollow noopener\"><strong>Alcalat\u00e9n<\/strong><\/a><strong> con 106 componentes<\/strong>, que ha presentado un astado de Sergio Centelles, de <a class=\"ft-link ft-link--decoration\" href=\"https:\/\/www.elperiodicomediterraneo.com\/castello\/cati\/\" target=\"_blank\" rel=\"nofollow noopener\">Cat\u00ed<\/a>, de nombre Ambicioso. El ejemplar, n\u00famero 23 y guarismo 1, se embola tambi\u00e9n por la noche.<\/p>\n<p class=\"ft-text\">El segundo turno ha sido para la pe\u00f1a Vint de Copes, que ha elegido un ejemplar de la ganader\u00eda Reta de Casta Navarra, de nombre Confitero, n\u00famero 102 y guarismo 0, que ha salido desde el caj\u00f3n y se embola en la plaza Espa\u00f1a. A continuaci\u00f3n, la pe\u00f1a Kannabis &amp; Sekia ha ofrecido uno de los toros m\u00e1s destacados de la jornada, Oriente, n\u00famero 18 y guarismo 9, del hierro de Aldeanueva, que se ha probado y se embola en la placeta Matraca.<\/p>\n<p><img decoding=\"async\" src=\"https:\/\/www.europesays.com\/es\/wp-content\/uploads\/2025\/09\/21a1b5bc-94ec-415a-b069-d38b72295029_alta-libre-aspect-ratio_default_0.jpg\" width=\"1200\" height=\"900\" alt=\"Las pe\u00f1as posando durante la jornada taurina en la plaza.\" class=\"ft-helper-img-rd\" loading=\"lazy\" hasdataaida=\"true\"\/><\/p>\n<p class=\"ft-helper-fontColor-quaternary ft-helper-fontSize-body-S ft-helper-spacer-t-xxs\">Las pe\u00f1as posando durante la jornada taurina en la plaza.  \/ Javier Nomdedeu<\/p>\n<p class=\"ft-text\">Ha cerrado el ciclo la pe\u00f1a Rinc\u00f3n Taurino, con un morlaco de Hermanos Dom\u00ednguez Camacho, Aromoso, n\u00famero 7 y guarismo 1, procedente de Marqu\u00e9s de Domecq, que tambi\u00e9n est\u00e1 previsto que se embole.<\/p>\n<p>Premios<\/p>\n<p class=\"ft-text\">Adem\u00e1s, la asociaci\u00f3n <a class=\"ft-link ft-link--decoration\" href=\"https:\/\/www.elperiodicomediterraneo.com\/cultura\/\" target=\"_blank\" rel=\"nofollow noopener\">cultural<\/a> taurina El Trap\u00edo prepara ya una <strong>nueva edici\u00f3n de sus premios, que reconocen al toro mejor presentado de las fiestas y otros aspectos destacados de los festejos, como las emboladas o las mejores im\u00e1genes taurinas.<\/strong><\/p>\n<p class=\"ft-text\">La <a class=\"ft-link ft-link--decoration\" href=\"https:\/\/www.elperiodicomediterraneo.com\/tags\/concejal\/\" target=\"_blank\" rel=\"nofollow noopener\">concejala<\/a> de Fiestas, Vanessa Periz, ha subrayado que es \u00abadmirable el esfuerzo que realizan las pe\u00f1as taurinas con los astados cerriles que aportan y m\u00e1s desde que se han disparado los precios de los toros. Las Fiestas del Cristo son, sobre todo, el reflejo de un pueblo que se implica\u00bb.<\/p>\n<p class=\"ft-text\">La edila ha agradecido el <a class=\"ft-link ft-link--decoration\" href=\"https:\/\/www.elperiodicomediterraneo.com\/tags\/trabajo\/\" target=\"_blank\" rel=\"nofollow noopener\">trabajo<\/a> de las comisiones y pe\u00f1as, \u00abaut\u00e9ntico <a class=\"ft-link ft-link--decoration\" href=\"https:\/\/www.elperiodicomediterraneo.com\/tags\/motogp\/\" rel=\"nofollow noopener\" target=\"_blank\">motor<\/a> de las celebraciones\u00bb, asociaciones y equipo de gobierno.<\/p>\n","protected":false},"excerpt":{"rendered":"L\u2019Alcora ha vivido este s\u00e1bado la jornada m\u00e1s taurina de las fiestas del Cristo, con una traca final&hellip;\n","protected":false},"author":2,"featured_media":99269,"comment_status":"","ping_status":"","sticky":false,"template":"","format":"standard","meta":{"footnotes":""},"categories":[277],"tags":[7307,373,7312,168,6193,25,24,43,35332,23832,532,773,23,167,600,374,913,444],"class_list":{"0":"post-99268","1":"post","2":"type-post","3":"status-publish","4":"format-standard","5":"has-post-thumbnail","7":"category-toreo","8":"tag-alcora","9":"tag-bullfighting","10":"tag-comarcas","11":"tag-deportes","12":"tag-despide","13":"tag-es","14":"tag-espana","15":"tag-fiestas","16":"tag-fiestas-alcora","17":"tag-l","18":"tag-premios","19":"tag-semana","20":"tag-spain","21":"tag-sports","22":"tag-taurina","23":"tag-toreo","24":"tag-toro","25":"tag-toros"},"share_on_mastodon":{"url":"","error":""},"_links":{"self":[{"href":"https:\/\/www.europesays.com\/es\/wp-json\/wp\/v2\/posts\/99268","targetHints":{"allow":["GET"]}}],"collection":[{"href":"https:\/\/www.europesays.com\/es\/wp-json\/wp\/v2\/posts"}],"about":[{"href":"https:\/\/www.europesays.com\/es\/wp-json\/wp\/v2\/types\/post"}],"author":[{"embeddable":true,"href":"https:\/\/www.europesays.com\/es\/wp-json\/wp\/v2\/users\/2"}],"replies":[{"embeddable":true,"href":"https:\/\/www.europesays.com\/es\/wp-json\/wp\/v2\/comments?post=99268"}],"version-history":[{"count":0,"href":"https:\/\/www.europesays.com\/es\/wp-json\/wp\/v2\/posts\/99268\/revisions"}],"wp:featuredmedia":[{"embeddable":true,"href":"https:\/\/www.europesays.com\/es\/wp-json\/wp\/v2\/media\/99269"}],"wp:attachment":[{"href":"https:\/\/www.europesays.com\/es\/wp-json\/wp\/v2\/media?parent=99268"}],"wp:term":[{"taxonomy":"category","embeddable":true,"href":"https:\/\/www.europesays.com\/es\/wp-json\/wp\/v2\/categories?post=99268"},{"taxonomy":"post_tag","embeddable":true,"href":"https:\/\/www.europesays.com\/es\/wp-json\/wp\/v2\/tags?post=99268"}],"curies":[{"name":"wp","href":"https:\/\/api.w.org\/{rel}","templated":true}]}}