{"id":99270,"date":"2025-09-07T12:23:10","date_gmt":"2025-09-07T12:23:10","guid":{"rendered":"https:\/\/www.europesays.com\/es\/99270\/"},"modified":"2025-09-07T12:23:10","modified_gmt":"2025-09-07T12:23:10","slug":"la-ufc-condenada-a-pagar-las-millonarias-indemnizaciones-que-recibiran-varios-de-sus-peleadores","status":"publish","type":"post","link":"https:\/\/www.europesays.com\/es\/99270\/","title":{"rendered":"La UFC, condenada a pagar: las millonarias indemnizaciones que recibir\u00e1n varios de sus peleadores"},"content":{"rendered":"<p class=\"\">En 2014 comenz\u00f3 un <b>proceso contra la UFC<\/b> en el que varios luchadores y exluchadores acusaban a la promotora de <b>\u201cpracticas anticompetitivas\u201d y monopol\u00edsticas<\/b> que comenzaron en 2010 y se prolongaron hasta 2017.<\/p>\n<p class=\"\">Un grupo de peleadores demand\u00f3 a la UFC argumentando que, bajo la gesti\u00f3n de Zuffa \u2014hoy parte de TKO Holdings\u2014, la compa\u00f1\u00eda<b> construy\u00f3 un dominio casi absoluto del negocio de las artes marciales mixtas<\/b>. Seg\u00fan la querella, esa posici\u00f3n se consolid\u00f3 mediante contratos que ataban en exclusividad a los luchadores, <b>cl\u00e1usulas que restring\u00edan su libertad de negociar con otras promotoras<\/b> y un clima de amenazas hacia quienes buscaran competir fuera.<\/p>\n<p class=\"\">A ello se sumaron las <b>compras estrat\u00e9gicas de organizaciones rivales como Pride, WEC y Strikeforce<\/b>, lo que habr\u00eda reducido dr\u00e1sticamente las alternativas en el mercado y mantenido a los atletas con menor poder de negociaci\u00f3n. El proceso implica a luchadores que estaban en la compa\u00f1\u00eda entre diciembre de 2010 y junio de 2017, periodo en el que la UFC se convirti\u00f3 en la promotora de MMA m\u00e1s importante del planeta.<\/p>\n<p class=\"\">En febrero de este a\u00f1o, el juez federal Richard Boulware aprob\u00f3 un acuerdo de pago de <b>375 millones de d\u00f3lares<\/b> (casi 320 millones de euros), siendo 126 de ellos destinados a honorarios legales y <b>el resto (251 millones) para los peleadores.<\/b><\/p>\n<p class=\"\">El deportista que menos dinero recibir\u00e1 se llevar\u00e1<b> 16.138,45 d\u00f3lares<\/b>, seg\u00fan consta en los documentos judiciales. Cada luchador de este grupo (<b>1067 luchadores contemplados)<\/b> recibir\u00e1 una media de 250.000 d\u00f3lares y habr\u00e1 una \u00e9lite formada por <b>35 atletas que recibir\u00e1n m\u00e1s de un mill\u00f3n de d\u00f3lares.<\/b><\/p>\n<p class=\"\">Seg\u00fan el periodista John S. Nash, el legendario artista marcial mixto brasile\u00f1o<b> Anderson Silva ser\u00e1 el m\u00e1s beneficiado por este acuerdo<\/b>, puesto que le corresponden unos <b>10.33 millones de d\u00f3lares. <\/b>La Ara\u00f1a form\u00f3 parte de la plantilla de la UFC desde diciembre de 2010 hasta junio de 2017, etapa contemplada dentro de la demanda.<\/p>\n<p><img decoding=\"async\" src=\"https:\/\/www.europesays.com\/es\/wp-content\/uploads\/2025\/09\/YA4IYNC7WFO3NBME2CYIXKDMPU.jpg\" alt=\"La UFC, condenada a pagar: las millonarias indemnizaciones que recibir\u00e1n varios de sus peleadores\" height=\"675\" width=\"1200\"   loading=\"lazy\"\/>Anderson Silva reza antes de medirse al brit\u00e1nico Michael Bisping en el UFC Fight Night 83.Matthew Childs<\/p>\n<p class=\"\">Eso hizo que fuese incorporado de manera autom\u00e1tica al grupo de demandantes, <b>sin tener que presentar una solicitud individual de compensaci\u00f3n<\/b>. Por ello es el propio Silva el que debe decidir si acepta la suma de dinero que le corresponde en el acuerdo o si renuncia a ella.<\/p>\n<p>Noticias relacionadas<a href=\"https:\/\/as.com\/masdeporte\/polideportivo\/aleksandre-topuria-regresa-a-la-jaula-el-22-de-noviembre-en-el-ufc-qatar-n\/\" class=\"s_m_w\" title=\"El mayor de los hermanos Topuria se medir\u00e1 con el kazajo Bezkat Almakhan en Doha, en busca de su segunda victoria dentro de la compa\u00f1\u00eda. \" data-tb-link=\"\" rel=\"nofollow noopener\" target=\"_blank\"><img decoding=\"async\" src=\"https:\/\/www.europesays.com\/es\/wp-content\/uploads\/2025\/09\/1757247789_727_SN3BGNMACV6U2ZTLINYMJDKVFM.jpg\" alt=\"Aleksandre Topuria regresa el 22 de noviembre en el UFC Qatar \" class=\"\" height=\"1\" width=\"1\"   loading=\"lazy\" data-tb-thumbnail=\"\"\/><\/a><a href=\"https:\/\/as.com\/masdeporte\/polideportivo\/enrique-kakulov-el-boxeador-todoterreno-a-por-los-mundiales-n\/\" class=\"s_m_w\" title=\"El p\u00fagil, nacido en Espa\u00f1a y de padres georgianos, ser\u00e1 el representante en los \u201360 kg de la Selecci\u00f3n en los Campeonatos Mundiales en Liverpool (del 4 al 14 de septiembre). \" data-tb-link=\"\" rel=\"nofollow noopener\" target=\"_blank\"><img decoding=\"async\" src=\"https:\/\/www.europesays.com\/es\/wp-content\/uploads\/2025\/09\/AQUWVATRQFGAFCW3SF6335KD34.jpg\" alt=\"Enrique Kakulov: el boxeador \u201ctodoterreno\u201d, a por el Mundial\" class=\"\" height=\"1\" width=\"1\"   loading=\"lazy\" data-tb-thumbnail=\"\"\/><\/a><\/p>\n<p class=\"\"><b>\u00a1Tus opiniones importan!<\/b> Comenta en los art\u00edculos y suscr\u00edbete gratis a nuestra <a href=\"https:\/\/asfan.as.com\/newsletters\/\" target=\"_blank\" rel=\"nofollow noopener\" title=\"https:\/\/asfan.as.com\/newsletters\/\">newsletter<\/a> y a las alertas informativas en la <a href=\"https:\/\/as.com\/aplicacion-de-as-n\/\" target=\"_blank\" rel=\"nofollow noopener\" title=\"https:\/\/as.com\/aplicacion-de-as-n\/\">App<\/a> o el canal de <a href=\"https:\/\/www.whatsapp.com\/channel\/0029VaAasdA7j6g745nz9M10\" target=\"_blank\" rel=\"nofollow noopener\" title=\"https:\/\/www.whatsapp.com\/channel\/0029VaAasdA7j6g745nz9M10\">WhatsApp<\/a>.<\/p>\n<p class=\"\">\u00bfBuscas licenciar contenido? Haz clic <a href=\"https:\/\/profesional.elpais.com\/soluciones-sindicacion?utm_medium=interno&amp;utm_source=crosslinking&amp;utm_campaign=sindicacion_as_pie_articulos\" target=\"_blank\" rel=\"nofollow noopener\" title=\"https:\/\/profesional.elpais.com\/soluciones-sindicacion?utm_medium=interno&amp;utm_source=crosslinking&amp;utm_campaign=sindicacion_as_pie_articulos\">aqu\u00ed<\/a><\/p>\n","protected":false},"excerpt":{"rendered":"En 2014 comenz\u00f3 un proceso contra la UFC en el que varios luchadores y exluchadores acusaban a la&hellip;\n","protected":false},"author":2,"featured_media":99271,"comment_status":"","ping_status":"","sticky":false,"template":"","format":"standard","meta":{"footnotes":""},"categories":[276],"tags":[168,25,24,23,167,343],"class_list":{"0":"post-99270","1":"post","2":"type-post","3":"status-publish","4":"format-standard","5":"has-post-thumbnail","7":"category-ufc","8":"tag-deportes","9":"tag-es","10":"tag-espana","11":"tag-spain","12":"tag-sports","13":"tag-ufc"},"share_on_mastodon":{"url":"","error":""},"_links":{"self":[{"href":"https:\/\/www.europesays.com\/es\/wp-json\/wp\/v2\/posts\/99270","targetHints":{"allow":["GET"]}}],"collection":[{"href":"https:\/\/www.europesays.com\/es\/wp-json\/wp\/v2\/posts"}],"about":[{"href":"https:\/\/www.europesays.com\/es\/wp-json\/wp\/v2\/types\/post"}],"author":[{"embeddable":true,"href":"https:\/\/www.europesays.com\/es\/wp-json\/wp\/v2\/users\/2"}],"replies":[{"embeddable":true,"href":"https:\/\/www.europesays.com\/es\/wp-json\/wp\/v2\/comments?post=99270"}],"version-history":[{"count":0,"href":"https:\/\/www.europesays.com\/es\/wp-json\/wp\/v2\/posts\/99270\/revisions"}],"wp:featuredmedia":[{"embeddable":true,"href":"https:\/\/www.europesays.com\/es\/wp-json\/wp\/v2\/media\/99271"}],"wp:attachment":[{"href":"https:\/\/www.europesays.com\/es\/wp-json\/wp\/v2\/media?parent=99270"}],"wp:term":[{"taxonomy":"category","embeddable":true,"href":"https:\/\/www.europesays.com\/es\/wp-json\/wp\/v2\/categories?post=99270"},{"taxonomy":"post_tag","embeddable":true,"href":"https:\/\/www.europesays.com\/es\/wp-json\/wp\/v2\/tags?post=99270"}],"curies":[{"name":"wp","href":"https:\/\/api.w.org\/{rel}","templated":true}]}}