{"id":99278,"date":"2025-09-07T12:29:08","date_gmt":"2025-09-07T12:29:08","guid":{"rendered":"https:\/\/www.europesays.com\/es\/99278\/"},"modified":"2025-09-07T12:29:08","modified_gmt":"2025-09-07T12:29:08","slug":"polemica-arbitral-en-el-malaga-granada-descontento-con-el-semiautomatico-y-las-decisiones-de-lax-franco","status":"publish","type":"post","link":"https:\/\/www.europesays.com\/es\/99278\/","title":{"rendered":"Pol\u00e9mica arbitral en el M\u00e1laga &#8211; Granada: descontento con el semiautom\u00e1tico y las decisiones de Lax Franco"},"content":{"rendered":"<p><a href=\"https:\/\/www.merchanendirecto.es\/wp-content\/uploads\/2025\/09\/alfonso-herrero-lax-franco-polemica-arbitral-malaga-granada--scaled.webp\" data-caption=\"Foto: Jos\u00e9 Manuel Campos\" rel=\"nofollow noopener\" target=\"_blank\"><img loading=\"lazy\" decoding=\"async\" width=\"696\" height=\"392\" class=\"entry-thumb td-modal-image\" src=\"https:\/\/www.europesays.com\/es\/wp-content\/uploads\/2025\/09\/alfonso-herrero-lax-franco-polemica-arbitral-malaga-granada--696x392.webp.webp\"   alt=\"\" title=\"alfonso herrero lax franco polemica arbitral malaga granada\"\/><\/a>Foto: Jos\u00e9 Manuel Campos<\/p>\n<p>El <strong>Granada CF <\/strong>consigui\u00f3 remontar el<strong> 2-0 que Chupete<\/strong> hab\u00eda colocado en el marcador en los primeros<strong> 20 minutos<\/strong> de encuentro. <a href=\"https:\/\/www.merchanendirecto.es\/malaga-cf\/cronica-malaga-cf-chupete-y-a-dormirse-ante-el-granada-cf\/\" target=\"_blank\" rel=\"noreferrer noopener nofollow\">Un empate<\/a> de sabor agridulce para unos que ten\u00edan la victoria en la mano y la dejaron escapar. Y otros que estuvieron cerca de completar la remontada con distintas acciones de peligro que evitaron los palos y el desacierto. Quien apenas dej\u00f3 contento a nadie en <strong>La Rosaleda<\/strong> fue el arbitraje. <strong>Tres de los cuatro goles tuvieron que ser revisados por el VAR<\/strong> en situaciones de fuera de juego milim\u00e9tricas. Pol\u00e9mica arbitral en el M\u00e1laga \u2013 Granada: descontento con el semiautom\u00e1tico y las decisiones de Lax Franco. <\/p>\n<p>La primera revisi\u00f3n vino con el segundo tanto de Chupete, quien remat\u00f3 a placer despu\u00e9s de una asistencia de cabeza en el \u00e1rea de Larrubia. En este caso, la imagen del semiautom\u00e1tico denota que el cordob\u00e9s estaba bastante por detr\u00e1s de la pelota y el tanto subi\u00f3 al marcador. Fue en sus dos siguientes intervenciones donde dicha herramienta dej\u00f3 m\u00e1s dudas.<strong> En el primer gol del Granada<\/strong>, la jugada arranca con un pase en largo de posible posici\u00f3n antirreglamentaria milim\u00e9trica entre <strong>Murillo y Faye<\/strong>. No hay fuera de juego posterior en el pase a <strong>Bouldini<\/strong>. Pero, el gol subi\u00f3 al marcador por puros cent\u00edmetros, seg\u00fan el semiautom\u00e1tico, debido a la posici\u00f3n del hombro del defensa malaguista. <\/p>\n<p><img fetchpriority=\"high\" decoding=\"async\" width=\"1024\" height=\"611\" src=\"https:\/\/www.europesays.com\/es\/wp-content\/uploads\/2025\/09\/Imagen-de-WhatsApp-2025-09-07-a-las-09.21.15_0cec2641-e1757237115371-1024x611.webp.webp\" alt=\"\" class=\"wp-image-317153\"  \/><\/p>\n<p>El segundo tanto del Granada CF tambi\u00e9n se defini\u00f3 por un fuera de juego no existente debido a pr\u00e1cticamente las mismas dimensiones. En este caso, tras el rechace de <strong>Alfonso Herrero<\/strong>, la pelota queda suelta. Fue <strong>Pedro Alema\u00f1<\/strong> quien gana la posici\u00f3n f\u00e1cilmente a <strong>Jokin Gabilondo <\/strong>para rematar solo. Seg\u00fan la imagen, Murillo de nuevo rompe el fuera de juego por mil\u00edmetros de su hombro al encoger los brazos despu\u00e9s del disparo de <strong>Pablo S\u00e1enz.<\/strong><\/p>\n<p><img loading=\"lazy\" decoding=\"async\" width=\"1024\" height=\"657\" src=\"https:\/\/www.europesays.com\/es\/wp-content\/uploads\/2025\/09\/image-e1757237307648-1024x657.webp.webp\" alt=\"\" class=\"wp-image-317154\"  \/><\/p>\n<p>Adem\u00e1s del descontento de La Rosaleda con las im\u00e1genes del fuera de juego semiautom\u00e1tico, poco gustaron muchas de las decisiones del colegiado murciano, <strong>Salvador Lax Franco<\/strong>. Sobre todo en cuanto al criterio de faltas, que enfad\u00f3 mucho a los jugadores malaguistas. <\/p>\n","protected":false},"excerpt":{"rendered":"Foto: Jos\u00e9 Manuel Campos El Granada CF consigui\u00f3 remontar el 2-0 que Chupete hab\u00eda colocado en el marcador&hellip;\n","protected":false},"author":2,"featured_media":99279,"comment_status":"","ping_status":"","sticky":false,"template":"","format":"standard","meta":{"footnotes":""},"categories":[268],"tags":[168,25,24,280,2313,282,18015,35335,1963,35336,281,23,167,6959],"class_list":{"0":"post-99278","1":"post","2":"type-post","3":"status-publish","4":"format-standard","5":"has-post-thumbnail","7":"category-futbol","8":"tag-deportes","9":"tag-es","10":"tag-espana","11":"tag-football","12":"tag-fuera-de-juego","13":"tag-futbol","14":"tag-granada-cf","15":"tag-lax-franco","16":"tag-malaga-cf","17":"tag-polemica-arbitral","18":"tag-soccer","19":"tag-spain","20":"tag-sports","21":"tag-var"},"share_on_mastodon":{"url":"","error":""},"_links":{"self":[{"href":"https:\/\/www.europesays.com\/es\/wp-json\/wp\/v2\/posts\/99278","targetHints":{"allow":["GET"]}}],"collection":[{"href":"https:\/\/www.europesays.com\/es\/wp-json\/wp\/v2\/posts"}],"about":[{"href":"https:\/\/www.europesays.com\/es\/wp-json\/wp\/v2\/types\/post"}],"author":[{"embeddable":true,"href":"https:\/\/www.europesays.com\/es\/wp-json\/wp\/v2\/users\/2"}],"replies":[{"embeddable":true,"href":"https:\/\/www.europesays.com\/es\/wp-json\/wp\/v2\/comments?post=99278"}],"version-history":[{"count":0,"href":"https:\/\/www.europesays.com\/es\/wp-json\/wp\/v2\/posts\/99278\/revisions"}],"wp:featuredmedia":[{"embeddable":true,"href":"https:\/\/www.europesays.com\/es\/wp-json\/wp\/v2\/media\/99279"}],"wp:attachment":[{"href":"https:\/\/www.europesays.com\/es\/wp-json\/wp\/v2\/media?parent=99278"}],"wp:term":[{"taxonomy":"category","embeddable":true,"href":"https:\/\/www.europesays.com\/es\/wp-json\/wp\/v2\/categories?post=99278"},{"taxonomy":"post_tag","embeddable":true,"href":"https:\/\/www.europesays.com\/es\/wp-json\/wp\/v2\/tags?post=99278"}],"curies":[{"name":"wp","href":"https:\/\/api.w.org\/{rel}","templated":true}]}}