{"id":99318,"date":"2025-09-07T12:54:07","date_gmt":"2025-09-07T12:54:07","guid":{"rendered":"https:\/\/www.europesays.com\/es\/99318\/"},"modified":"2025-09-07T12:54:07","modified_gmt":"2025-09-07T12:54:07","slug":"una-nina-de-cinco-anos-trepa-una-escultura-de-oro-y-garabatea-sobre-un-cuadro-de-200-000-euros-en-un-museo-italiano","status":"publish","type":"post","link":"https:\/\/www.europesays.com\/es\/99318\/","title":{"rendered":"Una ni\u00f1a de cinco a\u00f1os trepa una escultura de oro y garabatea sobre un cuadro de 200.000 euros en un museo italiano"},"content":{"rendered":"<p>Una travesura infantil ha generado un inesperado revuelo en el mundo del arte. En la <b>Galer\u00eda Orler,<\/b> ubicada en <b>Jesolo (Italia),<\/b> una ni\u00f1a de cinco a\u00f1os provoc\u00f3 da\u00f1os significativos en dos piezas expuestas: una escultura de oro de <b>Carlo Pecorelli <\/b>y un lienzo valorado en 200.000 euros del artista <b>Enrico Castellani.<\/b><\/p>\n<p>Seg\u00fan fuentes period\u00edsticas, la menor se encontraba moment\u00e1neamente sin supervisi\u00f3n cuando escal\u00f3 una escultura dorada en forma de ara\u00f1a y posteriormente realiz\u00f3 garabatos sobre el lienzo, utilizando materiales disponibles en la sala. La intervenci\u00f3n del personal de seguridad fue inmediata, pero no logr\u00f3 evitar el deterioro de las obras.<\/p>\n<p>La escultura da\u00f1ada, elaborada en oro de 24 quilates, requerir\u00e1 una restauraci\u00f3n especializada que incluye soldadura y reposici\u00f3n del recubrimiento original. Pecorelli expres\u00f3 su preocupaci\u00f3n por la falta de medidas preventivas en espacios expositivos, subrayando la necesidad de proteger obras de alto valor sin limitar el acceso p\u00fablico.<\/p>\n<p>La direcci\u00f3n de la galer\u00eda ha confirmado que se lleg\u00f3 a un acuerdo con la familia de la menor, y que el seguro de la exposici\u00f3n cubrir\u00e1 los costes de reparaci\u00f3n. Mientras tanto, <b>se colocar\u00e1 una obra similar en el lugar afectado.<\/b><\/p>\n<p>Pecorelli, adem\u00e1s, destac\u00f3 el valor simb\u00f3lico de su obra, describiendo la ara\u00f1a como un s\u00edmbolo de generaci\u00f3n y vida, lo que a\u00f1ade una dimensi\u00f3n emocional al proceso de restauraci\u00f3n.<\/p>\n","protected":false},"excerpt":{"rendered":"Una travesura infantil ha generado un inesperado revuelo en el mundo del arte. En la Galer\u00eda Orler, ubicada&hellip;\n","protected":false},"author":2,"featured_media":99319,"comment_status":"","ping_status":"","sticky":false,"template":"","format":"standard","meta":{"footnotes":""},"categories":[173],"tags":[229,233,231,230,232,234,146,147,25,24,23],"class_list":{"0":"post-99318","1":"post","2":"type-post","3":"status-publish","4":"format-standard","5":"has-post-thumbnail","7":"category-arte-y-diseno","8":"tag-arte","9":"tag-arte-y-diseno","10":"tag-arts","11":"tag-arts-and-design","12":"tag-design","13":"tag-diseno","14":"tag-entertainment","15":"tag-entretenimiento","16":"tag-es","17":"tag-espana","18":"tag-spain"},"share_on_mastodon":{"url":"","error":""},"_links":{"self":[{"href":"https:\/\/www.europesays.com\/es\/wp-json\/wp\/v2\/posts\/99318","targetHints":{"allow":["GET"]}}],"collection":[{"href":"https:\/\/www.europesays.com\/es\/wp-json\/wp\/v2\/posts"}],"about":[{"href":"https:\/\/www.europesays.com\/es\/wp-json\/wp\/v2\/types\/post"}],"author":[{"embeddable":true,"href":"https:\/\/www.europesays.com\/es\/wp-json\/wp\/v2\/users\/2"}],"replies":[{"embeddable":true,"href":"https:\/\/www.europesays.com\/es\/wp-json\/wp\/v2\/comments?post=99318"}],"version-history":[{"count":0,"href":"https:\/\/www.europesays.com\/es\/wp-json\/wp\/v2\/posts\/99318\/revisions"}],"wp:featuredmedia":[{"embeddable":true,"href":"https:\/\/www.europesays.com\/es\/wp-json\/wp\/v2\/media\/99319"}],"wp:attachment":[{"href":"https:\/\/www.europesays.com\/es\/wp-json\/wp\/v2\/media?parent=99318"}],"wp:term":[{"taxonomy":"category","embeddable":true,"href":"https:\/\/www.europesays.com\/es\/wp-json\/wp\/v2\/categories?post=99318"},{"taxonomy":"post_tag","embeddable":true,"href":"https:\/\/www.europesays.com\/es\/wp-json\/wp\/v2\/tags?post=99318"}],"curies":[{"name":"wp","href":"https:\/\/api.w.org\/{rel}","templated":true}]}}