{"id":99324,"date":"2025-09-07T12:57:05","date_gmt":"2025-09-07T12:57:05","guid":{"rendered":"https:\/\/www.europesays.com\/es\/99324\/"},"modified":"2025-09-07T12:57:05","modified_gmt":"2025-09-07T12:57:05","slug":"sabrina-carpenter-explica-por-que-fueron-necesarios-cinco-hombres-para-hacer-la-foto-de-la-portada-de-mans-best-friend","status":"publish","type":"post","link":"https:\/\/www.europesays.com\/es\/99324\/","title":{"rendered":"Sabrina Carpenter explica por qu\u00e9 fueron necesarios cinco hombres para hacer la foto de la portada de &#8216;Man&#8217;s Best Friend&#8217;"},"content":{"rendered":"<p>La pol\u00e9mica se desat\u00f3 al empezar junio. <a title=\"Sabrina Carpenter\" href=\"https:\/\/www.europafm.com\/temas\/sabrina_carpenter-1\" target=\"_blank\" rel=\"nofollow noopener\"><b>Sabrina Carpenter<\/b><\/a> comparti\u00f3 con sus seguidores la portada de <a title=\"Man&#039;s Best Friend\" href=\"https:\/\/www.europafm.com\/noticias\/musica\/sabrina-carpenter-lleva-extremo-erotismo-ironico-mans-best-friend-nuevo-album_2025082968b16787506ef67d06e649ad.html\" target=\"_blank\" rel=\"nofollow noopener\"><b>Man&#8217;s Best Friend<\/b><\/a>, su ya lanzado s\u00e9ptimo \u00e1lbum de estudio, y las cr\u00edticas no tardaron en llegar.<\/p>\n<p>En la imagen, la cantante de 26 a\u00f1os <b>aparece a cuatro patas junto a un hombre que le agarra el pelo<\/b> y al que no se le ve la cara. Los usuarios de redes <b>la juzgaron r\u00e1pidamente por sumisa<\/b> y la realidad es que sus intenciones eran muy distintas.<\/p>\n<p>Tres meses despu\u00e9s de que empezasen las cr\u00edticas, la cantante ha explicado su verdadero objetivo en una entrevista con Zane Lowe. \u00abQuer\u00eda que un hombre jugara con mi pelo y, de hecho,<b> us\u00e9 a cinco hombres diferentes para hacer esta foto<\/b> porque ninguno sab\u00eda hacerlo. <b>Todos me lo jalaban<\/b>\u00ab, ha contado la cantante, que tras la pol\u00e9mica public\u00f3 hasta <a title=\"cinco portadas alternativas\" href=\"https:\/\/www.europafm.com\/noticias\/musica\/todas-portadas-alternativas-mans-best-friend-nuevo-disco-sabrina-carpenter_2025082068a57b3e97dddb0112a36b7e.html\" target=\"_blank\" rel=\"nofollow noopener\">cinco portadas alternativas<\/a>.<\/p>\n<p>\u00abEstaban nerviosos por tener mi pelo en las manos. As\u00ed que el agarre parec\u00eda como si me estuvieran tirando de \u00e9l\u00bb, ha explicado en la entrevista.<\/p>\n<p>El prop\u00f3sito de la foto era otro muy distinto al la interpretaci\u00f3n que hicieron de ella los usuarios de internet. Sabrina Carpenter quer\u00eda una portada atrevida y juguetona. Lo que quer\u00eda era expresar algo como &#8216;<b>Llegu\u00e9 hasta aqu\u00ed por m\u00ed misma, <\/b><b>aqu\u00ed estoy; esta es alguien a quien quiero,<\/b> pero tambi\u00e9n alguien que emocionalmente puede hacer mucho con el coraz\u00f3n y las emociones\u00bb, contin\u00faa en la entrevista ya disponible en los canales del presentador.<\/p>\n<p>Si Sabrina Carpenter y su equipo eligieron esta foto fue porque \u00abera la m\u00e1s especial\u00bb. Ten\u00eda la iluminaci\u00f3n adecuada y<b> la expresi\u00f3n de control en la cara \u00abaunque estuviera a cuatro patas\u00bb&#8230;<\/b><\/p>\n<p>Control es la idea sobre la que se articula la portada, como hab\u00eda contado previamente en <a title=\"CBS Mornings\" href=\"https:\/\/www.youtube.com\/watch?v=XjvZEANe4us\" target=\"_blank\" rel=\"nofollow noopener\">CBS Mornings<\/a>. \u00abEs tener el control: ser consciente de tu falta de control y de cu\u00e1ndo quieres tenerlo. Creo que, como mujer joven, eres tan consciente de cu\u00e1ndo tienes el control como de cu\u00e1ndo no\u00bb, explic\u00f3 la cantante d\u00edas despu\u00e9s de lanzar el disco.<\/p>\n","protected":false},"excerpt":{"rendered":"La pol\u00e9mica se desat\u00f3 al empezar junio. Sabrina Carpenter comparti\u00f3 con sus seguidores la portada de Man&#8217;s Best&hellip;\n","protected":false},"author":2,"featured_media":99325,"comment_status":"","ping_status":"","sticky":false,"template":"","format":"standard","meta":{"footnotes":""},"categories":[170],"tags":[146,147,25,24,184,185,23],"class_list":{"0":"post-99324","1":"post","2":"type-post","3":"status-publish","4":"format-standard","5":"has-post-thumbnail","7":"category-musica","8":"tag-entertainment","9":"tag-entretenimiento","10":"tag-es","11":"tag-espana","12":"tag-music","13":"tag-musica","14":"tag-spain"},"share_on_mastodon":{"url":"","error":""},"_links":{"self":[{"href":"https:\/\/www.europesays.com\/es\/wp-json\/wp\/v2\/posts\/99324","targetHints":{"allow":["GET"]}}],"collection":[{"href":"https:\/\/www.europesays.com\/es\/wp-json\/wp\/v2\/posts"}],"about":[{"href":"https:\/\/www.europesays.com\/es\/wp-json\/wp\/v2\/types\/post"}],"author":[{"embeddable":true,"href":"https:\/\/www.europesays.com\/es\/wp-json\/wp\/v2\/users\/2"}],"replies":[{"embeddable":true,"href":"https:\/\/www.europesays.com\/es\/wp-json\/wp\/v2\/comments?post=99324"}],"version-history":[{"count":0,"href":"https:\/\/www.europesays.com\/es\/wp-json\/wp\/v2\/posts\/99324\/revisions"}],"wp:featuredmedia":[{"embeddable":true,"href":"https:\/\/www.europesays.com\/es\/wp-json\/wp\/v2\/media\/99325"}],"wp:attachment":[{"href":"https:\/\/www.europesays.com\/es\/wp-json\/wp\/v2\/media?parent=99324"}],"wp:term":[{"taxonomy":"category","embeddable":true,"href":"https:\/\/www.europesays.com\/es\/wp-json\/wp\/v2\/categories?post=99324"},{"taxonomy":"post_tag","embeddable":true,"href":"https:\/\/www.europesays.com\/es\/wp-json\/wp\/v2\/tags?post=99324"}],"curies":[{"name":"wp","href":"https:\/\/api.w.org\/{rel}","templated":true}]}}