{"id":99340,"date":"2025-09-07T13:06:12","date_gmt":"2025-09-07T13:06:12","guid":{"rendered":"https:\/\/www.europesays.com\/es\/99340\/"},"modified":"2025-09-07T13:06:12","modified_gmt":"2025-09-07T13:06:12","slug":"el-papa-en-el-angelus-dios-no-quiere-la-guerra-dios-quiere-la-paz","status":"publish","type":"post","link":"https:\/\/www.europesays.com\/es\/99340\/","title":{"rendered":"El Papa en el \u00c1ngelus: Dios no quiere la guerra. \u00a1Dios quiere la paz!"},"content":{"rendered":"<p>Angelus<\/p>\n<p>Angelus D\u00f3mini nunti\u00e1vit Mari\u00e6.<br \/>&#13;<br \/>\n&#13;<br \/>\nEt conc\u00e9pit de Sp\u00edritu Sancto.<br \/>&#13;<br \/>\n&#13;<br \/>\nAve Maria&#8230;<\/p>\n<p>Ecce anc\u00edlla D\u00f3mini.<br \/>&#13;<br \/>\n&#13;<br \/>\nFiat mihi sec\u00fandum verbum tuum.<br \/>&#13;<br \/>\n&#13;<br \/>\nAve Maria&#8230;<\/p>\n<p>Et Verbum caro factum est.<br \/>&#13;<br \/>\n&#13;<br \/>\nEt habit\u00e1vit in nobis.<br \/>&#13;<br \/>\n&#13;<br \/>\nAve Maria&#8230;<\/p>\n<p>Ora pro nobis, sancta Dei g\u00e9netrix.<br \/>&#13;<br \/>\n&#13;<br \/>\nUt digni effici\u00e1mur promissi\u00f3nibus Christi.<\/p>\n<p>Or\u00e9mus.<br \/>&#13;<br \/>\n&#13;<br \/>\nGr\u00e1tiam tuam, qu\u01fdsumus, D\u00f3mine,<br \/>&#13;<br \/>\n&#13;<br \/>\nm\u00e9ntibus nostris infunde;<br \/>&#13;<br \/>\n&#13;<br \/>\nut qui, \u00c1ngelo nunti\u00e1nte, Christi F\u00edlii tui incarnati\u00f3nem cogn\u00f3vimus, per passi\u00f3nem eius et crucem, ad resurrecti\u00f3nis gl\u00f3riam perduc\u00e1mur. Per e\u00fandem Christum D\u00f3minum nostrum.<\/p>\n<p>Amen.<\/p>\n<p>Gloria Patri&#8230; (ter)<br \/>&#13;<br \/>\n&#13;<br \/>\nRequiem aeternam&#8230;<\/p>\n<p>Benedictio Apostolica seu Papalis<\/p>\n<p>Dominus vobiscum.Et cum spiritu tuo.<br \/>&#13;<br \/>\n&#13;<br \/>\nSit nomen Benedicat vos omnipotens Deus,<br \/>&#13;<br \/>\n&#13;<br \/>\nPa ter, et Fi lius, et Spiritus Sanctus.<\/p>\n<p>Amen.<\/p>\n<p>\u00c1ngelus<\/p>\n<p>V\/. El \u00e1ngel del Se\u00f1or anunci\u00f3 a Mar\u00eda,<\/p>\n<p>R\/. y concibi\u00f3 por obra y gracia del Esp\u00edritu Santo<\/p>\n<p>Dios te salve, Mar\u00eda, llena eres de gracia, el Se\u00f1or es contigo, bendita t\u00fa eres entre todas las mujeres y bendito es el fruto de tu vientre, Jes\u00fas. Santa Mar\u00eda, Madre de Dios, ruega por nosotros pecadores, ahora y en la hora de nuestra muerte. Am\u00e9n.<\/p>\n<p>V\/. He aqu\u00ed la esclava del Se\u00f1or.<\/p>\n<p>R\/ H\u00e1gase en m\u00ed seg\u00fan tu palabra<\/p>\n<p>Dios te salve, Mar\u00eda&#8230;<\/p>\n<p>V\/. Y el Verbo de Dios se hizo carne.<\/p>\n<p>R\/Y habit\u00f3 entre nosotros<\/p>\n<p>Dios te salve, Mar\u00eda&#8230;<\/p>\n<p>V\/. Ruega por nosotros, santa Madre de Dios.<\/p>\n<p>R\/.Para que seamos dignos de alcanzar las promesas y gracias de Nuestro Se\u00f1or Jesucristo.<\/p>\n<p>Oremos: Te suplicamos, Se\u00f1or, que derrames tu gracia en nuestras almas, para que los que hemos conocido, por el anuncio del \u00e1ngel, la Encarnaci\u00f3n de tu Hijo Jesucristo, Nuestro Se\u00f1or, seamos llevados por los m\u00e9ritos de su Pasi\u00f3n y Cruz a la Gloria de su Resurrecci\u00f3n. Por Jesucristo Nuestro Se\u00f1or. Am\u00e9n.<\/p>\n<p>V\/. Gloria al Padre y al Hijo y al Esp\u00edritu Santo.<\/p>\n<p>R\/. Como era en el principio, ahora y siempre, por los siglos de los siglos. Am\u00e9n (tres veces).<\/p>\n<p>\u00a0<\/p>\n<p>V\/. Conc\u00e9deles, Se\u00f1or, el descanso eterno.<\/p>\n<p>R\/. Y brille para ellos la luz eterna.<\/p>\n<p>Descansen en paz.\u00a0Am\u00e9n.<\/p>\n<p>\u00a0<\/p>\n<p>Bendici\u00f3n apost\u00f3lica o papal<\/p>\n<p>V\/. El Se\u00f1or est\u00e9 con vosotros.<br \/>R\/. Y con tu esp\u00edritu.<\/p>\n<p>V\/.\u00a1Bendito sea el Nombre del Se\u00f1or!<br \/>R\/. Ahora y por siempre.<\/p>\n<p>V\/. Nuestro auxilio es el Nombre del Se\u00f1or.<br \/>R\/. Que hizo el cielo y la tierra.<\/p>\n<p>V\/. La bendici\u00f3n de Dios todopoderoso, Padre, Hijo, y Esp\u00edritu Santo descienda sobre vosotros.<br \/>R\/. Am\u00e9n.<\/p>\n","protected":false},"excerpt":{"rendered":"Angelus Angelus D\u00f3mini nunti\u00e1vit Mari\u00e6.&#13; &#13; Et conc\u00e9pit de Sp\u00edritu Sancto.&#13; &#13; Ave Maria&#8230; Ecce anc\u00edlla D\u00f3mini.&#13; &#13;&hellip;\n","protected":false},"author":2,"featured_media":99341,"comment_status":"","ping_status":"","sticky":false,"template":"","format":"standard","meta":{"footnotes":""},"categories":[5],"tags":[35347,17,18,27015,25,24,13,14,69,11,19,20,22260,9,10,15,16,400,11506,34434,10777,23,12914,12,7081,21,22],"class_list":{"0":"post-99340","1":"post","2":"type-post","3":"status-publish","4":"format-standard","5":"has-post-thumbnail","7":"category-titulares","8":"tag-angelus","9":"tag-breaking-news","10":"tag-breakingnews","11":"tag-carlo-acutis","12":"tag-es","13":"tag-espana","14":"tag-featured-news","15":"tag-featurednews","16":"tag-guerra","17":"tag-headlines","18":"tag-latest-news","19":"tag-latestnews","20":"tag-llamamiento","21":"tag-news","22":"tag-noticias","23":"tag-noticias-destacadas","24":"tag-noticiasdestacadas","25":"tag-papa-leon-xiv","26":"tag-paz","27":"tag-pier-giorgio-frassati","28":"tag-santos-y-beatos","29":"tag-spain","30":"tag-tierra-santa","31":"tag-titulares","32":"tag-ucrania","33":"tag-ultimas-noticias","34":"tag-ultimasnoticias"},"share_on_mastodon":{"url":"","error":""},"_links":{"self":[{"href":"https:\/\/www.europesays.com\/es\/wp-json\/wp\/v2\/posts\/99340","targetHints":{"allow":["GET"]}}],"collection":[{"href":"https:\/\/www.europesays.com\/es\/wp-json\/wp\/v2\/posts"}],"about":[{"href":"https:\/\/www.europesays.com\/es\/wp-json\/wp\/v2\/types\/post"}],"author":[{"embeddable":true,"href":"https:\/\/www.europesays.com\/es\/wp-json\/wp\/v2\/users\/2"}],"replies":[{"embeddable":true,"href":"https:\/\/www.europesays.com\/es\/wp-json\/wp\/v2\/comments?post=99340"}],"version-history":[{"count":0,"href":"https:\/\/www.europesays.com\/es\/wp-json\/wp\/v2\/posts\/99340\/revisions"}],"wp:featuredmedia":[{"embeddable":true,"href":"https:\/\/www.europesays.com\/es\/wp-json\/wp\/v2\/media\/99341"}],"wp:attachment":[{"href":"https:\/\/www.europesays.com\/es\/wp-json\/wp\/v2\/media?parent=99340"}],"wp:term":[{"taxonomy":"category","embeddable":true,"href":"https:\/\/www.europesays.com\/es\/wp-json\/wp\/v2\/categories?post=99340"},{"taxonomy":"post_tag","embeddable":true,"href":"https:\/\/www.europesays.com\/es\/wp-json\/wp\/v2\/tags?post=99340"}],"curies":[{"name":"wp","href":"https:\/\/api.w.org\/{rel}","templated":true}]}}