{"id":99344,"date":"2025-09-07T13:09:13","date_gmt":"2025-09-07T13:09:13","guid":{"rendered":"https:\/\/www.europesays.com\/es\/99344\/"},"modified":"2025-09-07T13:09:13","modified_gmt":"2025-09-07T13:09:13","slug":"el-legendario-escocia-paul-craig-se-retiro-despues-de-ser-eliminado-por-modestas-buuankas-mas-cipolletti","status":"publish","type":"post","link":"https:\/\/www.europesays.com\/es\/99344\/","title":{"rendered":"El legendario Escocia Paul Craig se retir\u00f3 despu\u00e9s de ser eliminado por Modestas Buuankas \u2013 M\u00e1s Cipolletti"},"content":{"rendered":"<p class=\"ssrcss-1q0x1qg-Paragraph e1jhz7w10\"><b class=\"ssrcss-1xjjfut-BoldText e5tfeyi3\">Su brit\u00e1nico Paul Craig trajo su carrera destacada de 29 a\u00f1os cuando anunci\u00f3 su retiro despu\u00e9s de la derrota de los Modestas Bukauskas en UFC Par\u00eds.<\/b><\/p>\n<p class=\"ssrcss-1q0x1qg-Paragraph e1jhz7w10\">Craig, el guerrero escoc\u00e9s m\u00e1s exitoso en la historia de UFC, fue derrotado por un codo brutal en el suelo al final de la primera ronda en Accor Arena.<\/p>\n<p class=\"ssrcss-1q0x1qg-Paragraph e1jhz7w10\">El hombre de 37 a\u00f1os, que abandona este deporte, ha ganado nueve de sus 21 batallas en UFC con victorias contra el actual campe\u00f3n pesado Magomed Ankalaev y el ex campe\u00f3n Jamahal Hill.<\/p>\n<p class=\"ssrcss-1q0x1qg-Paragraph e1jhz7w10\">\u201cEste deporte, los j\u00f3venes comen viejos y soy viejo. Gracias por los recuerdos\u201d, dijo Craig.<\/p>\n<p class=\"ssrcss-1q0x1qg-Paragraph e1jhz7w10\">Ya sea que Craig ganara o perdiera, solo sus dos decisiones en 29 batallas fueron evidencia de su capacidad para entretener, y la mayor\u00eda de ellas termin\u00f3 en una parada.<\/p>\n<p class=\"ssrcss-1q0x1qg-Paragraph e1jhz7w10\">Se llam\u00f3 a s\u00ed mismo el experto que luchaba en UFC, con sus seis victorias al obedecer a la segunda persona en la gran historia despu\u00e9s de los siete de Glover Teixeira.<\/p>\n<p class=\"ssrcss-1q0x1qg-Paragraph e1jhz7w10\">Despu\u00e9s de una serie de cinco victorias de 2019 a 2022, la forma de Craig disminuy\u00f3 y particip\u00f3 en la competencia con el Lithta-Briton Buugukus con solo una victoria en ocho partidos.<\/p>\n<p class=\"ssrcss-1q0x1qg-Paragraph e1jhz7w10\">Despu\u00e9s de sobrevivir hasta los \u00faltimos 10 segundos de la primera ronda, Craig tir\u00f3 del guardia y cay\u00f3 al suelo, un movimiento que demuestra su colapso.<\/p>\n<p><a href=\"https:\/\/www.bbc.com\/sport\/mixed-martial-arts\/articles\/c4gq29d29gro?at_medium=RSS&amp;at_campaign=rss\" rel=\"nofollow noopener\" target=\"_blank\">Fuente<\/a><\/p>\n","protected":false},"excerpt":{"rendered":"Su brit\u00e1nico Paul Craig trajo su carrera destacada de 29 a\u00f1os cuando anunci\u00f3 su retiro despu\u00e9s de la&hellip;\n","protected":false},"author":2,"featured_media":99345,"comment_status":"","ping_status":"","sticky":false,"template":"","format":"standard","meta":{"footnotes":""},"categories":[276],"tags":[168,25,24,23,167,343],"class_list":{"0":"post-99344","1":"post","2":"type-post","3":"status-publish","4":"format-standard","5":"has-post-thumbnail","7":"category-ufc","8":"tag-deportes","9":"tag-es","10":"tag-espana","11":"tag-spain","12":"tag-sports","13":"tag-ufc"},"share_on_mastodon":{"url":"","error":""},"_links":{"self":[{"href":"https:\/\/www.europesays.com\/es\/wp-json\/wp\/v2\/posts\/99344","targetHints":{"allow":["GET"]}}],"collection":[{"href":"https:\/\/www.europesays.com\/es\/wp-json\/wp\/v2\/posts"}],"about":[{"href":"https:\/\/www.europesays.com\/es\/wp-json\/wp\/v2\/types\/post"}],"author":[{"embeddable":true,"href":"https:\/\/www.europesays.com\/es\/wp-json\/wp\/v2\/users\/2"}],"replies":[{"embeddable":true,"href":"https:\/\/www.europesays.com\/es\/wp-json\/wp\/v2\/comments?post=99344"}],"version-history":[{"count":0,"href":"https:\/\/www.europesays.com\/es\/wp-json\/wp\/v2\/posts\/99344\/revisions"}],"wp:featuredmedia":[{"embeddable":true,"href":"https:\/\/www.europesays.com\/es\/wp-json\/wp\/v2\/media\/99345"}],"wp:attachment":[{"href":"https:\/\/www.europesays.com\/es\/wp-json\/wp\/v2\/media?parent=99344"}],"wp:term":[{"taxonomy":"category","embeddable":true,"href":"https:\/\/www.europesays.com\/es\/wp-json\/wp\/v2\/categories?post=99344"},{"taxonomy":"post_tag","embeddable":true,"href":"https:\/\/www.europesays.com\/es\/wp-json\/wp\/v2\/tags?post=99344"}],"curies":[{"name":"wp","href":"https:\/\/api.w.org\/{rel}","templated":true}]}}