{"id":99346,"date":"2025-09-07T13:11:09","date_gmt":"2025-09-07T13:11:09","guid":{"rendered":"https:\/\/www.europesays.com\/es\/99346\/"},"modified":"2025-09-07T13:11:09","modified_gmt":"2025-09-07T13:11:09","slug":"el-consejo-de-roger-federer-que-carlos-alcaraz-no-olvida-en-el-us-open-intentare-seguir-sus-palabras","status":"publish","type":"post","link":"https:\/\/www.europesays.com\/es\/99346\/","title":{"rendered":"El consejo de Roger Federer que Carlos Alcaraz no olvida en el US Open: \u00abIntentar\u00e9 seguir sus palabras\u00bb"},"content":{"rendered":"<p class=\"c-paragraph\">Carlos Alcaraz se impuso a Novak Djokovic\u00a0por\u00a06-4, 7-6(4) y 6-2 para meterse en la final del <b>US Open donde se medir\u00e1 con el n\u00famero uno del mundo, Jannik Sinner. <\/b>Tras el encuentro, el tenista murciano tuvo unas palabras para Nole y tambi\u00e9n se acord\u00f3 de un consejo que el propio Roger Federer le dio en una ocasi\u00f3n.\u00a0<\/p>\n<p class=\"c-paragraph\">\u00abJugar contra Djokovic es complicado. Pero no por el juego, que todos sabemos que el gran juego que tiene ya de por s\u00ed es complicado;\u00a0<b><b>sino el hecho de tenerlo enfrente, esa aura que \u00e9l tiene, ese nombre, esa historia, esa leyenda&#8230;<\/b><\/b>\u00a0Influye, no te voy a decir que no, influye. Es complicado mantener todo eso al margen y concentrarse en uno mismo\u00bb, afirm\u00f3 el espa\u00f1ol en rueda de prensa.\u00a0<\/p>\n<p class=\"c-paragraph\">El pupilo de Juan Carlos Ferrero, desvel\u00f3 unas palabras que Federer le dijo, el cual se retir\u00f3 con 41 a\u00f1os: \u00abUna persona me dijo una vez que no hay que pensar en jugar a los 35 o 38 a\u00f1os. <b>Me dijo que hay que centrarse en los pr\u00f3ximos cinco a\u00f1os, desde aqu\u00ed hasta los 27<\/b>. Y luego, cuando cumpla 27, pensar en cinco a\u00f1os m\u00e1s. As\u00ed que no se trata de pensar en 15 o 20 a\u00f1os\u00bb.<\/p>\n<p class=\"c-paragraph\">\u00abQuien me lo dijo fue\u00a0Roger (Federer). Creo que es la mejor persona posible para ello, para dec\u00edrmelo.<b> Y tratar\u00e9 de seguir sus palabras\u00bb,<\/b> continu\u00f3 explicando el de El Palmar.\u00a0<\/p>\n<p class=\"c-paragraph\">Alcaraz disputar\u00e1 una nueva final contra Sinner en la que luchar\u00e1 por conquistar su segundo t\u00edtulo del Grand Slam estadounidense <b>y, con ello, arrebatarle el n\u00famero uno al italiano.\u00a0<\/b><\/p>\n","protected":false},"excerpt":{"rendered":"Carlos Alcaraz se impuso a Novak Djokovic\u00a0por\u00a06-4, 7-6(4) y 6-2 para meterse en la final del US Open&hellip;\n","protected":false},"author":2,"featured_media":99347,"comment_status":"","ping_status":"","sticky":false,"template":"","format":"standard","meta":{"footnotes":""},"categories":[274],"tags":[4736,415,1576,168,25,24,14787,11368,23,167,327,326],"class_list":{"0":"post-99346","1":"post","2":"type-post","3":"status-publish","4":"format-standard","5":"has-post-thumbnail","7":"category-tenis","8":"tag-alcaraz","9":"tag-carlos","10":"tag-consejo","11":"tag-deportes","12":"tag-es","13":"tag-espana","14":"tag-federer","15":"tag-roger","16":"tag-spain","17":"tag-sports","18":"tag-tenis","19":"tag-tennis"},"share_on_mastodon":{"url":"","error":""},"_links":{"self":[{"href":"https:\/\/www.europesays.com\/es\/wp-json\/wp\/v2\/posts\/99346","targetHints":{"allow":["GET"]}}],"collection":[{"href":"https:\/\/www.europesays.com\/es\/wp-json\/wp\/v2\/posts"}],"about":[{"href":"https:\/\/www.europesays.com\/es\/wp-json\/wp\/v2\/types\/post"}],"author":[{"embeddable":true,"href":"https:\/\/www.europesays.com\/es\/wp-json\/wp\/v2\/users\/2"}],"replies":[{"embeddable":true,"href":"https:\/\/www.europesays.com\/es\/wp-json\/wp\/v2\/comments?post=99346"}],"version-history":[{"count":0,"href":"https:\/\/www.europesays.com\/es\/wp-json\/wp\/v2\/posts\/99346\/revisions"}],"wp:featuredmedia":[{"embeddable":true,"href":"https:\/\/www.europesays.com\/es\/wp-json\/wp\/v2\/media\/99347"}],"wp:attachment":[{"href":"https:\/\/www.europesays.com\/es\/wp-json\/wp\/v2\/media?parent=99346"}],"wp:term":[{"taxonomy":"category","embeddable":true,"href":"https:\/\/www.europesays.com\/es\/wp-json\/wp\/v2\/categories?post=99346"},{"taxonomy":"post_tag","embeddable":true,"href":"https:\/\/www.europesays.com\/es\/wp-json\/wp\/v2\/tags?post=99346"}],"curies":[{"name":"wp","href":"https:\/\/api.w.org\/{rel}","templated":true}]}}