{"id":99350,"date":"2025-09-07T13:13:12","date_gmt":"2025-09-07T13:13:12","guid":{"rendered":"https:\/\/www.europesays.com\/es\/99350\/"},"modified":"2025-09-07T13:13:12","modified_gmt":"2025-09-07T13:13:12","slug":"asi-convencio-el-mexicano-a-cadillac-para-su-contratacion","status":"publish","type":"post","link":"https:\/\/www.europesays.com\/es\/99350\/","title":{"rendered":"As\u00ed convenci\u00f3 el mexicano a Cadillac para su contrataci\u00f3n"},"content":{"rendered":"\n<p><b><a href=\"https:\/\/www.mediotiempo.com\/automovilismo\/f1\/emocionante-reaccion-cadillac-fichajes-checo-perez-valtteri-bottas\" title=\"As\u00ed fue la emocionante reacci\u00f3n en Cadillac a los fichajes de Checo P\u00e9rez y Valtteri Bottas\" target=\"_blank\" rel=\"nofollow noopener\">Sergio &#8216;Checo&#8217; P\u00e9rez<\/a><\/b> ya tiene su asiento asegurado en <b>Cadillac<\/b> para la pr\u00f3xima temporada de la <b>F\u00f3rmula 1<\/b>, pero antes del anuncio oficial de hace unos d\u00edas, se llev\u00f3 a cabo un largo proceso de contrataci\u00f3n donde el mexicano tuvo que lidiar con una serie de <b>entrevistas<\/b> con los ejecutivos de la escuder\u00eda estadounidense.<\/p>\n<p>Y al parecer esta parte fue de una importancia clave para que se cerrara el v\u00ednculo entre <b>Checo P\u00e9rez<\/b> y <b><a href=\"https:\/\/www.mediotiempo.com\/automovilismo\/f1\/experto-f1-checo-perez-llegada-cadillac-incomodo-red-bull\" title=\"Experto de F1 arremete contra Checo P\u00e9rez tras llegada a Cadillac: &#039;Fue inc\u00f3modo de ver en Red Bull&#039;\" target=\"_blank\" rel=\"nofollow noopener\">Cadillac<\/a><\/b>, pues fue uno de los aspectos donde m\u00e1s sobresali\u00f3 antes de que el <b>fichaje<\/b> se hiciera una realidad.<\/p>\n<p>\u00bfC\u00f3mo fueron las entrevistas de Checo P\u00e9rez y Cadillac?<\/p>\n<p>En entrevista con Sky Sports,\u00a0<b>Dan Towriss<\/b>, director ejecutivo de <b>Cadillac<\/b>, revel\u00f3 la grata impresi\u00f3n que les dej\u00f3 el piloto tapat\u00edo despu\u00e9s de conversar con \u00e9l, al grado de que los hizo replantearse el hecho de ir por un piloto joven.<\/p>\n<p>  <img decoding=\"async\" src=\"https:\/\/www.europesays.com\/es\/wp-content\/uploads\/2025\/09\/sergio-checo-perez-correra-cadillac_thumb_613_345.jpg\" alt=\"Sergio &quot;Checo&quot; P\u00e9rez correr\u00e1 para Cadillac (X: @SChecoPerez)\" class=\"thumbnail-image h-auto w-full\" loading=\"lazy\" width=\"613\" height=\"345\" data-astro-cid-76gfcyhr=\"\"\/>  Sergio \u00abCheco\u00bb P\u00e9rez correr\u00e1 para Cadillac (X: @SChecoPerez)          <\/p>\n<blockquote><p>\u00ab(<b>Checo P\u00e9rez<\/b>) arras\u00f3 en la reuni\u00f3n. Nos fuimos muy entusiasmados con su candidatura. Creo que probablemente antes de eso, quiz\u00e1s est\u00e1bamos considerando a un <b>piloto<\/b> m\u00e1s joven. Pero estuvo fant\u00e1stico. Y la experiencia realmente empieza a diferenciarse de quienes a\u00fan no han estado en el asiento\u00bb.<\/p><\/blockquote>\n<p>Towriss confes\u00f3 que en las pl\u00e1ticas con <b>Checo P\u00e9rez<\/b> se le cuestionaron aspectos como su motivaci\u00f3n para seguir en la competencia, c\u00f3mo se encontraba tras su salida de <b><a href=\"https:\/\/www.mediotiempo.com\/automovilismo\/f1\/se-armo-padre-de-max-verstappen-insulta-al-de-checo-perez-lo-llama-cobarde\" title=\"\u00a1Se arm\u00f3! Padre de Max Verstappen &#039;insulta&#039; al de Checo P\u00e9rez; lo llama &#039;cobarde&#039;\" target=\"_blank\" rel=\"nofollow noopener\">Red Bull<\/a><\/b>, su ilusi\u00f3n con el nuevo proyecto y qu\u00e9 le faltaba por lograr en la <b>F1<\/b>.<\/p>\n<p>  <img decoding=\"async\" src=\"https:\/\/www.europesays.com\/es\/wp-content\/uploads\/2025\/09\/checo-perez-celebra-triunfo-formula_thumb_613_345.jpg\" alt=\"Checo P\u00e9rez celebra un triunfo en la F\u00f3rmula 1 (Reuters)\" class=\"thumbnail-image h-auto w-full\" loading=\"lazy\" width=\"613\" height=\"345\" data-astro-cid-76gfcyhr=\"\"\/>  Checo P\u00e9rez celebra un triunfo en la F\u00f3rmula 1 (Reuters)          <\/p>\n<p>Cadillac apost\u00f3 por experiencia con sus pilotos<\/p>\n<p>Finalmente, el directivo de Cadillac se\u00f1al\u00f3 que apostaron por <b><a href=\"https:\/\/www.mediotiempo.com\/automovilismo\/f1\/checo-perez-podria-conducir-ferrari-pruebas-cadillac-gp-italia-2025\" title=\"Checo P\u00e9rez podr\u00eda conducir un Ferrari en las pruebas que prepara Cadillac para GP de Italia 2025\" target=\"_blank\" rel=\"nofollow noopener\">Checo<\/a><\/b>\u00a0y su nuevo compa\u00f1ero finland\u00e9s\u00a0<b>Valtteri Bottas <\/b>debido al momento del equipo, que apenas inicia su camino en la <b>F\u00f3rmula 1<\/b> y necesitar\u00e1 gente con experiencia en el serial.<\/p>\n<blockquote class=\"twitter-tweet\">\n<p lang=\"es\" dir=\"ltr\">\u26a0\ufe0f DAN TOWRISS, CEO DE CADILLAC F1, QUED\u00d3 IMPRESIONADO DE SU ENTREVISTA CON \u2018CHECO\u2019.<\/p>\n<p>\u201cLe preguntamos: \u00bfQuieres volver a correr? Quer\u00edamos saber en qu\u00e9 punto estaba en su carrera, cu\u00e1les eran sus aspiraciones, si estaba entusiasmado con el proyecto, qu\u00e9 buscaba lograr y qu\u00e9 le\u2026 <a href=\"https:\/\/t.co\/cZSLT5O7jb\" rel=\"nofollow\">pic.twitter.com\/cZSLT5O7jb<\/a><\/p>\n<p>\u2014 PrimeF1 (@PrimeF1__) <a href=\"https:\/\/twitter.com\/PrimeF1__\/status\/1964363700090851580?ref_src=twsrc%5Etfw\" rel=\"nofollow noopener\" target=\"_blank\">September 6, 2025<\/a><\/p><\/blockquote>\n<p>\u00abFichar a dos pilotos tan experimentados como Bottas y Checo es una clara se\u00f1al de intenciones. Lo han visto todo y saben lo que se necesita para triunfar en la <b style=\"letter-spacing: -0.22px;\">F\u00f3rmula 1<\/b>. Pero lo m\u00e1s importante es que entienden lo que significa ayudar a construir un <b style=\"letter-spacing: -0.22px;\">equipo<\/b>\u00ab.<\/p>\n<p>\u200b<\/p>\n<p>\u200b<\/p>\n<p>\u200b<\/p>\n<p>\u200b<\/p>\n<p> <script async src=\"https:\/\/platform.twitter.com\/widgets.js\" charset=\"utf-8\"><\/script><\/p>\n","protected":false},"excerpt":{"rendered":"Sergio &#8216;Checo&#8217; P\u00e9rez ya tiene su asiento asegurado en Cadillac para la pr\u00f3xima temporada de la F\u00f3rmula 1,&hellip;\n","protected":false},"author":2,"featured_media":99351,"comment_status":"","ping_status":"","sticky":false,"template":"","format":"standard","meta":{"footnotes":""},"categories":[270],"tags":[1763,5331,5332,35349,168,25,24,306,271,272,23,167,7844],"class_list":{"0":"post-99350","1":"post","2":"type-post","3":"status-publish","4":"format-standard","5":"has-post-thumbnail","7":"category-formula-1","8":"tag-automovilismo","9":"tag-cadillac","10":"tag-checo-perez","11":"tag-dan-towriss","12":"tag-deportes","13":"tag-es","14":"tag-espana","15":"tag-f1","16":"tag-formula-1","17":"tag-formula1","18":"tag-spain","19":"tag-sports","20":"tag-valtteri-bottas"},"share_on_mastodon":{"url":"","error":""},"_links":{"self":[{"href":"https:\/\/www.europesays.com\/es\/wp-json\/wp\/v2\/posts\/99350","targetHints":{"allow":["GET"]}}],"collection":[{"href":"https:\/\/www.europesays.com\/es\/wp-json\/wp\/v2\/posts"}],"about":[{"href":"https:\/\/www.europesays.com\/es\/wp-json\/wp\/v2\/types\/post"}],"author":[{"embeddable":true,"href":"https:\/\/www.europesays.com\/es\/wp-json\/wp\/v2\/users\/2"}],"replies":[{"embeddable":true,"href":"https:\/\/www.europesays.com\/es\/wp-json\/wp\/v2\/comments?post=99350"}],"version-history":[{"count":0,"href":"https:\/\/www.europesays.com\/es\/wp-json\/wp\/v2\/posts\/99350\/revisions"}],"wp:featuredmedia":[{"embeddable":true,"href":"https:\/\/www.europesays.com\/es\/wp-json\/wp\/v2\/media\/99351"}],"wp:attachment":[{"href":"https:\/\/www.europesays.com\/es\/wp-json\/wp\/v2\/media?parent=99350"}],"wp:term":[{"taxonomy":"category","embeddable":true,"href":"https:\/\/www.europesays.com\/es\/wp-json\/wp\/v2\/categories?post=99350"},{"taxonomy":"post_tag","embeddable":true,"href":"https:\/\/www.europesays.com\/es\/wp-json\/wp\/v2\/tags?post=99350"}],"curies":[{"name":"wp","href":"https:\/\/api.w.org\/{rel}","templated":true}]}}