{"id":99364,"date":"2025-09-07T13:20:12","date_gmt":"2025-09-07T13:20:12","guid":{"rendered":"https:\/\/www.europesays.com\/es\/99364\/"},"modified":"2025-09-07T13:20:12","modified_gmt":"2025-09-07T13:20:12","slug":"su-musica-no-es-un-capricho","status":"publish","type":"post","link":"https:\/\/www.europesays.com\/es\/99364\/","title":{"rendered":"su m\u00fasica no es \u00abun capricho\u00bb"},"content":{"rendered":"<p id=\"eTJeirRQFN\" data-wc=\"60\">La vida de un futbolista, como la de cualquier deportista de \u00e9lite, tiene una vida finita. El cuerpo da para lo que da, de ah\u00ed que muchos profesionales necesiten una ruta B cuando cuelgan las botas. <strong>Sergio Ramos no se lo ha pensado dos veces y ha decidido comenzar a sacarle r\u00e9dito a una de sus grandes pasiones, la m\u00fasica<\/strong>.\u00a0<\/p>\n<p> <img src=\"https:\/\/www.europesays.com\/es\/wp-content\/uploads\/2025\/09\/16974d674ccb-dlu544565630.jpg\"   width=\"682\" height=\"1024\" loading=\"lazy\" decoding=\"async\" alt=\"Sergio Ramos en los Latin Grammy 2023 \" fetchpriority=\"auto\" class=\"image ho-image\"\/>\u00a9 GTRESSergio Ramos en los Latin Grammy 2023 <\/p>\n<p id=\"edfa-9Lc7l\" data-wc=\"97\">Esta semana, el jugador de 39 a\u00f1os, que est\u00e1 usando sus \u00faltimos cartuchos balomp\u00e9dicos en M\u00e9xico, lanz\u00f3 <a class=\"hm-link\" href=\"https:\/\/www.hola.com\/actualidad\/20250901853165\/sergio-ramos-cibeles-cancion-real-madrid-mensaje-letra-pilar-rubio\/\" data-mrf-recirculation=\"article-body-link\" rel=\"nofollow noopener\" target=\"_blank\"><strong>Cibeles<\/strong>, <strong>su primera canci\u00f3n en solitario, con sello de Ovy on the Drums<\/strong><\/a>, productor que ha trabajado con Rosal\u00eda, J. Balvin y Karol G, entre muchos otros artistas latinos que han dominado las listas de \u00e9xitos globales en los \u00faltimos a\u00f1os. Adem\u00e1s del m\u00fasico colombiano, su primer acercamiento a la m\u00fasica tambi\u00e9n cuenta con el sello de <strong>Little Spain<\/strong>, la productora detr\u00e1s de documentales como La guitarra flamenca de Yerai Cort\u00e9s, y profundamente asociada a la figura de C. Tangana.<\/p>\n<p> <img src=\"https:\/\/www.europesays.com\/es\/wp-content\/uploads\/2025\/09\/a255080dc0a3-dlu585161003.jpg\"   width=\"1024\" height=\"681\" loading=\"lazy\" decoding=\"async\" alt=\"Media Image\" fetchpriority=\"auto\" class=\"image ho-image\"\/>\u00a9 GTRES<\/p>\n<p id=\"e9FN-lC6Bzu\" data-wc=\"62\">\u00bfQu\u00e9 dice la letra de Cibeles? Como public\u00f3\u00a0\u00a1HOLA! hace unos d\u00edas, los versos que Sergio Ramos ha publicado en su nuevo tema podr\u00edan lanzar un dardo al que fuera su expresidente, <strong>Florentino P\u00e9rez, figura indiscutible del Real Madrid<\/strong>, uno de los clubes m\u00e1s importantes para el futbolista en lo que a su trayectoria profesional se refiere -junto al Sevilla, por supuesto-.\u00a0<\/p>\n<p data-wc=\"74\" id=\"ey1x8JidSH\">\u00abTodo fue como lo so\u00f1\u00e9, hasta que toc\u00f3 despertar. Te puse corona, t\u00fa me pusiste alas. No sab\u00eda que eran solo para que me alejaras. <strong data-gid=\"eQlAUVsTvs\">Te olvidaste de m\u00ed, me dejaste de &#8216;lao&#8217;. Sin poder decidir, eso es lo que m\u00e1s me duele<\/strong>.<strong data-gid=\"eWGYqVXqLp\">\u00a0Yo nunca quise irme, t\u00fa me pediste que vuele.\u00a0<\/strong>Y aunque todo fue as\u00ed, &#8216;volver\u00eda encantao'\u00bb, recita el futbolista sin pelos en la lengua. \u00bfSe la dedica a su antiguo club?\u00a0<\/p>\n<p id=\"eb2obXdN-Z\" data-wc=\"81\">Su mujer, <strong data-gid=\"eGgeiLNV6jy\">Pilar Rubio,\u00a0<\/strong>reaccionaba en las redes sociales como no pod\u00eda ser de otra forma: apoy\u00e1ndole con un <strong data-gid=\"e8q8ytwKeu\">\u00abenhorabuena, cari\u00f1o\u00bb.<\/strong> Y es que, no es la primera vez que Ramos deja entrever su o\u00eddo musical delante de su mujer. Hay que volver al a\u00f1o 2013, y a El Hormiguero, para recordar aquella escena en la que el futbolista aparec\u00eda de repente por el plat\u00f3, guitarra en mano, cant\u00e1ndole a su chica mientras ella respond\u00eda a las preguntas de Pablo Motos.<\/p>\n<p> <img src=\"https:\/\/www.europesays.com\/es\/wp-content\/uploads\/2025\/09\/c3ecf79a3099-dlu544565625.jpg\"   width=\"1024\" height=\"842\" loading=\"lazy\" decoding=\"async\" alt=\"Sergio Ramos y Pilar Rubio\" fetchpriority=\"auto\" class=\"image ho-image\"\/>\u00a9 GTRESSergio Ramos y Pilar Rubio<\/p>\n<p id=\"e7ktwa-ewd\" data-wc=\"74\">Antes de dicha declaraci\u00f3n p\u00fablica, y televisada, de amor, lleg\u00f3 su debut como cantante junto a Canelita: ambos lanzaron <strong>A quien le voy a contar mis penas<\/strong>,\u00a0en 2012. Despu\u00e9s llegar\u00edan <strong>La Roja Baila<\/strong><strong>, el himno oficial que Sergio interpret\u00f3 junto a Ni\u00f1a Pastori<\/strong> para el combinado nacional en la Eurocopa de 2016; Otra estrella en tu coraz\u00f3n, con Demarco Flamenco,\u00a0en 2018; y No me contradigas, con Los Yakis, en diciembre de 2023.<\/p>\n<p id=\"ec_szjqiuEd\" data-wc=\"79\"><strong>\u00bfSe trata de un nuevo acercamiento del futbolista a la m\u00fasica, o del comienzo de una carrera m\u00e1s consolidada para \u00e9l en la industria?<\/strong> Sergio lo tiene claro, no se trata de un \u00abcapricho\u00bb, m\u00e1s bien de una nueva ruta que contempla, y que siempre ha amado, cuando se acerca el ocaso de su carrera futbol\u00edstica. Cibeles\u00a0es, sin duda, una declaraci\u00f3n de intenciones, pues tiene detr\u00e1s a un equipo de lo m\u00e1s serio y consolidado en el gremio.<\/p>\n<p> <img src=\"https:\/\/www.europesays.com\/es\/wp-content\/uploads\/2025\/09\/dc6552f6a182-dlu585259004.jpg\"   width=\"1024\" height=\"690\" loading=\"lazy\" decoding=\"async\" alt=\"Media Image\" fetchpriority=\"auto\" class=\"image ho-image\"\/>\u00a9 GTRES<\/p>\n<p id=\"eBhbOX9JE_\" data-wc=\"83\">No es un caramelo de usar y tirar, pues \u00e9l mismo confes\u00f3 en una entrevista en el espacio de Antena 3 que conduce Pablo Motos que<strong>\u00a0lleva a\u00f1o y medio grabando en secreto<\/strong>. \u201cTodo el a\u00f1o que estuve jugando en Sevilla estuvimos grabando m\u00fasica. <strong>La idea es ir soltando m\u00e1s temas durante este a\u00f1o, colaboraciones incluidas<\/strong>\u201d, adelant\u00f3 entonces, una premisa que parece estar cumpliendo. <strong>\u201cEsto no es un capricho, quiero dedicarme profesionalmente y me veo pudiendo ganar un Grammy en los pr\u00f3ximos a\u00f1os\u201d.<\/strong><\/p>\n<p id=\"eChyN6m8qZQ\" data-wc=\"77\">De momento, Sergio Ramos no optar\u00eda a entrar a ninguna categor\u00eda de los premios que se van a celebrar este a\u00f1o, pues se le ha acabado el plazo para presentar su nuevo trabajo, que no es elegible para esta edici\u00f3n; pero <strong>s\u00ed podr\u00eda probar suerte para los Latin Grammy de 2026<\/strong>, que cuentan con categor\u00edas que pueden premiar su sencillo o su videoclip, en el caso de que no saque ninguna canci\u00f3n m\u00e1s o un EP curado.<\/p>\n<p> <img src=\"https:\/\/www.europesays.com\/es\/wp-content\/uploads\/2025\/09\/e54929369ca1-sergio-ramos-t.jpg\"   width=\"1024\" height=\"612\" loading=\"lazy\" decoding=\"async\" alt=\"sergio ramos \" fetchpriority=\"auto\" class=\"image ho-image\"\/><\/p>\n","protected":false},"excerpt":{"rendered":"La vida de un futbolista, como la de cualquier deportista de \u00e9lite, tiene una vida finita. El cuerpo&hellip;\n","protected":false},"author":2,"featured_media":99365,"comment_status":"","ping_status":"","sticky":false,"template":"","format":"standard","meta":{"footnotes":""},"categories":[170],"tags":[517,634,146,147,25,24,184,185,31881,6744,23],"class_list":{"0":"post-99364","1":"post","2":"type-post","3":"status-publish","4":"format-standard","5":"has-post-thumbnail","7":"category-musica","8":"tag-actualidad","9":"tag-deporte","10":"tag-entertainment","11":"tag-entretenimiento","12":"tag-es","13":"tag-espana","14":"tag-music","15":"tag-musica","16":"tag-pilar-rubio","17":"tag-sergio-ramos","18":"tag-spain"},"share_on_mastodon":{"url":"","error":""},"_links":{"self":[{"href":"https:\/\/www.europesays.com\/es\/wp-json\/wp\/v2\/posts\/99364","targetHints":{"allow":["GET"]}}],"collection":[{"href":"https:\/\/www.europesays.com\/es\/wp-json\/wp\/v2\/posts"}],"about":[{"href":"https:\/\/www.europesays.com\/es\/wp-json\/wp\/v2\/types\/post"}],"author":[{"embeddable":true,"href":"https:\/\/www.europesays.com\/es\/wp-json\/wp\/v2\/users\/2"}],"replies":[{"embeddable":true,"href":"https:\/\/www.europesays.com\/es\/wp-json\/wp\/v2\/comments?post=99364"}],"version-history":[{"count":0,"href":"https:\/\/www.europesays.com\/es\/wp-json\/wp\/v2\/posts\/99364\/revisions"}],"wp:featuredmedia":[{"embeddable":true,"href":"https:\/\/www.europesays.com\/es\/wp-json\/wp\/v2\/media\/99365"}],"wp:attachment":[{"href":"https:\/\/www.europesays.com\/es\/wp-json\/wp\/v2\/media?parent=99364"}],"wp:term":[{"taxonomy":"category","embeddable":true,"href":"https:\/\/www.europesays.com\/es\/wp-json\/wp\/v2\/categories?post=99364"},{"taxonomy":"post_tag","embeddable":true,"href":"https:\/\/www.europesays.com\/es\/wp-json\/wp\/v2\/tags?post=99364"}],"curies":[{"name":"wp","href":"https:\/\/api.w.org\/{rel}","templated":true}]}}