{"id":99368,"date":"2025-09-07T13:22:13","date_gmt":"2025-09-07T13:22:13","guid":{"rendered":"https:\/\/www.europesays.com\/es\/99368\/"},"modified":"2025-09-07T13:22:13","modified_gmt":"2025-09-07T13:22:13","slug":"en-espana-sub-21-tienen-claro-como-definir-a-pablo-garcia-es-pura-energia","status":"publish","type":"post","link":"https:\/\/www.europesays.com\/es\/99368\/","title":{"rendered":"En Espa\u00f1a sub 21 tienen claro c\u00f3mo definir a Pablo Garc\u00eda: \u00abEs pura energ\u00eda\u00bb"},"content":{"rendered":"<p>David Gordo valora el f\u00fatbol del canterano b\u00e9tico, que debut\u00f3 con Espa\u00f1a marcando ante Chipre<\/p>\n<p><img fetchpriority=\"high\" class=\"voc-img\" src=\"https:\/\/www.europesays.com\/es\/wp-content\/uploads\/2025\/09\/david-gordo-sub-efe-RWAM13ErM2JuzXWzfsGGB5L-1200x840@diario_abc.jpg\" loading=\"eager\" decoding=\"async\" alt=\"El seleccionador de Espa\u00f1a sub 21, David Gordo, posa para una entrevista\" width=\"1200\" height=\"840\"\/><\/p>\n<p>El seleccionador de Espa\u00f1a sub 21, David Gordo, posa para una entrevista    efe  <\/p>\n<p><img decoding=\"async\" class=\"voc-author__img\" src=\"https:\/\/www.europesays.com\/es\/wp-content\/uploads\/2025\/07\/autor-3500-foto-3.png\" alt=\"Juan Arbide\"\/><\/p>\n<p>07\/09\/2025<br \/>\n<br \/><strong><br \/>\nActualizado a las 11:22h.<br \/>\n<\/strong><\/p>\n<p class=\"voc-p\" style=\"\">No olvidar\u00e1 f\u00e1cilmente <strong>Pablo Garc\u00eda<\/strong> lo ocurrido en su debut con la<strong> selecci\u00f3n espa\u00f1ola sub 21<\/strong>. Titular, triunfo y gol. El canterano del <strong>Betis<\/strong> cerr\u00f3 el marcador en el partido ante <strong>Chipre<\/strong> valedero para la fase de clasificaci\u00f3n a la pr\u00f3xima Eurocopa de la categor\u00eda.<\/p>\n<p class=\"voc-p\" style=\"\">El futbolista verdiblanco culmin\u00f3 un contragolpe en los \u00faltimos minutos de un encuentro que termin\u00f3 con el resultado de 3-0. Con velocidad y verticalidad, Pablo Garc\u00eda defini\u00f3 para marcar en el d\u00eda de su debut con la selecci\u00f3n espa\u00f1ola sub 21.<\/p>\n<p class=\"voc-p\" style=\"\">Preguntado por el futbolista b\u00e9tico, el nuevo seleccionador espa\u00f1ol sub 21, <strong>David Gordo<\/strong>, destac\u00f3 que <strong>\u00abPablo es energ\u00eda pura y lo transmite en todo, no s\u00f3lo jugando, en todo momento.<\/strong> En el desayuno, en la comida, en el autob\u00fas. Es pura energ\u00eda, como el resto de sus compa\u00f1eros\u00ab.<\/p>\n<p class=\"voc-p\" style=\"\">\u00abSon chicos muy j\u00f3venes, con muchas ganas de hacerse camino en el mundo del f\u00fatbol profesional, en la selecci\u00f3n espa\u00f1ola y la verdad es que es una gozada trabajar con todos ellos, cada uno con su personalidad. Tenemos un grupo con mucha energ\u00eda y algo muy importante, mucha hambre de conseguir cosas importantes\u00bb, a\u00f1adi\u00f3 el seleccionador espa\u00f1ol sub 21.<\/p>\n<p class=\"voc-p\" style=\"\">Los futbolistas y t\u00e9cnicos preparan ya el segundo encuentro de estos d\u00edas. Ser\u00e1 a domicilio ante Kosovo el pr\u00f3ximo martes 9 de septiembre.<\/p>\n<p>Reportar un error<\/p>\n","protected":false},"excerpt":{"rendered":"David Gordo valora el f\u00fatbol del canterano b\u00e9tico, que debut\u00f3 con Espa\u00f1a marcando ante Chipre El seleccionador de&hellip;\n","protected":false},"author":2,"featured_media":99369,"comment_status":"","ping_status":"","sticky":false,"template":"","format":"standard","meta":{"footnotes":""},"categories":[93],"tags":[7807,35350,168,5220,25,24,3142,618,27225,23,167,4039],"class_list":{"0":"post-99368","1":"post","2":"type-post","3":"status-publish","4":"format-standard","5":"has-post-thumbnail","7":"category-deportes","8":"tag-claro","9":"tag-definir","10":"tag-deportes","11":"tag-energia","12":"tag-es","13":"tag-espana","14":"tag-garcia","15":"tag-pablo","16":"tag-pura","17":"tag-spain","18":"tag-sports","19":"tag-sub"},"share_on_mastodon":{"url":"","error":""},"_links":{"self":[{"href":"https:\/\/www.europesays.com\/es\/wp-json\/wp\/v2\/posts\/99368","targetHints":{"allow":["GET"]}}],"collection":[{"href":"https:\/\/www.europesays.com\/es\/wp-json\/wp\/v2\/posts"}],"about":[{"href":"https:\/\/www.europesays.com\/es\/wp-json\/wp\/v2\/types\/post"}],"author":[{"embeddable":true,"href":"https:\/\/www.europesays.com\/es\/wp-json\/wp\/v2\/users\/2"}],"replies":[{"embeddable":true,"href":"https:\/\/www.europesays.com\/es\/wp-json\/wp\/v2\/comments?post=99368"}],"version-history":[{"count":0,"href":"https:\/\/www.europesays.com\/es\/wp-json\/wp\/v2\/posts\/99368\/revisions"}],"wp:featuredmedia":[{"embeddable":true,"href":"https:\/\/www.europesays.com\/es\/wp-json\/wp\/v2\/media\/99369"}],"wp:attachment":[{"href":"https:\/\/www.europesays.com\/es\/wp-json\/wp\/v2\/media?parent=99368"}],"wp:term":[{"taxonomy":"category","embeddable":true,"href":"https:\/\/www.europesays.com\/es\/wp-json\/wp\/v2\/categories?post=99368"},{"taxonomy":"post_tag","embeddable":true,"href":"https:\/\/www.europesays.com\/es\/wp-json\/wp\/v2\/tags?post=99368"}],"curies":[{"name":"wp","href":"https:\/\/api.w.org\/{rel}","templated":true}]}}