{"id":99376,"date":"2025-09-07T13:27:09","date_gmt":"2025-09-07T13:27:09","guid":{"rendered":"https:\/\/www.europesays.com\/es\/99376\/"},"modified":"2025-09-07T13:27:09","modified_gmt":"2025-09-07T13:27:09","slug":"el-gobernador-de-illinois-arremete-contra-la-falta-de-tacto-de-trump-en-redes-sociales-ante-la-represion-federal","status":"publish","type":"post","link":"https:\/\/www.europesays.com\/es\/99376\/","title":{"rendered":"El gobernador de Illinois arremete contra la falta de tacto de Trump en redes sociales ante la represi\u00f3n federal"},"content":{"rendered":"<p>\n  Por&amp;nbsp<b>Euronews<\/b>&amp;nbspcon&amp;nbsp<b>AP<\/b>\n<\/p>\n<p>\n         Publicado<br \/>\n            07\/09\/2025 &#8211; 12:42 CEST\n            <\/p>\n<p>          <img decoding=\"async\" class=\"c-ad__placeholder__logo\" src=\"https:\/\/static.euronews.com\/website\/images\/logos\/logo-euronews-stacked-outlined-72x72-grey-9.svg\" width=\"72\" height=\"72\" alt=\"\" loading=\"lazy\"\/><br \/>\n          PUBLICIDAD<\/p>\n<p><strong>El gobernador de Illinois<\/strong>, JB Pritzker, <strong>conden\u00f3 una publicaci\u00f3n en las redes sociales del presidente estadounidense<\/strong>, Donald Trump, en la que aparec\u00edan helic\u00f3pteros sobrevolando la ciudad de Chicago, con una <strong>foto de Trump con un sombrero de vaquero y llamas de fondo<\/strong>, as\u00ed como leyendas que dec\u00edan: \u00abMe encanta el olor de las deportaciones por la ma\u00f1ana\u00bb&#8230;, \u00abChicago a punto de descubrir por qu\u00e9 se llama Departamento de Guerra\u00bb y \u00abChipocalypse Now\u00bb.<\/p>\n<p>El Gobernador denunci\u00f3 el post, <strong>calificando de \u00abno normal\u00bb el mensaje de Trump amenazando con \u00abir a la guerra con una ciudad estadounidense\u00bb<\/strong>.<\/p>\n<p>Estallan protestas en Chicago y Washington DC<\/p>\n<p>La crudeza se produce despu\u00e9s de que miles de personas <a href=\"https:\/\/es.euronews.com\/2021\/04\/17\/otra-noche-de-protestas-en-chicago-y-minnesota-contra-la-violencia-policial\" rel=\"nofollow noopener\" target=\"_blank\">se manifestaran en Washington DC y Chicago<\/a> en protesta por el despliegue de tropas de la Guardia Nacional y agentes de inmigraci\u00f3n en ciudades gobernadas por dem\u00f3cratas. Tras las \u00f3rdenes de Trump, las autoridades federales se disponen a lanzar una importante <strong>acci\u00f3n de control de la inmigraci\u00f3n en Chicago<\/strong>.<\/p>\n<p>La decisi\u00f3n ha dejado preocupados a muchos residentes latinos, lo que ha llevado a algunos a guardar su documentaci\u00f3n encima, mientras que otros se lo est\u00e1n pensando mejor a la hora de celebrar abiertamente el pr\u00f3ximo <a href=\"https:\/\/es.euronews.com\/2022\/09\/16\/mexico-celebra-el-grito-de-independencia-con-mas-fuerza-tras-la-pandemia\" rel=\"nofollow noopener\" target=\"_blank\">D\u00eda de la Independencia de M\u00e9xico<\/a>.<\/p>\n<p>Aunque la incertidumbre sigue rodeando los detalles del plan de Trump, ya ha surgido una oposici\u00f3n que se extiende a los suburbios. <strong>L\u00edderes municipales y estatales han dicho que planean demandar a la administraci\u00f3n Trump<\/strong>.<\/p>\n<p>El mes pasado, Trump <a href=\"https:\/\/es.euronews.com\/2025\/08\/15\/trump-despliega-cientos-de-efectivos-de-la-guardia-nacional-de-eeuu-en-washington\" rel=\"nofollow noopener\" target=\"_blank\">despleg\u00f3 tropas en Washington DC como parte de su toma de control<\/a> sin precedentes de la capital del pa\u00eds por parte de las fuerzas del orden.<\/p>\n<p>En Washington DC, los manifestantes marcharon m\u00e1s de dos millas desde Meridian Hill Park hasta Freedom Plaza, cerca de la Casa Blanca, bajo el lema &#8216;END THE DC OCCUPATION&#8217; para condenar la cuarta semana de tropas de la Guardia Nacional y agentes federales patrullando las calles de DC.<\/p>\n<p>La protesta &#8216;Todos somos DC&#8217; parec\u00eda ser la manifestaci\u00f3n m\u00e1s organizada hasta ahora contra la intervenci\u00f3n federal de Trump en Washington. El presidente <strong>justific\u00f3 la acci\u00f3n el mes pasado como una forma de abordar la delincuencia<\/strong> y la falta de vivienda en la ciudad, a pesar de que los funcionarios de la ciudad han se\u00f1alado que el crimen violento es menor de lo que era durante el primer mandato de Trump. La presencia de tropas armadas en las calles ha tensado Washington y <a href=\"https:\/\/es.euronews.com\/video\/2025\/06\/12\/no-comment-manifestantes-se-movilizan-en-eeuu-contra-las-ordenes-militares-de-trump\" rel=\"nofollow noopener\" target=\"_blank\">ha provocado semanas de manifestaciones<\/a>, especialmente en los barrios de DC.<\/p>\n<p>Mark Fitzpatrick, un exdiplom\u00e1tico estadounidense que vive en DC desde hace unos diez a\u00f1os, dijo el s\u00e1bado que <strong>est\u00e1 preocupado por la \u00abnaturaleza autoritaria\u00bb de las acciones de la administraci\u00f3n<\/strong>, y agreg\u00f3 que es peor para los residentes porque carecen de representaci\u00f3n federal.<\/p>\n<p>\u00abNo tenemos nuestros propios senadores o miembros de la C\u00e1mara de Representantes, as\u00ed que <strong>estamos a merced de un dictador como este,<\/strong> un aspirante a dictador\u00bb, dijo.<\/p>\n<p>Trump se centr\u00f3 en DC despu\u00e9s de enviar a la Guardia Nacional a Los \u00c1ngeles a principios de este verano, mientras su administraci\u00f3n aumentaba la aplicaci\u00f3n de la ley de inmigraci\u00f3n e intentaba calmar las protestas. <strong>La Casa Blanca se dirigi\u00f3 entonces a Washington, dando a Trump la oportunidad de impulsar su agenda de mano dura<\/strong> contra el crimen porque la ciudad responde directamente al Gobierno federal. La orden de emergencia de Trump para tomar el control de la Polic\u00eda de DC finalizar\u00e1 el mi\u00e9rcoles.<\/p>\n","protected":false},"excerpt":{"rendered":"Por&amp;nbspEuronews&amp;nbspcon&amp;nbspAP Publicado 07\/09\/2025 &#8211; 12:42 CEST PUBLICIDAD El gobernador de Illinois, JB Pritzker, conden\u00f3 una publicaci\u00f3n en las&hellip;\n","protected":false},"author":2,"featured_media":99377,"comment_status":"","ping_status":"","sticky":false,"template":"","format":"standard","meta":{"footnotes":""},"categories":[42],"tags":[17,18,352,13,14,11,590,61,62,63,64,19,20,9,10,15,16,2315,12,21,22,65,66,67],"class_list":{"0":"post-99376","1":"post","2":"type-post","3":"status-publish","4":"format-standard","5":"has-post-thumbnail","7":"category-internacional","8":"tag-breaking-news","9":"tag-breakingnews","10":"tag-donald-trump","11":"tag-featured-news","12":"tag-featurednews","13":"tag-headlines","14":"tag-inmigracion","15":"tag-internacional","16":"tag-international","17":"tag-international-news","18":"tag-internationalnews","19":"tag-latest-news","20":"tag-latestnews","21":"tag-news","22":"tag-noticias","23":"tag-noticias-destacadas","24":"tag-noticiasdestacadas","25":"tag-protestas","26":"tag-titulares","27":"tag-ultimas-noticias","28":"tag-ultimasnoticias","29":"tag-world","30":"tag-world-news","31":"tag-worldnews"},"share_on_mastodon":{"url":"","error":""},"_links":{"self":[{"href":"https:\/\/www.europesays.com\/es\/wp-json\/wp\/v2\/posts\/99376","targetHints":{"allow":["GET"]}}],"collection":[{"href":"https:\/\/www.europesays.com\/es\/wp-json\/wp\/v2\/posts"}],"about":[{"href":"https:\/\/www.europesays.com\/es\/wp-json\/wp\/v2\/types\/post"}],"author":[{"embeddable":true,"href":"https:\/\/www.europesays.com\/es\/wp-json\/wp\/v2\/users\/2"}],"replies":[{"embeddable":true,"href":"https:\/\/www.europesays.com\/es\/wp-json\/wp\/v2\/comments?post=99376"}],"version-history":[{"count":0,"href":"https:\/\/www.europesays.com\/es\/wp-json\/wp\/v2\/posts\/99376\/revisions"}],"wp:featuredmedia":[{"embeddable":true,"href":"https:\/\/www.europesays.com\/es\/wp-json\/wp\/v2\/media\/99377"}],"wp:attachment":[{"href":"https:\/\/www.europesays.com\/es\/wp-json\/wp\/v2\/media?parent=99376"}],"wp:term":[{"taxonomy":"category","embeddable":true,"href":"https:\/\/www.europesays.com\/es\/wp-json\/wp\/v2\/categories?post=99376"},{"taxonomy":"post_tag","embeddable":true,"href":"https:\/\/www.europesays.com\/es\/wp-json\/wp\/v2\/tags?post=99376"}],"curies":[{"name":"wp","href":"https:\/\/api.w.org\/{rel}","templated":true}]}}