{"id":99382,"date":"2025-09-07T13:31:08","date_gmt":"2025-09-07T13:31:08","guid":{"rendered":"https:\/\/www.europesays.com\/es\/99382\/"},"modified":"2025-09-07T13:31:08","modified_gmt":"2025-09-07T13:31:08","slug":"cartagena-hermoso-de-mendoza-y-sergio-perez-abren-el-abono-taurino","status":"publish","type":"post","link":"https:\/\/www.europesays.com\/es\/99382\/","title":{"rendered":"Cartagena, Hermoso de Mendoza y Sergio P\u00e9rez abren el abono taurino"},"content":{"rendered":"<p>De un modo inverso al habitual y con soluci\u00f3n de continuidad da inicio la feria taurina de Nuestra Se\u00f1ora de San Lorenzo. El festejo con  &#8230; el que habitualmente se cerraba el abono, la corrida de rejones, servir\u00e1 como arranque del ciclo este domingo. Y, tras este espect\u00e1culo, habr\u00e1 que esperar hasta el siguiente jueves, 11 de septiembre, fecha en la que continuar\u00e1 la programaci\u00f3n de la feria, con la primera de las cuatro corridas de toros que completan el serial, en las que aparecen Morante de la Puebla, que ya ha regresado a los ruedos tras sufrir una cornada en Pontevedra, y Roca Rey como principal atractivo para los aficionados. Y ambos, junto en un mismo cartel, la tarde del viernes 12, junto con Marco P\u00e9rez, el joven matador salmantino.<\/p>\n<p class=\"v-p\">El cartel de este primer festejo lo componen el alicantino Andy Cartagena, el navarro Guillermo Hermoso de Mendoza y el salmantino Sergio P\u00e9rez de Gregorio, torero a caballo al que apodera Alberto Garc\u00eda Buj, a la saz\u00f3n dirigente m\u00e1ximo y administrador \u00fanico de la mercantil Tauroemoci\u00f3n, empresa que gestiona el coso del paseo de Zorrillla. As\u00ed, la terna incorpora el toreo a la jineta del ya veterano Cartagena, siempre espectacular y efectista, el clasicismo de Guillermo Hermoso de Mendoza, continuador de la l\u00ednea entonces vanguardista sin dejar de ser ortodoxa de su padre, Pablo, y el entusiasmo del joven P\u00e9rez de Gregorio, que en su a\u00fan corta trayectoria en los ruedos ya ha dejado muestras de su val\u00eda y progresi\u00f3n.<\/p>\n<p>Reses de la Casa Capea<\/p>\n<p class=\"v-p\">En el apartado ganadero, se lidiar\u00e1n reses de la Casa Capea, con sus tres hierros denominados San Pelayo, Carmen Lorenzo y Capea, todos ellos nutridos con sangre Murube-Urquijo, la preferida por los toreros a caballo, sabedores de su adecuado tranco r\u00edtmico regular, siempre a la cola del caballo y de exquisita nobleza.<\/p>\n<p class=\"v-p\">Tras el pase\u00edllo y antes de la lidia del primer astado, se har\u00e1 entrega a Sergio P\u00e9rez de Gregorio del trofeo como triunfador del festejo de rejones de la feria taurina de Valladolid del pasado a\u00f1o 2024. La entrega correr\u00e1 a cargo del presidente de la Federaci\u00f3n de Caballistas de Castilla y Le\u00f3n, \u00c1ngel Capell\u00e1n.<\/p>\n<p class=\"v-p\">La marcha en la venta de abonos est\u00e1 respondiendo con la misma intensidad, o quiz\u00e1 superior, que la pasada temporada, y para la corrida del viernes 12, con Morante, Roca Rey y Marco P\u00e9rez se espera colgar el cartel de &#8216;No hay billetes&#8217; en la taquilla.<\/p>\n","protected":false},"excerpt":{"rendered":"De un modo inverso al habitual y con soluci\u00f3n de continuidad da inicio la feria taurina de Nuestra&hellip;\n","protected":false},"author":2,"featured_media":99383,"comment_status":"","ping_status":"","sticky":false,"template":"","format":"standard","meta":{"footnotes":""},"categories":[277],"tags":[5227,12872,373,4995,168,25,24,5980,9142,738,2139,23,167,4953,374],"class_list":{"0":"post-99382","1":"post","2":"type-post","3":"status-publish","4":"format-standard","5":"has-post-thumbnail","7":"category-toreo","8":"tag-abono","9":"tag-abren","10":"tag-bullfighting","11":"tag-cartagena","12":"tag-deportes","13":"tag-es","14":"tag-espana","15":"tag-hermoso","16":"tag-mendoza","17":"tag-perez","18":"tag-sergio","19":"tag-spain","20":"tag-sports","21":"tag-taurino","22":"tag-toreo"},"share_on_mastodon":{"url":"","error":""},"_links":{"self":[{"href":"https:\/\/www.europesays.com\/es\/wp-json\/wp\/v2\/posts\/99382","targetHints":{"allow":["GET"]}}],"collection":[{"href":"https:\/\/www.europesays.com\/es\/wp-json\/wp\/v2\/posts"}],"about":[{"href":"https:\/\/www.europesays.com\/es\/wp-json\/wp\/v2\/types\/post"}],"author":[{"embeddable":true,"href":"https:\/\/www.europesays.com\/es\/wp-json\/wp\/v2\/users\/2"}],"replies":[{"embeddable":true,"href":"https:\/\/www.europesays.com\/es\/wp-json\/wp\/v2\/comments?post=99382"}],"version-history":[{"count":0,"href":"https:\/\/www.europesays.com\/es\/wp-json\/wp\/v2\/posts\/99382\/revisions"}],"wp:featuredmedia":[{"embeddable":true,"href":"https:\/\/www.europesays.com\/es\/wp-json\/wp\/v2\/media\/99383"}],"wp:attachment":[{"href":"https:\/\/www.europesays.com\/es\/wp-json\/wp\/v2\/media?parent=99382"}],"wp:term":[{"taxonomy":"category","embeddable":true,"href":"https:\/\/www.europesays.com\/es\/wp-json\/wp\/v2\/categories?post=99382"},{"taxonomy":"post_tag","embeddable":true,"href":"https:\/\/www.europesays.com\/es\/wp-json\/wp\/v2\/tags?post=99382"}],"curies":[{"name":"wp","href":"https:\/\/api.w.org\/{rel}","templated":true}]}}