{"id":99421,"date":"2025-09-07T13:58:07","date_gmt":"2025-09-07T13:58:07","guid":{"rendered":"https:\/\/www.europesays.com\/es\/99421\/"},"modified":"2025-09-07T13:58:07","modified_gmt":"2025-09-07T13:58:07","slug":"la-vuelta-a-espana-2025-en-directo-hoy-la-etapa-15","status":"publish","type":"post","link":"https:\/\/www.europesays.com\/es\/99421\/","title":{"rendered":"La Vuelta a Espa\u00f1a 2025, en directo hoy la Etapa 15"},"content":{"rendered":"<p>La <strong>Vuelta Ciclista a Espa\u00f1a<\/strong> 2025 digiere el atrac\u00f3n de monta\u00f1a en Asturias con una jornada dominical que llevar\u00e1 a la caravana ciclista a Galicia. Lo viviremos en directo a trav\u00e9s de Teledeporte, La 2 (16:15h.) y RTVE Play a partir de las 14:45 horas.<\/p>\n<p>Marc Soler (UAE) anot\u00f3 la tercera victoria espa\u00f1ola en la Vuelta con una heroica e \u00abinesperada\u00bb escapada que le permiti\u00f3 cruzar la meta de La Farrapona en solitario, celebrando el cumplea\u00f1os de su mujer, besando las pulseras de su mu\u00f1eca derecha, y haciendo in\u00fatil la persecuci\u00f3n del grupo de favoritos.<\/p>\n<p>El l\u00edder, Jonas Vingegaard, ara\u00f1\u00f3 dos segundos m\u00e1s a Joao Almeida al imponerse y concluir segundo.<\/p>\n<p>Etapa 15 de la Vuelta a Espa\u00f1a 2025: perfil y recorrido<\/p>\n<p>La decimoquinta etapa de La Vuelta tiene catalogaci\u00f3n de media monta\u00f1a y acumula un desnivel de m\u00e1s de 3.200 metros en sus 167 km de recorrido, lo que da una idea de lo sinuoso y escarpado del terreno que espera al pelot\u00f3n. La salida es a nivel del mar en A Veiga \/ Vegadeo, en la frontera de Asturias con Galicia, que se estrena como ciudad de inicio de la ronda espa\u00f1ola. Nada m\u00e1s salir se afronta una subida de primera categor\u00eda al Puerto de A Garganta, cuya cima est\u00e1 a 16,5 km de Vegadeo s\u00f3lamente. Dicha ascensi\u00f3n marca la primera mitad de la etapa con constantes subidas y bajadas, incluyendo una de segunda categor\u00eda en el Alto de Barbeitos en el km 42,8. El terreno sinuoso se mantiene hasta el km 98,1 en Castroverde. De ah\u00ed hasta el final el perfil se suaviza un tanto y la carretera es descendente, con alguna leve subida a pocos km de la meta en Monforte, que ejerce de meta por segunda vez en La Vuelta desde su estreno en 2021. <\/p>\n<p>Seg\u00fan el director t\u00e9cnico de La Vuelta, el exciclista <strong>Fernando Escart\u00edn: <\/strong>\u00abUna jornada de media monta\u00f1a en la siempre sinuosa Galicia. Terreno muy duro durante todo el d\u00eda y, aunque los equipos de los sprinters traten de controlar, los escapados o alg\u00fan valiente que ataque en los kil\u00f3metros finales podr\u00eda tener sus opciones\u00bb.<\/p>\n","protected":false},"excerpt":{"rendered":"La Vuelta Ciclista a Espa\u00f1a 2025 digiere el atrac\u00f3n de monta\u00f1a en Asturias con una jornada dominical que&hellip;\n","protected":false},"author":2,"featured_media":97256,"comment_status":"","ping_status":"","sticky":false,"template":"","format":"standard","meta":{"footnotes":""},"categories":[273],"tags":[313,312,168,25,24,23,167],"class_list":{"0":"post-99421","1":"post","2":"type-post","3":"status-publish","4":"format-standard","5":"has-post-thumbnail","7":"category-ciclismo","8":"tag-ciclismo","9":"tag-cycling","10":"tag-deportes","11":"tag-es","12":"tag-espana","13":"tag-spain","14":"tag-sports"},"share_on_mastodon":{"url":"","error":""},"_links":{"self":[{"href":"https:\/\/www.europesays.com\/es\/wp-json\/wp\/v2\/posts\/99421","targetHints":{"allow":["GET"]}}],"collection":[{"href":"https:\/\/www.europesays.com\/es\/wp-json\/wp\/v2\/posts"}],"about":[{"href":"https:\/\/www.europesays.com\/es\/wp-json\/wp\/v2\/types\/post"}],"author":[{"embeddable":true,"href":"https:\/\/www.europesays.com\/es\/wp-json\/wp\/v2\/users\/2"}],"replies":[{"embeddable":true,"href":"https:\/\/www.europesays.com\/es\/wp-json\/wp\/v2\/comments?post=99421"}],"version-history":[{"count":0,"href":"https:\/\/www.europesays.com\/es\/wp-json\/wp\/v2\/posts\/99421\/revisions"}],"wp:featuredmedia":[{"embeddable":true,"href":"https:\/\/www.europesays.com\/es\/wp-json\/wp\/v2\/media\/97256"}],"wp:attachment":[{"href":"https:\/\/www.europesays.com\/es\/wp-json\/wp\/v2\/media?parent=99421"}],"wp:term":[{"taxonomy":"category","embeddable":true,"href":"https:\/\/www.europesays.com\/es\/wp-json\/wp\/v2\/categories?post=99421"},{"taxonomy":"post_tag","embeddable":true,"href":"https:\/\/www.europesays.com\/es\/wp-json\/wp\/v2\/tags?post=99421"}],"curies":[{"name":"wp","href":"https:\/\/api.w.org\/{rel}","templated":true}]}}