{"id":99465,"date":"2025-09-07T14:24:08","date_gmt":"2025-09-07T14:24:08","guid":{"rendered":"https:\/\/www.europesays.com\/es\/99465\/"},"modified":"2025-09-07T14:24:08","modified_gmt":"2025-09-07T14:24:08","slug":"athletic-club-barcelona-en-directo-resultado-y-goles-del-partido-de-la-liga-f-sport","status":"publish","type":"post","link":"https:\/\/www.europesays.com\/es\/99465\/","title":{"rendered":"Athletic Club &#8211; Barcelona, en directo: resultado y goles del partido de la Liga F &#8211; SPORT"},"content":{"rendered":"<ol>\n<li><a href=\"https:\/\/news.google.com\/rss\/articles\/CBMivgFBVV95cUxORDAyV21DaGROaTNvMmIxNXB4enpMZnBkTzA3VFNfeDJVQng1S3F4SG1UZlNUekhQSVRSQ1JEZ2NmVVZqODkySTc4ZXBVTWtISGE1RDFIY25RdGVkYWZ1ZGptX0ktM1g4b0pDMDF6d0hHVUxOcGVRMllJNUllZ2piYWlfTWZJdDBIdEt5amxsMEczeVVmZ3ZKQ1hrY3g2QkhXTHAwTnNIaHAwd3lGZEN3NEFXS2tNRWUtc0I1RTVB0gG-AUFVX3lxTFAzN0Q5WlVlVFZabWRCeUxQRTV3TF9tdlQ3cE8xNzFvMWI1ZHhEbGU2NkJ0LXZ1ZVhpZjl3NWd5dUhPOTZMOERZZi1FQ09rdmU5RnFnUDQ5ZUhSeUJhU19DR0d3RGU0c3N6RktqcENGMHU4NVJJbWlPbzBWcDdUZUxYZjlfN09oakpvUVk3TGRscjBmbm1TVlR6bFpMcmI2bmVaeWZsZGlGcGZRbjkxZkZsQmpHancyU0hSbE9vSEE?oc=5\" target=\"_blank\" rel=\"nofollow noopener\">Athletic Club &#8211; Barcelona, en directo: resultado y goles del partido de la Liga F<\/a>&nbsp;&nbsp;SPORT<\/li>\n<li><a href=\"https:\/\/news.google.com\/rss\/articles\/CBMi5AFBVV95cUxQMEFTanpraF9FaHN6RHpyRFpodG56dEp3RHF0bHYzTmZfVmdtTUcyRnhWek54MWtmQXNlQ0pvVEtCZXRINlZHRTdkUmdNclJ1THUxRXFrbUJhQXBwTkNBWjkzdjVCRnhiUVVLaVN6M3ZCMUE1MDZ0UXhtRG40UjF1T0ZTV09fTHFRcmR6MmlzeXBCSjI3aWhnS09HQy1KS3JRaVhiak9BcDVDaEw3Mi02UW5aVV8wNWNYbzZoUkRLR2ZxNENydVVWVmp4YURiVTVHTW1fZnptYjZ6QTVIdHU0N1JCdHA?oc=5\" target=\"_blank\" rel=\"nofollow noopener\">Athletic vs Barcelona gratis de Liga F 2025\/26: cu\u00e1ndo se juega, horario y canal de TV de f\u00fatbol femenino en Espa\u00f1a<\/a>&nbsp;&nbsp;DAZN<\/li>\n<li><a href=\"https:\/\/news.google.com\/rss\/articles\/CBMitwFBVV95cUxPVDNDbG8yTGk3dE9tZ2M2cnQ4Ynl3XzltWXBCbFN1Y3BZQTR6ZG1oN0tqWnBNYjFrWVB6RmdCVEdxWnNCMVZVRl9FZU9HcE1UVjRVcU1xUmN6ZWstajV2bFlCRDl2bXRJc3p3QXRYWmo3MGdaTHRwU3YyZl9HemR0V0JJS05Nd2pJSXNoS2FJRG45NXFiWWlZUU5pWEIxMlNjaXljMnBzU0FQRFotTzFmalpld3VEclk?oc=5\" target=\"_blank\" rel=\"nofollow noopener\">El Bar\u00e7a se exhibe, golea y demuestra que tiene cuerda para rato<\/a>&nbsp;&nbsp;Mundo Deportivo<\/li>\n<li><a href=\"https:\/\/news.google.com\/rss\/articles\/CBMiigFBVV95cUxPbVdjWmNrLXhid0oydVNQVWo1WGVwTDNzV2ZzTWlaT0k5VnVfTUkxdVN4WDZKS1FhZG94ZkRNR3B6Wm1uZkdfbmI2OV9qUEJXQlN6NnFLSWVIMjNQeHNrblFBNFdEZngxbHRMZHRJb1k2NGN5MWJrWmRuamV0aGhDOVpQYktkM3hEd2fSAZ4BQVVfeXFMUERSWWI3OGNzWVlXQ0o3akFuT2FiVDlSX0tDSndHMG9tbE1MX2JCc0dFbEo2NWxVbXhFaGZ3RlBfZGl1NkVHT2Q4NDd2TVVuc2lRZzFNOXZoY2JtX1h3NGNpNExHZUFlbHJVU3JiOERKLUJSN0NuQ3huVE1SbjJMQ3ZmaWdiVWlJNUo3bHNaeXJYcFp0UTVPVFowTFRjTlE?oc=5\" target=\"_blank\" rel=\"nofollow noopener\">San Mam\u00e9s pone a prueba a un Bar\u00e7a con notables ausencias<\/a>&nbsp;&nbsp;Diario AS<\/li>\n<li><a href=\"https:\/\/news.google.com\/rss\/articles\/CBMinwFBVV95cUxQZ2lRVHVFMVdDazBhVGRnQ3dIUFJVb1Vja2UzVXE2SUE4a3VpM1lHQzFLNHlQbTRJNUtXUWQwVE5lcXpJQVJ6cHVTZ2ZWOFRvWXdNV2NNUnM1WWp1NHkwNkgyTG5FamNucUNIYXlZWnVValY0aUp2TVNNWld2aUEydlhlZElQZTJsTzRpdFlXbld0cEhKS3A2MXcwdHVJX2c?oc=5\" target=\"_blank\" rel=\"nofollow noopener\">El Bar\u00e7a se pasea en San Mam\u00e9s<\/a>&nbsp;&nbsp;La Vanguardia<\/li>\n<\/ol>\n","protected":false},"excerpt":{"rendered":"Athletic Club &#8211; Barcelona, en directo: resultado y goles del partido de la Liga F&nbsp;&nbsp;SPORT Athletic vs Barcelona&hellip;\n","protected":false},"author":2,"featured_media":99466,"comment_status":"","ping_status":"","sticky":false,"template":"","format":"standard","meta":{"footnotes":""},"categories":[268],"tags":[2182,210,1798,168,2125,25,24,4649,280,282,5815,5814,281,23,167],"class_list":{"0":"post-99465","1":"post","2":"type-post","3":"status-publish","4":"format-standard","5":"has-post-thumbnail","7":"category-futbol","8":"tag-athletic","9":"tag-barcelona","10":"tag-club","11":"tag-deportes","12":"tag-directo","13":"tag-es","14":"tag-espana","15":"tag-femenino","16":"tag-football","17":"tag-futbol","18":"tag-goles","19":"tag-resultado","20":"tag-soccer","21":"tag-spain","22":"tag-sports"},"share_on_mastodon":{"url":"","error":""},"_links":{"self":[{"href":"https:\/\/www.europesays.com\/es\/wp-json\/wp\/v2\/posts\/99465","targetHints":{"allow":["GET"]}}],"collection":[{"href":"https:\/\/www.europesays.com\/es\/wp-json\/wp\/v2\/posts"}],"about":[{"href":"https:\/\/www.europesays.com\/es\/wp-json\/wp\/v2\/types\/post"}],"author":[{"embeddable":true,"href":"https:\/\/www.europesays.com\/es\/wp-json\/wp\/v2\/users\/2"}],"replies":[{"embeddable":true,"href":"https:\/\/www.europesays.com\/es\/wp-json\/wp\/v2\/comments?post=99465"}],"version-history":[{"count":0,"href":"https:\/\/www.europesays.com\/es\/wp-json\/wp\/v2\/posts\/99465\/revisions"}],"wp:featuredmedia":[{"embeddable":true,"href":"https:\/\/www.europesays.com\/es\/wp-json\/wp\/v2\/media\/99466"}],"wp:attachment":[{"href":"https:\/\/www.europesays.com\/es\/wp-json\/wp\/v2\/media?parent=99465"}],"wp:term":[{"taxonomy":"category","embeddable":true,"href":"https:\/\/www.europesays.com\/es\/wp-json\/wp\/v2\/categories?post=99465"},{"taxonomy":"post_tag","embeddable":true,"href":"https:\/\/www.europesays.com\/es\/wp-json\/wp\/v2\/tags?post=99465"}],"curies":[{"name":"wp","href":"https:\/\/api.w.org\/{rel}","templated":true}]}}